{"id":13409,"date":"2020-05-11T09:00:22","date_gmt":"2020-05-11T07:00:22","guid":{"rendered":"http:\/\/agora.xtec.cat\/ceiptarra\/?p=13409"},"modified":"2020-05-09T14:19:33","modified_gmt":"2020-05-09T12:19:33","slug":"tasques-setmana-de-l11-al-15-de-maig-3","status":"publish","type":"post","link":"https:\/\/agora.xtec.cat\/ceiptarra\/primaria\/cicle-superior\/5e\/tasques-setmana-de-l11-al-15-de-maig-3\/","title":{"rendered":"Tasques setmana de l&#8217;11 al 15 de maig"},"content":{"rendered":"<p>Bon dia a tothom!!! \ud83d\ude1b<\/p>\n<p>Com esteu? Qu\u00e8 tal la primera setmana de maig? Heu gaudit molt de les passejades al Sol??<\/p>\n<p>En primer lloc vol\u00edem felicitar-vos per la gran tasca que esteu fent. Esteu treballant de valent i esteu aprenent molt de noves tecnologies. Ens agrada molt veure-us a les videoconfer\u00e8ncies i la participaci\u00f3 tan gran que estan tenint. Molt b\u00e9 nois i noies! Sou meravellosos!! \ud83d\ude09<\/p>\n<p>Aqu\u00ed teniu les propostes d&#8217;aquesta setmana.<\/p>\n<p><span style=\"color: #ffff00;\"><strong>CATAL\u00c0<\/strong><\/span><\/p>\n<p><span style=\"color: #000000;\">\u00c9s hora de comen\u00e7ar a preparar <strong>l&#8217;exposici\u00f3 oral<\/strong> del tercer trimestre!<\/span><\/p>\n<p>Us recordem qu\u00e8 ha de tenir la vostra exposici\u00f3:<\/p>\n<ul>\n<li><span style=\"color: #000000;\">\u00a0El tema \u00e9s lliure, per\u00f2 recordeu de no complicar-vos i parleu d&#8217;un tema que us sigui f\u00e0cil i c\u00f2mode.<\/span><\/li>\n<li>El temps m\u00e0xim ha de ser de dos minuts.<\/li>\n<li>Recordeu que el contingut \u00e9s important; per\u00f2 tamb\u00e9 el to de veu, la gesticulaci\u00f3, la posici\u00f3 corporal&#8230;<\/li>\n<\/ul>\n<p>Graveu les vostres exposicions en v\u00eddeo i envieu-les, com a m\u00e0xim, <strong>el 24 de maig.<\/strong><\/p>\n<p>&nbsp;<\/p>\n<p>&nbsp;<\/p>\n<p>Us deixem un <a href=\"http:\/\/www.xtec.cat\/~mgil2243\/material\/pascual.htm\">enlla\u00e7<\/a> on trobar\u00e0s <strong>30 petites comprensions lectores interactives<\/strong>. Es tracta de llegir-les, contestar les preguntes online i comprovar els encerts.<\/p>\n<p>No cal fer-les totes, ves al teu ritme. Com a m\u00ednim haur\u00e0s de fer 5 i com a m\u00e0xim les que tu vulguis. Pots fer una o dos cada dia per exemple&#8230; \u00c0nims!!<\/p>\n<p>&nbsp;<\/p>\n<p>&nbsp;<\/p>\n<p><strong><span style=\"color: #800080;\">CASTELLANO\/VALORS<\/span><\/strong><\/p>\n<p>Mirar el siguiente v\u00eddeo:<\/p>\n<p>https:\/\/www.youtube.com\/watch?v=_RP1GsCyoAE<\/p>\n<p>&nbsp;<\/p>\n<p>En vuestra libreta de castellano o en una hoja, haz un resumen de unas 5 o 6 l\u00edneas. Tambi\u00e9n puedes explicar qu\u00e9 nos ha querido ense\u00f1ar este v\u00eddeo y dar tu opini\u00f3n personal.<\/p>\n<p>Recordar, como siempre, hacer una revisi\u00f3n: de los aspectos formales (presentaci\u00f3n), la coherencia, la puntuaci\u00f3n y las faltas de ortografia.<\/p>\n<p>Nos pod\u00e9is enviar los res\u00famenes hasta el <strong>17 de mayo.<\/strong><\/p>\n<p>&nbsp;<\/p>\n<p><span style=\"color: #ff0000;\"><strong>ENGLISH<\/strong><\/span><\/p>\n<p><span style=\"font-weight: 400;\">This week we are going to learn vocabulary about places that we can find in a town or a city.<\/span><\/p>\n<p><span style=\"font-weight: 400;\">To start, here you have 2 flashcards with vocabulary to learn:<\/span><\/p>\n<p><a href=\"https:\/\/learnenglishkids.britishcouncil.org\/sites\/kids\/files\/attachment\/flashcards-places-in-a-town.pdf\"><span style=\"font-weight: 400;\">school library cinema theatre<\/span><\/a><span style=\"font-weight: 400;\">\u00a0<\/span><\/p>\n<p><a href=\"https:\/\/learnenglishkids.britishcouncil.org\/sites\/kids\/files\/attachment\/flashcards-shops.pdf\"><span style=\"font-weight: 400;\">shop toy shop<\/span><\/a><\/p>\n<p>&nbsp;<\/p>\n<p><span style=\"font-weight: 400;\">Once you have learned the vocabulary, do these activities:\u00a0<\/span><\/p>\n<p><a href=\"https:\/\/learnenglishkids.britishcouncil.org\/word-games\/places-town-1\"><b>Places in town 1<\/b><\/a><\/p>\n<p><a href=\"https:\/\/learnenglishkids.britishcouncil.org\/word-games\/places-town-2\"><b>Places in town 2<\/b><\/a><\/p>\n<p><a href=\"https:\/\/agora.xtec.cat\/ceiptarra\/wp-content\/uploads\/usu1004\/2020\/05\/english-1.jpg\"><img loading=\"lazy\" decoding=\"async\" class=\"alignnone size-full wp-image-13416\" src=\"https:\/\/agora.xtec.cat\/ceiptarra\/wp-content\/uploads\/usu1004\/2020\/05\/english-1.jpg\" alt=\"\" width=\"623\" height=\"602\" srcset=\"https:\/\/agora.xtec.cat\/ceiptarra\/wp-content\/uploads\/usu1004\/2020\/05\/english-1.jpg 623w, https:\/\/agora.xtec.cat\/ceiptarra\/wp-content\/uploads\/usu1004\/2020\/05\/english-1-300x290.jpg 300w\" sizes=\"auto, (max-width: 623px) 100vw, 623px\" \/><\/a><\/p>\n<p><span style=\"font-weight: 400;\">Please send me the activities before : <strong>Sunday the 17th of May, 2020<\/strong><\/span><\/p>\n<p>&nbsp;<\/p>\n<p><span style=\"color: #003366;\"><b>MATES<\/b><\/span><\/p>\n<p><span style=\"font-weight: 400;\">Aquesta setmana anem a repassar els problemes del Quinzet, per\u00f2 ho farem d\u2019una manera m\u00e9s divertida. Amb el <strong>Kahoot!<\/strong><\/span><\/p>\n<p><span style=\"font-weight: 400;\">Per jugar al Kahoot ho has de fer a trav\u00e9s de <\/span><a href=\"http:\/\/www.kahoot.it\"><span style=\"font-weight: 400;\">www.kahoot.it<\/span><\/a><span style=\"font-weight: 400;\"> i insertar el codi <\/span><b>07736202.<\/b><span style=\"font-weight: 400;\">\u00a0<\/span><\/p>\n<p><span style=\"font-weight: 400;\">Tamb\u00e9 ho pots fer clicant en aquest\u00a0<a href=\"https:\/\/kahoot.it\/challenge\/07736202?challenge-id=7709be18-1ea6-45ef-bece-134a6ca644c2_1588156056740\">enlla\u00e7<\/a><\/span><\/p>\n<p><span style=\"font-weight: 400;\">Et demanar\u00e0 que posis el teu nom. <\/span><span style=\"font-weight: 400;\">Si us plau, <strong>poseu el vostre nom i classe<\/strong>. Per exemple: Ana 5\u00e8A. D&#8217;aquesta manera podrem veure com i qui ha contestat als problemes.<\/span><\/p>\n<p>&nbsp;<\/p>\n<p><b>Mesura: Capacitats<\/b><\/p>\n<p><span style=\"font-weight: 400;\">Recordeu com fem als racons de mates el transvasament d\u2019aigua entre recipients de diferents capacitats?<a href=\"https:\/\/agora.xtec.cat\/ceiptarra\/wp-content\/uploads\/usu1004\/2020\/05\/Captura-1.jpg\"><img loading=\"lazy\" decoding=\"async\" class=\"alignnone size-full wp-image-13418\" src=\"https:\/\/agora.xtec.cat\/ceiptarra\/wp-content\/uploads\/usu1004\/2020\/05\/Captura-1.jpg\" alt=\"\" width=\"719\" height=\"383\" srcset=\"https:\/\/agora.xtec.cat\/ceiptarra\/wp-content\/uploads\/usu1004\/2020\/05\/Captura-1.jpg 719w, https:\/\/agora.xtec.cat\/ceiptarra\/wp-content\/uploads\/usu1004\/2020\/05\/Captura-1-300x160.jpg 300w\" sizes=\"auto, (max-width: 719px) 100vw, 719px\" \/><\/a><\/span><\/p>\n<p>&nbsp;<\/p>\n<p><span style=\"font-weight: 400;\">Per exemple, pod\u00edem comprovar que amb tres ampolles de 50cl (omplint tres cops la mateixa ampolla) pod\u00edem omplir la de 1,5l.<\/span><\/p>\n<p><span style=\"font-weight: 400;\">50cl s\u00f3n 500ml<\/span><\/p>\n<p><span style=\"font-weight: 400;\">1,5l s\u00f3n 1500ml<\/span><\/p>\n<p><span style=\"font-weight: 400;\">\u00a0<\/span><span style=\"font-weight: 400;\">B\u00e9, doncs ha arribat el moment posar-se a buscar recipients per casa i fer equival\u00e8ncies. Penja una foto al padlet on mostris que has trobat com a m\u00ednim una equival\u00e8ncia. No m\u2019hi valen coses senzilles&#8230;a veure qui troba la m\u00e9s dif\u00edcil!<\/span><\/p>\n<p>&nbsp;<\/p>\n<p><b><span style=\"color: #008000;\">MEDI<\/span>\u00a0<\/b><\/p>\n<p><span style=\"font-weight: 400;\">Recordeu el v\u00eddeo sobre &#8220;la defensa del nostre cos contra els virus i bacteris &#8220;de la setmana passada? Us proposem<\/span><b> fer un c\u00f2mic <\/b><span style=\"font-weight: 400;\">en un full, amb un m\u00ednim de sis vinyetes, a partir de la informaci\u00f3 que dona el video.\u00a0<\/span><\/p>\n<p><b>Segueix aquesta pauta i far\u00e0s un c\u00f2mic molt professional \u00a1!!<\/b><\/p>\n<ol>\n<li><span style=\"font-weight: 400;\"> &#8211; Decideix quins s\u00f3n els personatges<\/span><\/li>\n<\/ol>\n<p><span style=\"font-weight: 400;\">2.- Pensa quines aventures passen?<\/span><\/p>\n<p><span style=\"font-weight: 400;\">3.- On passa? En quin lloc?<\/span><\/p>\n<p><span style=\"font-weight: 400;\">4.- Quantes vinyetes necessitar\u00e0s ? (entre 6 i 9 estaria b\u00e9)<\/span><\/p>\n<p><span style=\"font-weight: 400;\">5.- Fem servir <\/span><b>bafarades <\/b><span style=\"font-weight: 400;\">per indicar el que diu o pensa cadasc\u00fa, tamb\u00e9 pots fer servir les seg\u00fcents <\/span><b>onomatopeies (sons i sorolls)<\/b><\/p>\n<p><a href=\"https:\/\/agora.xtec.cat\/ceiptarra\/wp-content\/uploads\/usu1004\/2020\/05\/comic.jpg\"><img loading=\"lazy\" decoding=\"async\" class=\"alignnone size-full wp-image-13419\" src=\"https:\/\/agora.xtec.cat\/ceiptarra\/wp-content\/uploads\/usu1004\/2020\/05\/comic.jpg\" alt=\"\" width=\"474\" height=\"199\" srcset=\"https:\/\/agora.xtec.cat\/ceiptarra\/wp-content\/uploads\/usu1004\/2020\/05\/comic.jpg 474w, https:\/\/agora.xtec.cat\/ceiptarra\/wp-content\/uploads\/usu1004\/2020\/05\/comic-300x126.jpg 300w\" sizes=\"auto, (max-width: 474px) 100vw, 474px\" \/><\/a><\/p>\n<p><b>No t\u2019oblidis de inventar un t\u00edtol pel teu c\u00f2mic.<\/b><\/p>\n<p><span style=\"font-weight: 400;\">Per ajudar-te us deixem un <a href=\"https:\/\/webdelmaestro.com\/como-hacer-un-comic\/\">enlla\u00e7<\/a> amb <\/span><b>\u00a0informaci\u00f3, exemples i uns v\u00eddeos <\/b><span style=\"font-weight: 400;\">sobre<\/span> <span style=\"font-weight: 400;\">com fer un c\u00f2mic:<\/span><\/p>\n<p>&nbsp;<\/p>\n<div class=\"ast-oembed-container \" style=\"height: 100%;\"><iframe loading=\"lazy\" title=\"\u00bfQu\u00e9 son las Historietas? \u00bfC\u00f3mo se leen? | Videos Educativos Aula365\" width=\"500\" height=\"281\" src=\"https:\/\/www.youtube.com\/embed\/eKnQOsfHeDU?feature=oembed\" frameborder=\"0\" allow=\"accelerometer; autoplay; clipboard-write; encrypted-media; gyroscope; picture-in-picture; web-share\" referrerpolicy=\"strict-origin-when-cross-origin\" allowfullscreen><\/iframe><\/div>\n<div class=\"ast-oembed-container \" style=\"height: 100%;\"><iframe loading=\"lazy\" title=\"Elementos del c\u00f3mic\" width=\"500\" height=\"375\" src=\"https:\/\/www.youtube.com\/embed\/4xJhwH8bfFc?feature=oembed\" frameborder=\"0\" allow=\"accelerometer; autoplay; clipboard-write; encrypted-media; gyroscope; picture-in-picture; web-share\" referrerpolicy=\"strict-origin-when-cross-origin\" allowfullscreen><\/iframe><\/div>\n<p><b>Data m\u00e0xima 24 de maig<\/b><\/p>\n<p>&nbsp;<\/p>\n<p>&nbsp;<\/p>\n<p><span style=\"color: #800000;\"><b>EDUCACI\u00d3 F\u00cdSICA<\/b><\/span><\/p>\n<p><span style=\"font-weight: 400;\">Us proposo aquestes<\/span><b>\u00a0\u00a0<a href=\"https:\/\/view.genial.ly\/5eb529c6c6ddfc0d172acc8b\/presentation-estefania-poveda-escola-josep-tarradellas-set-11-al-15-de-maig\">activitats<\/a><\/b><\/p>\n<p><span style=\"font-weight: 400;\">Heu d\u2019enviar-me la graella de la freq\u00fc\u00e8ncia card\u00edaca fins al 17 de maig.<\/span><\/p>\n<p><span style=\"font-weight: 400;\">Tamb\u00e9 heu d\u2019enviar-me almenys 2 videos dels reptes.<\/span><\/p>\n<p><span style=\"font-weight: 400;\">Qualsevol dubte escriviu-me!\u00a0<\/span><\/p>\n<p>&nbsp;<\/p>\n<p><b><span style=\"color: #00ff00;\">M\u00daSICA: PIQUEM I ESCOLTEM<\/span><\/b><\/p>\n<p><span style=\"font-weight: 400;\">Aquesta setmana us proposo dues activitats. <\/span><b>S\u00f3n activitats amb retorn, s\u2019han d\u2019enviar abans del dia 17 de maig .<\/b><span style=\"font-weight: 400;\"> A l&#8217;<\/span><b>assumpte<\/b><span style=\"font-weight: 400;\"> del missatge podeu posar <\/span><b>M\u00daSICA<\/b><span style=\"font-weight: 400;\">.\u00a0<\/span><\/p>\n<p><span style=\"font-weight: 400;\">La<\/span><b> primera<\/b><span style=\"font-weight: 400;\"> \u00e9s un joc de ritmes. Has d\u2019acompanyar la can\u00e7\u00f3 Dance Monkey amb uns gots de pl\u00e0stic. Si no tens ho pots fer amb el que tinguis a casa que et sembli adequat. Aqu\u00ed et deixo l\u2019enlla\u00e7 per apendre a fer-ho. <\/span><b>\u00a0\u00a0\u00a0<\/b><\/p>\n<div class=\"ast-oembed-container \" style=\"height: 100%;\"><iframe loading=\"lazy\" title=\"Ritmos con vasos (3\u00ba) - Dance monkey\" width=\"500\" height=\"281\" src=\"https:\/\/www.youtube.com\/embed\/R1k_l7PT7Sw?feature=oembed\" frameborder=\"0\" allow=\"accelerometer; autoplay; clipboard-write; encrypted-media; gyroscope; picture-in-picture; web-share\" referrerpolicy=\"strict-origin-when-cross-origin\" allowfullscreen><\/iframe><\/div>\n<p><span style=\"font-weight: 400;\">I aqu\u00ed la m\u00fasica per picar per si t\u2019atreveixes a fer-ho sense tutorial.\u00a0<\/span><\/p>\n<div class=\"ast-oembed-container \" style=\"height: 100%;\"><iframe loading=\"lazy\" title=\"TONES AND I - DANCE MONKEY (OFFICIAL VIDEO)\" width=\"500\" height=\"281\" src=\"https:\/\/www.youtube.com\/embed\/q0hyYWKXF0Q?feature=oembed\" frameborder=\"0\" allow=\"accelerometer; autoplay; clipboard-write; encrypted-media; gyroscope; picture-in-picture; web-share\" referrerpolicy=\"strict-origin-when-cross-origin\" allowfullscreen><\/iframe><\/div>\n<p><span style=\"font-weight: 400;\">Fes-ho tantes vegades com vulguis. <\/span><span style=\"font-weight: 400;\">M\u2019has d\u2019enviar un v\u00eddeo<\/span><span style=\"font-weight: 400;\">, m\u2019encantar\u00e0 poder veure\u2019t. Despr\u00e9s m\u2019escrius si t\u2019ha agradat molt, si nom\u00e9s t\u2019ha agradat o si t\u2019ha agradat a mitges. Tamb\u00e9 m\u2019escrius si t\u2019ha semblat molt f\u00e0cil, f\u00e0cil o dif\u00edcil en la seg\u00fcent taula (ho pots marcar amb una X).<\/span><\/p>\n<p><a href=\"https:\/\/agora.xtec.cat\/ceiptarra\/wp-content\/uploads\/usu1004\/2020\/05\/musica.jpg\"><img loading=\"lazy\" decoding=\"async\" class=\"alignnone size-full wp-image-13422\" src=\"https:\/\/agora.xtec.cat\/ceiptarra\/wp-content\/uploads\/usu1004\/2020\/05\/musica.jpg\" alt=\"\" width=\"791\" height=\"217\" srcset=\"https:\/\/agora.xtec.cat\/ceiptarra\/wp-content\/uploads\/usu1004\/2020\/05\/musica.jpg 791w, https:\/\/agora.xtec.cat\/ceiptarra\/wp-content\/uploads\/usu1004\/2020\/05\/musica-300x82.jpg 300w, https:\/\/agora.xtec.cat\/ceiptarra\/wp-content\/uploads\/usu1004\/2020\/05\/musica-768x211.jpg 768w\" sizes=\"auto, (max-width: 791px) 100vw, 791px\" \/><\/a><\/p>\n<p><span style=\"font-weight: 400;\">La <\/span><b>segona <\/b><span style=\"font-weight: 400;\">\u00e9s un joc per endevinar i ordenar els instruments que sonen.\u00a0<\/span><\/p>\n<p><span style=\"font-weight: 400;\">A continuaci\u00f3 et deixo un enlla\u00e7 per escoltar els instruments. Has d\u2019apuntar les teves respostes en la seg\u00fcent taula. Abans de fer-ho pots mirar el v\u00eddeo una vegada. Desitjo que t\u2019agradi.<\/span><\/p>\n<p><span style=\"font-weight: 400;\">Endevina els instruments:<\/span><\/p>\n<div class=\"ast-oembed-container \" style=\"height: 100%;\"><iframe loading=\"lazy\" title=\"\u00bfCu\u00e1ntos &quot;INSTRUMENTOS MUSICALES&quot; Reconoces? Test\/Trivial\/Quiz\" width=\"500\" height=\"281\" src=\"https:\/\/www.youtube.com\/embed\/hXt04QfCdIg?feature=oembed\" frameborder=\"0\" allow=\"accelerometer; autoplay; clipboard-write; encrypted-media; gyroscope; picture-in-picture; web-share\" referrerpolicy=\"strict-origin-when-cross-origin\" allowfullscreen><\/iframe><\/div>\n<p><a href=\"https:\/\/agora.xtec.cat\/ceiptarra\/wp-content\/uploads\/usu1004\/2020\/05\/musica2.jpg\"><img loading=\"lazy\" decoding=\"async\" class=\"alignnone size-full wp-image-13423\" src=\"https:\/\/agora.xtec.cat\/ceiptarra\/wp-content\/uploads\/usu1004\/2020\/05\/musica2.jpg\" alt=\"\" width=\"783\" height=\"223\" srcset=\"https:\/\/agora.xtec.cat\/ceiptarra\/wp-content\/uploads\/usu1004\/2020\/05\/musica2.jpg 783w, https:\/\/agora.xtec.cat\/ceiptarra\/wp-content\/uploads\/usu1004\/2020\/05\/musica2-300x85.jpg 300w, https:\/\/agora.xtec.cat\/ceiptarra\/wp-content\/uploads\/usu1004\/2020\/05\/musica2-768x219.jpg 768w\" sizes=\"auto, (max-width: 783px) 100vw, 783px\" \/><\/a><\/p>\n<p><b>RELIGI\u00d3:<\/b><\/p>\n<p><span style=\"font-weight: 400;\">Aquesta setmana a religi\u00f3 treballarem amb liveworksheet. Haureu de fer la fitxa interactiva que trobareu en el seg\u00fcent.<a href=\"https:\/\/es.liveworksheets.com\/c?a=s&amp;l=or&amp;i=ctsufc&amp;r=pl\">enlla\u00e7.<\/a><\/span><\/p>\n<p><span style=\"font-weight: 400;\">En acabar-la he de pr\u00e9mer el bot\u00f3 \u00a1Terminado!<\/span><\/p>\n<p><a href=\"https:\/\/agora.xtec.cat\/ceiptarra\/wp-content\/uploads\/usu1004\/2020\/05\/terminado.jpg\"><img loading=\"lazy\" decoding=\"async\" class=\"alignnone size-full wp-image-13420\" src=\"https:\/\/agora.xtec.cat\/ceiptarra\/wp-content\/uploads\/usu1004\/2020\/05\/terminado.jpg\" alt=\"\" width=\"296\" height=\"85\" \/><\/a><\/p>\n<p><span style=\"font-weight: 400;\">Seguidament us apareixer\u00e0 aquest requadre on heu de posar el vostre nom, el curs, religi\u00f3 i el correu de la vostra classe.<\/span><\/p>\n<p><a href=\"https:\/\/agora.xtec.cat\/ceiptarra\/wp-content\/uploads\/usu1004\/2020\/05\/religio.jpg\"><img loading=\"lazy\" decoding=\"async\" class=\"alignnone size-full wp-image-13421\" src=\"https:\/\/agora.xtec.cat\/ceiptarra\/wp-content\/uploads\/usu1004\/2020\/05\/religio.jpg\" alt=\"\" width=\"603\" height=\"249\" srcset=\"https:\/\/agora.xtec.cat\/ceiptarra\/wp-content\/uploads\/usu1004\/2020\/05\/religio.jpg 603w, https:\/\/agora.xtec.cat\/ceiptarra\/wp-content\/uploads\/usu1004\/2020\/05\/religio-300x124.jpg 300w\" sizes=\"auto, (max-width: 603px) 100vw, 603px\" \/><\/a><\/p>\n<p><span style=\"font-weight: 400;\">En finalitzar us apareixer\u00e0 la vostra activitat corregida amb la puntuaci\u00f3 a la part superior.<\/span><\/p>\n<p>&nbsp;<\/p>\n<p><strong><span style=\"color: #ff6600;\">CULTURA DIGITAL<\/span><\/strong><\/p>\n<p>Com ja us hem informat per correu, aquesta setmana farem una classe on-line per treballar els repte d&#8217;scratch d&#8217;aquesta setmana. Us direm el dia i l&#8217;hora per connectar-nos.<\/p>\n<p>&nbsp;<\/p>\n<p><strong><span style=\"color: #003300;\">PL\u00c0STICA<\/span><\/strong><\/p>\n<p>Aquesta setmana i tal com us vam dir que hav\u00edeu de ser<strong> PROACTIUS<\/strong>, el Carlos de 5\u00e8A ens fa una proposta d&#8217;activitat molt &#8220;xula&#8221;.<\/p>\n<p>Es tracta de fer un marc de fotos amb material reciclat. A continuaci\u00f3 us deixem les explicacions que ens fa el Carlos:<\/p>\n<p><a href=\"https:\/\/agora.xtec.cat\/ceiptarra\/wp-content\/uploads\/usu1004\/2020\/05\/proposta-Carlos.jpg\"><img loading=\"lazy\" decoding=\"async\" class=\"alignnone size-full wp-image-13424\" src=\"https:\/\/agora.xtec.cat\/ceiptarra\/wp-content\/uploads\/usu1004\/2020\/05\/proposta-Carlos.jpg\" alt=\"\" width=\"697\" height=\"572\" srcset=\"https:\/\/agora.xtec.cat\/ceiptarra\/wp-content\/uploads\/usu1004\/2020\/05\/proposta-Carlos.jpg 697w, https:\/\/agora.xtec.cat\/ceiptarra\/wp-content\/uploads\/usu1004\/2020\/05\/proposta-Carlos-300x246.jpg 300w\" sizes=\"auto, (max-width: 697px) 100vw, 697px\" \/><\/a><\/p>\n<p>Aquests s\u00f3n els materials:<\/p>\n<p><a href=\"https:\/\/agora.xtec.cat\/ceiptarra\/wp-content\/uploads\/usu1004\/2020\/05\/material.jpg\"><img loading=\"lazy\" decoding=\"async\" class=\"alignnone size-large wp-image-13425\" src=\"https:\/\/agora.xtec.cat\/ceiptarra\/wp-content\/uploads\/usu1004\/2020\/05\/material-1024x743.jpg\" alt=\"\" width=\"1024\" height=\"743\" srcset=\"https:\/\/agora.xtec.cat\/ceiptarra\/wp-content\/uploads\/usu1004\/2020\/05\/material-1024x743.jpg 1024w, https:\/\/agora.xtec.cat\/ceiptarra\/wp-content\/uploads\/usu1004\/2020\/05\/material-300x218.jpg 300w, https:\/\/agora.xtec.cat\/ceiptarra\/wp-content\/uploads\/usu1004\/2020\/05\/material-768x557.jpg 768w, https:\/\/agora.xtec.cat\/ceiptarra\/wp-content\/uploads\/usu1004\/2020\/05\/material.jpg 1032w\" sizes=\"auto, (max-width: 1024px) 100vw, 1024px\" \/><\/a><\/p>\n<p>I aquest el resultat final:<\/p>\n<p><a href=\"https:\/\/agora.xtec.cat\/ceiptarra\/wp-content\/uploads\/usu1004\/2020\/05\/resultat.jpg\"><img loading=\"lazy\" decoding=\"async\" class=\"alignnone size-full wp-image-13426\" src=\"https:\/\/agora.xtec.cat\/ceiptarra\/wp-content\/uploads\/usu1004\/2020\/05\/resultat.jpg\" alt=\"\" width=\"614\" height=\"651\" srcset=\"https:\/\/agora.xtec.cat\/ceiptarra\/wp-content\/uploads\/usu1004\/2020\/05\/resultat.jpg 614w, https:\/\/agora.xtec.cat\/ceiptarra\/wp-content\/uploads\/usu1004\/2020\/05\/resultat-283x300.jpg 283w\" sizes=\"auto, (max-width: 614px) 100vw, 614px\" \/><\/a><\/p>\n<p>&nbsp;<\/p>\n<p><strong>US ANIMEU??? Volem veure les vostres creacions.<\/strong><\/p>\n<p>&nbsp;<\/p>\n<p>Recordeu que podeu enviar-nos les vostres propostes d&#8217;activitats perqu\u00e8 facin els vostres companys i companyes. En la mida que sigui possible, les anirem publicant.<\/p>\n<p>&nbsp;<\/p>\n<p><b>Per acabar, us deixem els enlla\u00e7os a les activitats que creiem que heu d\u2019anar practicant de tant en tant encara que nosaltres no ho diguem i sempre i quan us sigui possible:<\/b><\/p>\n<p>&nbsp;<\/p>\n<ul>\n<li><b>PRACTIQUEM MULTIPLICACIONS:\u00a0 <a href=\"https:\/\/www.tablasdemultiplicar.com\/\">web!<\/a>\u00a0\u00a0<\/b><\/li>\n<\/ul>\n<ul>\n<li>C\u00c0LCUL MENTAL <a href=\"https:\/\/agora.xtec.cat\/ceip-lamonjoia\/wp-content\/uploads\/usu1254\/2020\/03\/Quinzet-rapidesa-c%C3%A0lcul-mental.pdf\">p\u00e0gina<\/a><\/li>\n<\/ul>\n<ul>\n<li>Lectura di\u00e0ria: \u201cJO LLEGEIXO,JO DECIDEIXO\u201d<\/li>\n<\/ul>\n<ul>\n<li>Practico l\u2019ortografia: <a href=\"http:\/\/www.edu365.cat\/primaria\/catala\/ortografia\/index.html\">enlla\u00e7\u00a0<\/a><\/li>\n<\/ul>\n<ul>\n<li>Mirar\/consultar el <a href=\"https:\/\/padlet.com\/ep5a\/fmra4fv4tpr6ndmd\">PADLET<\/a><\/li>\n<\/ul>\n<ul>\n<li>Paraules imprescindibles\/ dictats castell\u00e0\/ dictats catal\u00e0 (del dossier)<\/li>\n<\/ul>\n<ul>\n<li>Juga a BMATH App (al teu ordinador, m\u00f2bil o tauleta)<\/li>\n<\/ul>\n<p>&nbsp;<\/p>\n<p>&nbsp;<\/p>\n<p>&nbsp;<\/p>\n<p>&nbsp;<\/p>\n","protected":false},"excerpt":{"rendered":"<p>Bon dia a tothom!!! \ud83d\ude1b Com esteu? Qu\u00e8 tal la primera setmana de maig? Heu gaudit molt de les passejades al Sol?? En primer lloc vol\u00edem felicitar-vos per la gran tasca que esteu fent. Esteu treballant de valent i esteu aprenent molt de noves tecnologies. Ens agrada molt veure-us a les videoconfer\u00e8ncies i la participaci\u00f3 [&hellip;]<\/p>\n","protected":false},"author":128,"featured_media":13446,"comment_status":"open","ping_status":"closed","sticky":false,"template":"","format":"standard","meta":{"_bbp_topic_count":0,"_bbp_reply_count":0,"_bbp_total_topic_count":0,"_bbp_total_reply_count":0,"_bbp_voice_count":0,"_bbp_anonymous_reply_count":0,"_bbp_topic_count_hidden":0,"_bbp_reply_count_hidden":0,"_bbp_forum_subforum_count":0,"site-sidebar-layout":"default","site-content-layout":"","ast-site-content-layout":"","site-content-style":"default","site-sidebar-style":"default","ast-global-header-display":"","ast-banner-title-visibility":"","ast-main-header-display":"","ast-hfb-above-header-display":"","ast-hfb-below-header-display":"","ast-hfb-mobile-header-display":"","site-post-title":"","ast-breadcrumbs-content":"","ast-featured-img":"","footer-sml-layout":"","theme-transparent-header-meta":"","adv-header-id-meta":"","stick-header-meta":"","header-above-stick-meta":"","header-main-stick-meta":"","header-below-stick-meta":"","astra-migrate-meta-layouts":"default","ast-page-background-enabled":"default","ast-page-background-meta":{"desktop":{"background-color":"var(--ast-global-color-4)","background-image":"","background-repeat":"repeat","background-position":"center center","background-size":"auto","background-attachment":"scroll","background-type":"","background-media":"","overlay-type":"","overlay-color":"","overlay-opacity":"","overlay-gradient":""},"tablet":{"background-color":"","background-image":"","background-repeat":"repeat","background-position":"center center","background-size":"auto","background-attachment":"scroll","background-type":"","background-media":"","overlay-type":"","overlay-color":"","overlay-opacity":"","overlay-gradient":""},"mobile":{"background-color":"","background-image":"","background-repeat":"repeat","background-position":"center center","background-size":"auto","background-attachment":"scroll","background-type":"","background-media":"","overlay-type":"","overlay-color":"","overlay-opacity":"","overlay-gradient":""}},"ast-content-background-meta":{"desktop":{"background-color":"var(--ast-global-color-5)","background-image":"","background-repeat":"repeat","background-position":"center center","background-size":"auto","background-attachment":"scroll","background-type":"","background-media":"","overlay-type":"","overlay-color":"","overlay-opacity":"","overlay-gradient":""},"tablet":{"background-color":"var(--ast-global-color-5)","background-image":"","background-repeat":"repeat","background-position":"center center","background-size":"auto","background-attachment":"scroll","background-type":"","background-media":"","overlay-type":"","overlay-color":"","overlay-opacity":"","overlay-gradient":""},"mobile":{"background-color":"var(--ast-global-color-5)","background-image":"","background-repeat":"repeat","background-position":"center center","background-size":"auto","background-attachment":"scroll","background-type":"","background-media":"","overlay-type":"","overlay-color":"","overlay-opacity":"","overlay-gradient":""}},"footnotes":""},"categories":[14],"tags":[327],"class_list":["post-13409","post","type-post","status-publish","format-standard","has-post-thumbnail","hentry","category-5e","tag-ens-quedem-a-casa"],"post_mailing_queue_ids":[],"_links":{"self":[{"href":"https:\/\/agora.xtec.cat\/ceiptarra\/wp-json\/wp\/v2\/posts\/13409","targetHints":{"allow":["GET"]}}],"collection":[{"href":"https:\/\/agora.xtec.cat\/ceiptarra\/wp-json\/wp\/v2\/posts"}],"about":[{"href":"https:\/\/agora.xtec.cat\/ceiptarra\/wp-json\/wp\/v2\/types\/post"}],"author":[{"embeddable":true,"href":"https:\/\/agora.xtec.cat\/ceiptarra\/wp-json\/wp\/v2\/users\/128"}],"replies":[{"embeddable":true,"href":"https:\/\/agora.xtec.cat\/ceiptarra\/wp-json\/wp\/v2\/comments?post=13409"}],"version-history":[{"count":3,"href":"https:\/\/agora.xtec.cat\/ceiptarra\/wp-json\/wp\/v2\/posts\/13409\/revisions"}],"predecessor-version":[{"id":13450,"href":"https:\/\/agora.xtec.cat\/ceiptarra\/wp-json\/wp\/v2\/posts\/13409\/revisions\/13450"}],"wp:featuredmedia":[{"embeddable":true,"href":"https:\/\/agora.xtec.cat\/ceiptarra\/wp-json\/wp\/v2\/media\/13446"}],"wp:attachment":[{"href":"https:\/\/agora.xtec.cat\/ceiptarra\/wp-json\/wp\/v2\/media?parent=13409"}],"wp:term":[{"taxonomy":"category","embeddable":true,"href":"https:\/\/agora.xtec.cat\/ceiptarra\/wp-json\/wp\/v2\/categories?post=13409"},{"taxonomy":"post_tag","embeddable":true,"href":"https:\/\/agora.xtec.cat\/ceiptarra\/wp-json\/wp\/v2\/tags?post=13409"}],"curies":[{"name":"wp","href":"https:\/\/api.w.org\/{rel}","templated":true}]}}