{"id":12831,"date":"2020-04-27T09:00:55","date_gmt":"2020-04-27T07:00:55","guid":{"rendered":"http:\/\/agora.xtec.cat\/ceiptarra\/?p=12831"},"modified":"2020-04-27T09:04:53","modified_gmt":"2020-04-27T07:04:53","slug":"tasques-setmana-del-27-dabril-a-l1-de-maig-2","status":"publish","type":"post","link":"https:\/\/agora.xtec.cat\/ceiptarra\/primaria\/cicle-mitja\/4t\/tasques-setmana-del-27-dabril-a-l1-de-maig-2\/","title":{"rendered":"Tasques setmana del 27 d&#8217;abril a l&#8217;1 de maig"},"content":{"rendered":"<p>Hola a tothom! Com esteu?<\/p>\n<p>Sembla mentida per\u00f2 ja estem acabant el mes d&#8217;abril i comencem maig. <strong>Ho esteu fent molt b\u00e9!<\/strong> Estem molt <strong>orgulloses<\/strong> de vosaltres! Sou unes <strong>cracks!<\/strong><\/p>\n<p>Aquesta setmana us portem noves propostes que esperem us siguin interessants. <strong>Comencem!<\/strong><\/p>\n<p>&nbsp;<\/p>\n<p><span style=\"color: #ff6600;\"><b>MATEM\u00c0TIQUES<\/b><\/span><\/p>\n<p>&nbsp;<\/p>\n<ul>\n<li><b>Mesura: Figures amb pasta de sal<\/b><\/li>\n<\/ul>\n<p><span style=\"font-weight: 400;\">Aquesta setmana a l\u2019apartat de mesura us proposem que feu <\/span><b>figuretes amb pasta de sal<\/b><span style=\"font-weight: 400;\">. La pasta de sal \u00e9s una massa que un cop la tenim preparada es pot modelar per fer les nostres pr\u00f2pies creacions.<\/span><\/p>\n<p><b>Per fer la massa, necessitarem:<\/b><\/p>\n<ul>\n<li style=\"font-weight: 400;\"><b>Ingredients:<\/b><span style=\"font-weight: 400;\"> 100g de farina, 50g de sal, una mica d\u2019aigua i unes gotes d\u2019oli (opcional)<\/span><\/li>\n<li style=\"font-weight: 400;\"><b>Estris:<\/b><span style=\"font-weight: 400;\"> una cullera, un bol, paper film o bossa, carmanyola o recipient que es pugui tancar\u00a0 les nostres mans!<\/span><\/li>\n<\/ul>\n<p><a href=\"https:\/\/agora.xtec.cat\/ceiptarra\/wp-content\/uploads\/usu1004\/2020\/04\/pasta-de-sal.jpg\"><img loading=\"lazy\" decoding=\"async\" class=\"size-full wp-image-12786 aligncenter\" src=\"https:\/\/agora.xtec.cat\/ceiptarra\/wp-content\/uploads\/usu1004\/2020\/04\/pasta-de-sal.jpg\" alt=\"\" width=\"348\" height=\"261\" srcset=\"https:\/\/agora.xtec.cat\/ceiptarra\/wp-content\/uploads\/usu1004\/2020\/04\/pasta-de-sal.jpg 348w, https:\/\/agora.xtec.cat\/ceiptarra\/wp-content\/uploads\/usu1004\/2020\/04\/pasta-de-sal-300x225.jpg 300w, https:\/\/agora.xtec.cat\/ceiptarra\/wp-content\/uploads\/usu1004\/2020\/04\/pasta-de-sal-200x150.jpg 200w\" sizes=\"auto, (max-width: 348px) 100vw, 348px\" \/><\/a><\/p>\n<p><b>Passos a seguir:<\/b><\/p>\n<ol>\n<li style=\"font-weight: 400;\"><span style=\"font-weight: 400;\">Primerament, posa la farina i la sal al bol i remou b\u00e9 amb la cullera.<\/span><\/li>\n<li style=\"font-weight: 400;\"><span style=\"font-weight: 400;\">Despr\u00e9s, afegeix una mica d\u2019aigua (una cullerada, poc a poc) i remou. Fes aquest proc\u00e9s tantes vegades com calgui, fins que aconsegueixis una massa semblant a la plastilina. Si ens passem amb l\u2019aigua podem afegir una mica de farina.<\/span><\/li>\n<li style=\"font-weight: 400;\"><span style=\"font-weight: 400;\">A continuaci\u00f3, acabem de fer la massa amb les mans. La massa estar\u00e0 llesta quan ja no es quedi enganxada als dits.<\/span><\/li>\n<li style=\"font-weight: 400;\"><span style=\"font-weight: 400;\">Seguidament, afegim unes gotes d\u2019oli (opcional) per evitar que la massa es trenqui amb facilitat.<\/span><\/li>\n<li style=\"font-weight: 400;\"><span style=\"font-weight: 400;\">Abans de comen\u00e7ar a fer la figureta que vulguem, hem de deixar reposar la massa a la nevera. Guarda-la dins d\u2019una bossa de pl\u00e0stic o una carmanyola, aproximadament mitja hora.<\/span><\/li>\n<li style=\"font-weight: 400;\"><span style=\"font-weight: 400;\">Ja tens la teva massa de sal preparada per modelar!<\/span><\/li>\n<\/ol>\n<p><span style=\"font-weight: 400;\">Pots deixar volar la teva imaginaci\u00f3 i fer all\u00f2 que m\u00e9s t\u2019agradi. Fes la teva figura i deixa-la assecar a l\u2019aire lliure dos dies. Un cop passat aquest temps, tamb\u00e9 la pots pintar i decorar al teu gust\u2026<\/span><\/p>\n<p><span style=\"font-weight: 400;\">Mireu quina idea m\u00e9s original he trobat!\u00a0<\/span><\/p>\n<p><a href=\"https:\/\/agora.xtec.cat\/ceiptarra\/wp-content\/uploads\/usu1004\/2020\/04\/pasta-de-sal2.jpg\"><img loading=\"lazy\" decoding=\"async\" class=\"size-full wp-image-12785 aligncenter\" src=\"https:\/\/agora.xtec.cat\/ceiptarra\/wp-content\/uploads\/usu1004\/2020\/04\/pasta-de-sal2.jpg\" alt=\"\" width=\"400\" height=\"225\" srcset=\"https:\/\/agora.xtec.cat\/ceiptarra\/wp-content\/uploads\/usu1004\/2020\/04\/pasta-de-sal2.jpg 400w, https:\/\/agora.xtec.cat\/ceiptarra\/wp-content\/uploads\/usu1004\/2020\/04\/pasta-de-sal2-300x169.jpg 300w\" sizes=\"auto, (max-width: 400px) 100vw, 400px\" \/><\/a><\/p>\n<p>&nbsp;<\/p>\n<ul>\n<li><span style=\"font-weight: 400;\"><strong>Fitxa de problemes<\/strong>: En aquesta fitxa trobareu <strong>10 problemes<\/strong> de matem\u00e0tiques dels diferents temes que hem treballat. Podeu imprimir el document o simplement a la llibreta de mates escriure les respostes i ens les envieu al correu de la classe.<\/span><\/li>\n<\/ul>\n<p><strong><a href=\"https:\/\/agora.xtec.cat\/ceiptarra\/wp-content\/uploads\/usu1004\/2020\/04\/problemes-de-matem\u00e0tiqes-de-rep\u00e0s.pdf\" target=\"_blank\" rel=\"noopener noreferrer\">problemes de matem\u00e0tiques de rep\u00e0s<\/a><\/strong><\/p>\n<p><span style=\"color: #339966;\"><span style=\"font-weight: 400;\">Teniu temps per enviar les respostes fins el <\/span><b>6 de maig<\/b><\/span><\/p>\n<p>&nbsp;<\/p>\n<p><span style=\"color: #ff6600;\"><b>Catal\u00e0<\/b><\/span><\/p>\n<ul>\n<li><span style=\"font-weight: 400;\">Entrem a la p\u00e0gina de l\u2019editorial Teide <\/span><span style=\"font-weight: 400;\">clicant <strong><a href=\"https:\/\/web.editorialteide.com\/ca\/ensquedemacasa\/\" target=\"_blank\" rel=\"noopener noreferrer\">aqu\u00ed<\/a><\/strong><\/span><\/li>\n<\/ul>\n<p><span style=\"font-weight: 400;\">Clicar el bot\u00f3 ACCEDEIX. <\/span><span style=\"font-weight: 400;\">Despr\u00e8s vas a prim\u00e0ria. Tria el curs (<strong>4t<\/strong>) i despr\u00e9s la mat\u00e8ria (<strong>Llengua Catalana<\/strong>)<\/span><\/p>\n<p><strong><i>Feu l\u2019activitat 1: Ortografia (paraules compostes)\u00a0<\/i><\/strong><\/p>\n<p>&nbsp;<\/p>\n<ul>\n<li><span style=\"font-weight: 400;\">Entrem a la p\u00e0gina de edu365 \u201caventura\u2019t amb l\u2019ortografia\u201d <\/span><span style=\"font-weight: 400;\">clicant <strong><a href=\"http:\/\/www.edu365.cat\/primaria\/catala\/ortografia\/index.html\" target=\"_blank\" rel=\"noopener noreferrer\">aqu\u00ed<\/a><\/strong><\/span><\/li>\n<\/ul>\n<p><a href=\"https:\/\/agora.xtec.cat\/ceiptarra\/wp-content\/uploads\/usu1004\/2020\/04\/ortografia.jpg\">\u00a0 <img loading=\"lazy\" decoding=\"async\" class=\"size-full wp-image-12838 alignleft\" src=\"https:\/\/agora.xtec.cat\/ceiptarra\/wp-content\/uploads\/usu1004\/2020\/04\/ortografia.jpg\" alt=\"\" width=\"250\" height=\"544\" srcset=\"https:\/\/agora.xtec.cat\/ceiptarra\/wp-content\/uploads\/usu1004\/2020\/04\/ortografia.jpg 250w, https:\/\/agora.xtec.cat\/ceiptarra\/wp-content\/uploads\/usu1004\/2020\/04\/ortografia-138x300.jpg 138w\" sizes=\"auto, (max-width: 250px) 100vw, 250px\" \/><\/a><\/p>\n<p>&nbsp;<\/p>\n<p>&nbsp;<\/p>\n<p>&nbsp;<\/p>\n<p><span style=\"font-weight: 400;\">Escollim en <strong>Flic,<\/strong> la part lila i fem <strong>l&#8217;activitat 9:<\/strong><\/span><strong>\u00a0La C i la Q<\/strong><\/p>\n<p>&nbsp;<\/p>\n<p>&nbsp;<\/p>\n<p>&nbsp;<\/p>\n<p>&nbsp;<\/p>\n<p>&nbsp;<\/p>\n<p>&nbsp;<\/p>\n<p>&nbsp;<\/p>\n<p>&nbsp;<\/p>\n<p>&nbsp;<\/p>\n<ul>\n<li><strong>Itineraris<\/strong><\/li>\n<\/ul>\n<p><span style=\"font-weight: 400;\">Recordeu que, dintre del nostre projecte de medi, vam veure unes imatges de les \u00e8poques treballades i hav\u00edem de\u00a0 proposar un itinerari per tal que una persona de fora pogu\u00e9s visitar la ciutat?<\/span><\/p>\n<p><span style=\"font-weight: 400;\">Doncs l\u2019activitat que us proposem \u00e9s fer una cosa semblant. En aquest cas podeu veure un <strong>pl\u00e0nol del Prat<\/strong> on hi ha marcat un possible itinerari que va des de la nostra <strong>escola al C\u00e8ntric<\/strong> (Biblioteca municipal). Haureu de fer les <strong>instruccions d\u2019aquest recorregut<\/strong> (despr\u00e9s si voleu podeu fer tamb\u00e9 alguna de les altres possibilitats marcades en gris).\u00a0<\/span><\/p>\n<p><a href=\"https:\/\/agora.xtec.cat\/ceiptarra\/wp-content\/uploads\/usu1004\/2020\/04\/mapa-Prat.png\"><img loading=\"lazy\" decoding=\"async\" class=\"size-full wp-image-12843 aligncenter\" src=\"https:\/\/agora.xtec.cat\/ceiptarra\/wp-content\/uploads\/usu1004\/2020\/04\/mapa-Prat.png\" alt=\"\" width=\"508\" height=\"479\" srcset=\"https:\/\/agora.xtec.cat\/ceiptarra\/wp-content\/uploads\/usu1004\/2020\/04\/mapa-Prat.png 508w, https:\/\/agora.xtec.cat\/ceiptarra\/wp-content\/uploads\/usu1004\/2020\/04\/mapa-Prat-300x283.png 300w\" sizes=\"auto, (max-width: 508px) 100vw, 508px\" \/><\/a><\/p>\n<p><span style=\"font-weight: 400;\">Us deixem uns r\u00e8tols i la plantilla perqu\u00e8 pugueu fer les instruccions. <span style=\"color: #339966;\">Teniu temps per enviar les respostes fins el <\/span><\/span><span style=\"color: #339966;\"><b>6 de maig<\/b><\/span><\/p>\n<p><a style=\"color: #2795b6;\" href=\"https:\/\/agora.xtec.cat\/ceiptarra\/wp-content\/uploads\/usu1004\/2020\/04\/plantilla-ITINERARIS.doc\" target=\"_blank\" rel=\"noopener noreferrer\">plantilla ITINERARIS<\/a><\/p>\n<p><a href=\"https:\/\/agora.xtec.cat\/ceiptarra\/wp-content\/uploads\/usu1004\/2020\/04\/autoavaluaci\u00f3-ITINERARIS.doc\" target=\"_blank\" rel=\"noopener noreferrer\">autoavaluaci\u00f3 ITINERARIS<\/a><\/p>\n<p><a href=\"https:\/\/agora.xtec.cat\/ceiptarra\/wp-content\/uploads\/usu1004\/2020\/04\/Cartell-itinerari-2.png\"><img loading=\"lazy\" decoding=\"async\" class=\" wp-image-12841 aligncenter\" src=\"https:\/\/agora.xtec.cat\/ceiptarra\/wp-content\/uploads\/usu1004\/2020\/04\/Cartell-itinerari-2-1024x762.png\" alt=\"\" width=\"831\" height=\"619\" srcset=\"https:\/\/agora.xtec.cat\/ceiptarra\/wp-content\/uploads\/usu1004\/2020\/04\/Cartell-itinerari-2-1024x762.png 1024w, https:\/\/agora.xtec.cat\/ceiptarra\/wp-content\/uploads\/usu1004\/2020\/04\/Cartell-itinerari-2-300x223.png 300w, https:\/\/agora.xtec.cat\/ceiptarra\/wp-content\/uploads\/usu1004\/2020\/04\/Cartell-itinerari-2-768x572.png 768w, https:\/\/agora.xtec.cat\/ceiptarra\/wp-content\/uploads\/usu1004\/2020\/04\/Cartell-itinerari-2-200x150.png 200w, https:\/\/agora.xtec.cat\/ceiptarra\/wp-content\/uploads\/usu1004\/2020\/04\/Cartell-itinerari-2.png 1475w\" sizes=\"auto, (max-width: 831px) 100vw, 831px\" \/><\/a> <a href=\"https:\/\/agora.xtec.cat\/ceiptarra\/wp-content\/uploads\/usu1004\/2020\/04\/Cartell-Itinerari-1.png\"><img loading=\"lazy\" decoding=\"async\" class=\" wp-image-12842 aligncenter\" src=\"https:\/\/agora.xtec.cat\/ceiptarra\/wp-content\/uploads\/usu1004\/2020\/04\/Cartell-Itinerari-1-1024x733.png\" alt=\"\" width=\"826\" height=\"591\" srcset=\"https:\/\/agora.xtec.cat\/ceiptarra\/wp-content\/uploads\/usu1004\/2020\/04\/Cartell-Itinerari-1-1024x733.png 1024w, https:\/\/agora.xtec.cat\/ceiptarra\/wp-content\/uploads\/usu1004\/2020\/04\/Cartell-Itinerari-1-300x215.png 300w, https:\/\/agora.xtec.cat\/ceiptarra\/wp-content\/uploads\/usu1004\/2020\/04\/Cartell-Itinerari-1-768x550.png 768w, https:\/\/agora.xtec.cat\/ceiptarra\/wp-content\/uploads\/usu1004\/2020\/04\/Cartell-Itinerari-1.png 1495w\" sizes=\"auto, (max-width: 826px) 100vw, 826px\" \/><\/a><\/p>\n<p>&nbsp;<\/p>\n<p>&nbsp;<\/p>\n<p><span style=\"color: #ff6600;\"><b>Castell\u00e0<\/b><\/span><\/p>\n<ul>\n<li><span style=\"font-weight: 400;\">Entrem a la p\u00e0gina de l\u2019editorial Teide <\/span><span style=\"font-weight: 400;\">clicant <a href=\"https:\/\/web.editorialteide.com\/ca\/ensquedemacasa\/\" target=\"_blank\" rel=\"noopener noreferrer\">aqu\u00ed<\/a>.<\/span><\/li>\n<\/ul>\n<p><span style=\"font-weight: 400;\">Clicar el bot\u00f3 ACCEDEIX. <\/span><span style=\"font-weight: 400;\">Despr\u00e8s vas a prim\u00e0ria. Tria el curs (<strong>4t<\/strong>) i despr\u00e9s la mat\u00e8ria (<strong>Llengua Castellana<\/strong>)<\/span><\/p>\n<p><em><strong>Feu l\u2019activitat 6: Sin\u00f3nimos y ant\u00f3nimos<\/strong><\/em><\/p>\n<p>&nbsp;<\/p>\n<ul>\n<li><strong>Ortografia castellana\u00a0<\/strong><\/li>\n<\/ul>\n<p>Es tracta d&#8217;una activitat flash amb diferents tem\u00e0tiques per repassar. Si passeu el cursor per sobre de la imatge us anir\u00e0 apareixen que es treballa a cada un dels espais. Investigueu i practiqueu all\u00f2 que m\u00e9s us agradi. No cal fer totes les activitats, simplement escolliu all\u00f2 que us agradi m\u00e9s o feu una mica de cada un.<\/p>\n<p>Per arribar nom\u00e9s heu de clicar <a href=\"https:\/\/www.edu.xunta.gal\/espazoAbalar\/sites\/espazoAbalar\/files\/datos\/1294737692\/contido\/comun\/index.html?ln18=es&amp;pathODE=..\/sd17\/sd17_oa00\/&amp;maxScore=88&amp;titleODE=.:%2520La%2520ortograf%25EDa%2520:.\" target=\"_blank\" rel=\"noopener noreferrer\">aqu\u00ed<\/a>.<\/p>\n<p><a href=\"https:\/\/agora.xtec.cat\/ceiptarra\/wp-content\/uploads\/usu1004\/2020\/04\/ortografia-castellana.jpg\"><img loading=\"lazy\" decoding=\"async\" class=\"alignnone wp-image-12844\" src=\"https:\/\/agora.xtec.cat\/ceiptarra\/wp-content\/uploads\/usu1004\/2020\/04\/ortografia-castellana-1024x751.jpg\" alt=\"\" width=\"822\" height=\"603\" srcset=\"https:\/\/agora.xtec.cat\/ceiptarra\/wp-content\/uploads\/usu1004\/2020\/04\/ortografia-castellana-1024x751.jpg 1024w, https:\/\/agora.xtec.cat\/ceiptarra\/wp-content\/uploads\/usu1004\/2020\/04\/ortografia-castellana-300x220.jpg 300w, https:\/\/agora.xtec.cat\/ceiptarra\/wp-content\/uploads\/usu1004\/2020\/04\/ortografia-castellana-768x563.jpg 768w, https:\/\/agora.xtec.cat\/ceiptarra\/wp-content\/uploads\/usu1004\/2020\/04\/ortografia-castellana.jpg 1288w\" sizes=\"auto, (max-width: 822px) 100vw, 822px\" \/><\/a><\/p>\n<p><strong><span style=\"color: #3366ff;\">Suggeriment<\/span>:<\/strong> Al ser una activitat flash segurament us donar\u00e0 problemes en algun navegador. Intenteu fer servir Internet Explorer en aquest funciona b\u00e9.<\/p>\n<p>&nbsp;<\/p>\n<p><span style=\"color: #ff6600;\"><strong>English:<\/strong><\/span><\/p>\n<p>Continuem avan\u00e7ant i aquesta setmana us proposo aprendre les diferents rutines que fem al llarg del dia. Per a tal fi, us deixo un <strong><a href=\"https:\/\/www.baamboozle.com\/game\/59479\">Baamboozle<\/a><\/strong>, feu primer la opci\u00f3 <strong>Study<\/strong> per aprendre les diferents paraules i un cop les tingueu, ja podeu reptar alg\u00fa i divertir-vos.<\/p>\n<p>Tamb\u00e9 us deixo un <strong><a href=\"https:\/\/es.educaplay.com\/juego\/3633849-routines_matching.html#!\">joc de memory<\/a><\/strong><a href=\"https:\/\/es.educaplay.com\/juego\/3622540-wild_animals_matching.html#!\">,<\/a> una <strong><a href=\"https:\/\/es.educaplay.com\/juego\/3633878-routines_wordsearch.html#!\">sopa de lletres<\/a><\/strong> i uns <strong><a href=\"https:\/\/es.educaplay.com\/juego\/3633894-routines_crossword.html#!\">mots encreuats<\/a><\/strong> per practicar.<\/p>\n<p>&nbsp;<\/p>\n<p><span style=\"color: #ff6600;\"><b>Medi<\/b><\/span><\/p>\n<ul>\n<li><span style=\"font-weight: 400;\">Anem a repassar una mica tot el que hem apr\u00e9s d&#8217;hist\u00f2ria fins ara. A youtube podeu trobar la s\u00e8rie de \u201cErase una vez el hombre\u201d\u00a0<\/span><\/li>\n<\/ul>\n<p><iframe loading=\"lazy\" src=\"\/\/www.youtube.com\/embed\/5fwiBZTm1nU?list=PLM3zaEIjzXIX0lfjtdMiflymrv2tzS1ph\" width=\"560\" height=\"314\"><\/iframe><\/p>\n<p><span style=\"font-weight: 400;\">Son 26 cap\u00edtols d\u2019uns 27 minuts que parlen de les <strong>diferents etapes hist\u00f2riques.<\/strong> Podeu entrar en el cap\u00edtol que <strong>m\u00e9s us agradi<\/strong> o que estigui relacionat amb la <strong>vostra etapa hist\u00f2rica<\/strong> per aprofundir una mica en el que esteu treballant. Despr\u00e9s podeu fer una petita explicaci\u00f3 de la part que m\u00e9s us hagi cridat l\u2019atenci\u00f3 del cap\u00edtol.<\/span><\/p>\n<p>&nbsp;<\/p>\n<ul>\n<li><span style=\"font-weight: 400;\"><strong>Fitxes de rep\u00e0s<\/strong>: us presentem ara dos fitxes de medi. <\/span><\/li>\n<\/ul>\n<p><span style=\"font-weight: 400;\">A la primera trobareu unes <a href=\"https:\/\/agora.xtec.cat\/ceiptarra\/wp-content\/uploads\/usu1004\/2020\/04\/endevinalles-renovables.pdf\" target=\"_blank\" rel=\"noopener noreferrer\"><strong>endevinalles sobre energies renovables i no renovables<\/strong><\/a>. <\/span><\/p>\n<p><span style=\"font-weight: 400;\">A la segona podeu llegir una petita explicaci\u00f3 sobre uns cient\u00edfics i investigadors del passat que<strong> <a href=\"https:\/\/agora.xtec.cat\/ceiptarra\/wp-content\/uploads\/usu1004\/2020\/04\/tenir-curiositat.pdf\" target=\"_blank\" rel=\"noopener noreferrer\">tenien molta curiositat<\/a><\/strong>, despr\u00e9s haureu de contestar unes preguntes.<\/span><\/p>\n<p><span style=\"font-weight: 400;\">No cal que imprimiu els documents si no disposeu d&#8217;impresora, tan sols contesteu les preguntes en un full i ens l\u2019envieu.<\/span><\/p>\n<p>&nbsp;<\/p>\n<p><span style=\"font-weight: 400;\">\u00a0<\/span><span style=\"color: #ff6600;\"><b>M\u00fasica i pl\u00e0stica<\/b><\/span><\/p>\n<p><span style=\"font-weight: 400;\">Aquesta setmana us proposem una <strong>activitat conjunta<\/strong>. Heu de fer servir la vostra imaginaci\u00f3 i <strong>construir un instrument musical<\/strong> amb materials que tingueu per casa. Podeu fer servir tota la vostra creativitat. Us deixo un enlla\u00e7 amb idees. Podeu penjar les vostres propostes al <strong>padlet<\/strong>.\u00a0<\/span><\/p>\n<p><iframe loading=\"lazy\" src=\"\/\/www.youtube.com\/embed\/DoGL3IfXfXw?feature=emb_logo\" width=\"560\" height=\"314\"><\/iframe><\/p>\n<p>&nbsp;<\/p>\n<p><span style=\"color: #ff6600;\"><b>Educaci\u00f3 F\u00edsica:<\/b><\/span><\/p>\n<p>Aquesta setmana us convidem a<strong> jugar a l&#8217;Oca motriu<\/strong> i us repto a veure si pels matins sou capa\u00e7os de fer els <strong>10 reptes motrius<\/strong>.<\/p>\n<ul>\n<li style=\"font-weight: 400;\">\n<h6><span style=\"font-weight: 400;\">10 reptes motrius a casa!<\/span><\/h6>\n<\/li>\n<\/ul>\n<p>V\u00eddeo amb 10 reptes motrius que treballen la coordinaci\u00f3 i que es poden fer a casa preparats per Roser Pladevall.<\/p>\n<h6><\/h6>\n<h6><iframe loading=\"lazy\" src=\"\/\/www.youtube.com\/embed\/Cl6oPOvYufc\" width=\"560\" height=\"314\"><\/iframe><\/h6>\n<p>&nbsp;<\/p>\n<ul>\n<li><strong>Joc de l&#8217;Oca motriu<\/strong>. Podeu <strong>visualitzar el tauler<\/strong> de l&#8217;Oca a un dispositiu o si desitgeu el podeu <strong>imprimir<\/strong> i ja el teniu per sempre. \u00c9s ideal per fer una partida di\u00e0ria. A veure qui guanya.<\/li>\n<\/ul>\n<h6><a href=\"https:\/\/agora.xtec.cat\/ceiptarra\/wp-content\/uploads\/usu1004\/2020\/04\/oca-educaci\u00f3-f\u00edsica.png\"><img loading=\"lazy\" decoding=\"async\" class=\"size-full wp-image-12850 aligncenter\" src=\"https:\/\/agora.xtec.cat\/ceiptarra\/wp-content\/uploads\/usu1004\/2020\/04\/oca-educaci\u00f3-f\u00edsica.png\" alt=\"\" width=\"888\" height=\"744\" srcset=\"https:\/\/agora.xtec.cat\/ceiptarra\/wp-content\/uploads\/usu1004\/2020\/04\/oca-educaci\u00f3-f\u00edsica.png 888w, https:\/\/agora.xtec.cat\/ceiptarra\/wp-content\/uploads\/usu1004\/2020\/04\/oca-educaci\u00f3-f\u00edsica-300x250.png 300w, https:\/\/agora.xtec.cat\/ceiptarra\/wp-content\/uploads\/usu1004\/2020\/04\/oca-educaci\u00f3-f\u00edsica-768x643.png 768w\" sizes=\"auto, (max-width: 888px) 100vw, 888px\" \/><\/a><\/h6>\n<h6><\/h6>\n<p><span style=\"color: #ff6600;\"><b>Compet\u00e8ncia digital:<\/b><\/span><\/p>\n<p><span style=\"font-weight: 400;\">Aquesta setmana us repto a dissenyar el vostre nom animat.<\/span><strong><a href=\"https:\/\/scratch.mit.edu\/projects\/editor\/?tutorial=name\"> Aqu\u00ed<\/a><\/strong><span style=\"font-weight: 400;\"> us deixo un enlla\u00e7 amb un tutorial, est\u00e0 en angl\u00e8s per\u00f2 es veuen els passos a seguir. Si necessiteu mirar-vos-ho amb m\u00e9s calma, en aquest<\/span><strong><a href=\"https:\/\/agora.xtec.cat\/ceiptarra\/wp-content\/uploads\/usu1004\/2020\/04\/name-cards.pdf\"> document<\/a><\/strong><span style=\"font-weight: 400;\"> teniu les targetes on van detallant pas a pas el proc\u00e9s en catal\u00e0.<\/span><\/p>\n<p>&nbsp;<\/p>\n<p><span style=\"color: #ff6600;\"><b>Religi\u00f3<\/b><\/span><\/p>\n<p><span style=\"font-weight: 400;\">La setmana passada et vaig posar una hist\u00f2ria sobre el perd\u00f3. Ara m\u2019agradaria que<strong> m\u2019expliquis<\/strong> una situaci\u00f3 en la que hagis demanat perd\u00f3 a alg\u00fa i una altra en la que <strong>hagis estat tu qui perdona.<\/strong><\/span><\/p>\n<p><span style=\"font-weight: 400;\">Quan ho tinguis l\u2019has d\u2019<strong><span style=\"color: #339966;\">enviar al correu de la classe<\/span><\/strong> i posar a <strong><span style=\"color: #339966;\">l\u2019assumpte<\/span> <\/strong>que \u00e9s per la <strong><span style=\"color: #339966;\">Blanca.<\/span><\/strong><\/span><\/p>\n","protected":false},"excerpt":{"rendered":"<p>Hola a tothom! Com esteu? Sembla mentida per\u00f2 ja estem acabant el mes d&#8217;abril i comencem maig. Ho esteu fent molt b\u00e9! Estem molt orgulloses de vosaltres! Sou unes cracks! Aquesta setmana us portem noves propostes que esperem us siguin interessants. Comencem! &nbsp; MATEM\u00c0TIQUES &nbsp; Mesura: Figures amb pasta de sal Aquesta setmana a l\u2019apartat [&hellip;]<\/p>\n","protected":false},"author":10,"featured_media":12874,"comment_status":"open","ping_status":"closed","sticky":false,"template":"","format":"standard","meta":{"_bbp_topic_count":0,"_bbp_reply_count":0,"_bbp_total_topic_count":0,"_bbp_total_reply_count":0,"_bbp_voice_count":0,"_bbp_anonymous_reply_count":0,"_bbp_topic_count_hidden":0,"_bbp_reply_count_hidden":0,"_bbp_forum_subforum_count":0,"site-sidebar-layout":"default","site-content-layout":"","ast-site-content-layout":"","site-content-style":"default","site-sidebar-style":"default","ast-global-header-display":"","ast-banner-title-visibility":"","ast-main-header-display":"","ast-hfb-above-header-display":"","ast-hfb-below-header-display":"","ast-hfb-mobile-header-display":"","site-post-title":"","ast-breadcrumbs-content":"","ast-featured-img":"","footer-sml-layout":"","theme-transparent-header-meta":"","adv-header-id-meta":"","stick-header-meta":"","header-above-stick-meta":"","header-main-stick-meta":"","header-below-stick-meta":"","astra-migrate-meta-layouts":"default","ast-page-background-enabled":"default","ast-page-background-meta":{"desktop":{"background-color":"var(--ast-global-color-4)","background-image":"","background-repeat":"repeat","background-position":"center center","background-size":"auto","background-attachment":"scroll","background-type":"","background-media":"","overlay-type":"","overlay-color":"","overlay-opacity":"","overlay-gradient":""},"tablet":{"background-color":"","background-image":"","background-repeat":"repeat","background-position":"center center","background-size":"auto","background-attachment":"scroll","background-type":"","background-media":"","overlay-type":"","overlay-color":"","overlay-opacity":"","overlay-gradient":""},"mobile":{"background-color":"","background-image":"","background-repeat":"repeat","background-position":"center center","background-size":"auto","background-attachment":"scroll","background-type":"","background-media":"","overlay-type":"","overlay-color":"","overlay-opacity":"","overlay-gradient":""}},"ast-content-background-meta":{"desktop":{"background-color":"var(--ast-global-color-5)","background-image":"","background-repeat":"repeat","background-position":"center center","background-size":"auto","background-attachment":"scroll","background-type":"","background-media":"","overlay-type":"","overlay-color":"","overlay-opacity":"","overlay-gradient":""},"tablet":{"background-color":"var(--ast-global-color-5)","background-image":"","background-repeat":"repeat","background-position":"center center","background-size":"auto","background-attachment":"scroll","background-type":"","background-media":"","overlay-type":"","overlay-color":"","overlay-opacity":"","overlay-gradient":""},"mobile":{"background-color":"var(--ast-global-color-5)","background-image":"","background-repeat":"repeat","background-position":"center center","background-size":"auto","background-attachment":"scroll","background-type":"","background-media":"","overlay-type":"","overlay-color":"","overlay-opacity":"","overlay-gradient":""}},"footnotes":""},"categories":[13],"tags":[327],"class_list":["post-12831","post","type-post","status-publish","format-standard","has-post-thumbnail","hentry","category-4t","tag-ens-quedem-a-casa"],"post_mailing_queue_ids":[],"_links":{"self":[{"href":"https:\/\/agora.xtec.cat\/ceiptarra\/wp-json\/wp\/v2\/posts\/12831","targetHints":{"allow":["GET"]}}],"collection":[{"href":"https:\/\/agora.xtec.cat\/ceiptarra\/wp-json\/wp\/v2\/posts"}],"about":[{"href":"https:\/\/agora.xtec.cat\/ceiptarra\/wp-json\/wp\/v2\/types\/post"}],"author":[{"embeddable":true,"href":"https:\/\/agora.xtec.cat\/ceiptarra\/wp-json\/wp\/v2\/users\/10"}],"replies":[{"embeddable":true,"href":"https:\/\/agora.xtec.cat\/ceiptarra\/wp-json\/wp\/v2\/comments?post=12831"}],"version-history":[{"count":3,"href":"https:\/\/agora.xtec.cat\/ceiptarra\/wp-json\/wp\/v2\/posts\/12831\/revisions"}],"predecessor-version":[{"id":12890,"href":"https:\/\/agora.xtec.cat\/ceiptarra\/wp-json\/wp\/v2\/posts\/12831\/revisions\/12890"}],"wp:featuredmedia":[{"embeddable":true,"href":"https:\/\/agora.xtec.cat\/ceiptarra\/wp-json\/wp\/v2\/media\/12874"}],"wp:attachment":[{"href":"https:\/\/agora.xtec.cat\/ceiptarra\/wp-json\/wp\/v2\/media?parent=12831"}],"wp:term":[{"taxonomy":"category","embeddable":true,"href":"https:\/\/agora.xtec.cat\/ceiptarra\/wp-json\/wp\/v2\/categories?post=12831"},{"taxonomy":"post_tag","embeddable":true,"href":"https:\/\/agora.xtec.cat\/ceiptarra\/wp-json\/wp\/v2\/tags?post=12831"}],"curies":[{"name":"wp","href":"https:\/\/api.w.org\/{rel}","templated":true}]}}