{"id":12656,"date":"2020-04-20T09:11:31","date_gmt":"2020-04-20T07:11:31","guid":{"rendered":"http:\/\/agora.xtec.cat\/ceiptarra\/?p=12656"},"modified":"2020-04-20T09:11:31","modified_gmt":"2020-04-20T07:11:31","slug":"tasques-setmana-del-20-al-24-dabril-9","status":"publish","type":"post","link":"https:\/\/agora.xtec.cat\/ceiptarra\/primaria\/cicle-superior\/6e\/tasques-setmana-del-20-al-24-dabril-9\/","title":{"rendered":"Tasques setmana del 20 al 24 d&#8217;abril"},"content":{"rendered":"<p><span style=\"font-weight: 400;\">Nois i noies de 6\u00e8, benvinguts i benvingudes a la Setmana de Sant Jordi!!!!<\/span><\/p>\n<p><span style=\"font-weight: 400;\">Ens hauria agradat a tots els\/les \u201cprofes\u201d del Tarra poder celebrar els nostres tradicionals Jocs Florals i que aquesta setmana que ara comen\u00e7a fos diferent, per\u00f2 les circumst\u00e0ncies manen i ens hem d\u2019adaptar\u2026 Sou totes i tots unes campiones i campions!!!! Seguim endavant amb aquesta nova manera de viure el dia a dia.\u00a0<\/span><\/p>\n<p><span style=\"font-weight: 400;\">Llegiu amb atenci\u00f3 les propostes d\u2019aquesta setmana!!!!!<\/span><\/p>\n<p>&nbsp;<\/p>\n<p><strong><span style=\"color: #ff0000;\">Llengua catalana<\/span><\/strong><\/p>\n<p><span style=\"font-weight: 400;\">Aquest curs gaudirem d&#8217;un Sant Jordi diferent. Ser\u00e0 un Sant Jordi confinats per\u00f2 en el que estimarem la lectura igual o m\u00e9s que mai perqu\u00e8 ens permet viatjar i sortir fora de casa&#8230;<\/span><\/p>\n<p><b>Expressi\u00f3 oral<\/b><span style=\"font-weight: 400;\">: cal que us prepareu un poema que pot ser de Sant Jordi, de la primavera o d\u2019un\u00a0 tema lliure; el podeu crear vosaltres o buscar-lo per internet o llibres que tingueu a casa\u2026 Aquest poema ser\u00e0 un regal pels fillols i filloles!!!!!\u00a0<\/span><\/p>\n<p><span style=\"font-weight: 400;\">Heu de llegir-ho amb l\u2019entonaci\u00f3 adequada (interpretar-ho), gravar-ho i penjar-ho al Padlet especial Sant Jordi de l&#8217;escola. Us deixem l&#8217;enlla\u00e7 directe: <\/span><\/p>\n<p><span style=\"font-weight: 400;\"><span style=\"color: #ff0000;\"><strong><em><a href=\"https:\/\/padlet.com\/jlujan2\/h4ifhnb2fjq187py\" target=\"_blank\" rel=\"noopener noreferrer\">Padlet Sant Jordi\u00a0Tarra<\/a><\/em><\/strong><\/span><\/span><\/p>\n<p><span style=\"font-weight: 400;\"> Abans de comen\u00e7ar la lectura del poema, recordeu dedicar-li al vostre fillol\/a dient el seu nom en veu alta\u00a0<\/span><\/p>\n<p>&nbsp;<\/p>\n<p><b>Dictat preparat: <\/b><span style=\"font-weight: 400;\">entreu al seg\u00fcent enlla\u00e7:<\/span><\/p>\n<p><a href=\"https:\/\/llengua.gencat.cat\/ca\/serveis\/aprendre_catala\/recursos-per-al-professorat\/dictats-en-linia\/b1\/b-p-t-d-c-g\/\" target=\"_blank\" rel=\"noopener noreferrer\"><span style=\"font-weight: 400;\">https:\/\/llengua.gencat.cat\/ca\/serveis\/aprendre_catala\/recursos-per-al-professorat\/dictats-en-linia\/b1\/b-p-t-d-c-g\/<\/span><\/a><span style=\"font-weight: 400;\">\u00a0\u00a0<\/span><\/p>\n<p>&nbsp;<\/p>\n<p><b><i>DICTAT:\u00a0 \u00a0 \u201c UN CRIT AGUT\u201d<\/i><\/b><\/p>\n<p><span style=\"font-weight: 400;\">En primer lloc, cliqueu al \u201cFem mem\u00f2ria\u201d i repasseu les normes d\u2019ortografia que treballa aquest dictat. Despr\u00e9s aneu al dibuix del \u201cconillet\u201d i escolteu per primer cop el dictat. NOM\u00c9S escolteu!!!!.Seguidament,\u00a0 cliqueu on diu \u201csoluci\u00f3\u201d i us prepareu el dictat. Dediqueu TEMPS a preparar-ho. Varios dies\u2026!!! Com ho preparareu? Podeu copiar-ho les vegades que facin falta\u2026 i us el podeu dictar les vegades que calguin clicant el \u201cconillet\u201d. L\u2019aneu corregint mirant el dictat original apretant \u201csoluci\u00f3\u201d o \u201ccorregeix\u201d. (Feu el dictat CADA DIA: dilluns, dimarts, dimecres\u2026)<\/span><\/p>\n<p><span style=\"font-weight: 400;\">Ens haureu d\u2019enviar per mail el resultat de faltes que feu quan us feu l\u2019\u00faltim dictat de DIVENDRES 24 d\u2019abril.\u00a0<\/span><\/p>\n<p><span style=\"font-weight: 400;\">Si heu practicat molt, divendres 24 fareu poques faltes!!!!!<\/span><\/p>\n<p><span style=\"font-weight: 400;\">Cal que ens envieu el n\u00famero de faltes que heu fet. Heu de fer autocorrecci\u00f3 i enviar-nos vosaltres la nota. Recordeu: cada falta resta 0.5 punts. Ja ens direu pel mail quina nota heu tret!!!<\/span><\/p>\n<p><span style=\"font-weight: 400;\">Si alg\u00fa t\u00e9 una adaptaci\u00f3 a l\u2019\u00e0rea de lleng\u00fces rebr\u00e0 un mail amb la seva corresponent explicaci\u00f3.<\/span><span style=\"font-weight: 400;\">\u00a0<\/span><\/p>\n<p><span style=\"font-weight: 400;\">Data per enviar correu electr\u00f2nic a les mestres de catal\u00e0 amb el resultat del dictat preparat: <\/span><b>divendres 24 d\u2019abril ( NO ABANS).<\/b><\/p>\n<p>&nbsp;<\/p>\n<p><strong><span style=\"color: #ff0000;\">Llengua castellana<\/span><\/strong><\/p>\n<p><span style=\"font-weight: 400;\">E<\/span><span style=\"font-weight: 400;\">ns agradaria celebrar els 100 anys del naixement d&#8217;un dels escriptors m\u00e9s importants de contes: GIANNI RODARI. Aquest escriptor era fam\u00f3s per la seva fantasia i per la seva originalitat. Va escriure moooooooolts contes, can\u00e7ons i poemes amb els que va renovar la literatura infantil. Un dels seus llibres m\u00e9s coneguts \u00e9s <\/span><i><span style=\"font-weight: 400;\">CONTES PER TEL\u00c8FON. <\/span><\/i><span style=\"font-weight: 400;\">En aquest llibre el senyor Bianchi \u00e9s un representant de comer\u00e7 obligat a viatjar per feina. Nom\u00e9s torna a casa diumenge. La seva filla petita vol un conte cada dia abans d&#8217;anar a dormir i la mare ho no sap qu\u00e8 dir-li. Llavors el senyor Bianchi decideix telefonar-la cada dia a les 9 del vespre i explicar-li un conte curt.<\/span><\/p>\n<p><span style=\"font-weight: 400;\">La nostra proposta \u00e9s la seg\u00fcent: pensa a qui li vols llegir un conte (avi, \u00e0via, tiet, tieta, ve\u00ed, amiga, amic,&#8230;..), queda un dia i una hora amb aquesta persona. El dia assenyalat truca-li i llegeix-li la lectura en castell\u00e0 que t&#8217;hagis preparat. Pot ser una lectura d&#8217;algun llibre que tinguis o una text curt inventat per tu. Si teniu el llibre <\/span><i><span style=\"font-weight: 400;\">La vuelta al a\u00f1o en 365 cuentos <\/span><\/i><span style=\"font-weight: 400;\">de Gabriel Garc\u00eda de Oro i il.lustrat per Purificaci\u00f3n Hern\u00e1ndez el podeu fer servir.<\/span><\/p>\n<p><span style=\"font-weight: 400;\">Despr\u00e9s d\u2019haver fet aquesta activitat envia a la teva mestra de castell\u00e0 un mail explicant quin text has llegit, a qui li has llegit, de qu\u00e8 anava la hist\u00f2ria i com t\u2019has sentit fent aquesta activitat.\u00a0<\/span><\/p>\n<p><span style=\"font-weight: 400;\">La data m\u00e0xima per enviar aquest redactat ser\u00e0 <\/span><b>divendres 24 d\u2019abril.<\/b><\/p>\n<p>&nbsp;<\/p>\n<p><strong><span style=\"color: #ff0000;\">Llengua anglesa<\/span><\/strong><\/p>\n<p><span style=\"font-weight: 400;\">Hello class! Sant Jordi is here! This week I invite you to read this text about the legend of Sant Jordi.<\/span><\/p>\n<p><b>THE LEGEND OF SANT JORDI<\/b><\/p>\n<p><em><span style=\"font-weight: 400;\">According to legend, there was a terrifying dragon located in the village of Montblanc, south-west of Barcelona. The dragon was always hungry, so the people in the village gave him one animal a day to keep it from attacking the village. However, one day the dragon ate the last of the animals, and then it started eating the people of the village too. In order to satisfy the hunger of the dragon, the people of the village decided to randomly chose a person every day to be sacrificed to the beast.<\/span><\/em><\/p>\n<p><em><span style=\"font-weight: 400;\">One day the princess\u2019 name came up, and although that made the King very sad, he sent her to the dragon. But just when the dragon was about to eat the princess, a brave and handsome knight, known as Sant Jordi, rode into town and killed the beast with his spear, saving her life.<\/span><\/em><\/p>\n<p><em><span style=\"font-weight: 400;\">From the blood of the dragon, there grew a rose bush, and Sant Jordi took a red rose and gave it to the princess as a sign of his love. Everybody in the village was very happy the dragon was dead, and they lived peacefully ever after.<\/span><\/em><\/p>\n<p><span style=\"font-weight: 400;\">Watch this video:<\/span><\/p>\n<div class=\"ast-oembed-container \" style=\"height: 100%;\"><iframe loading=\"lazy\" title=\"British English Holidays - St. George&#039;s Day\" width=\"500\" height=\"281\" src=\"https:\/\/www.youtube.com\/embed\/nO8VEkJ6l1g?feature=oembed\" frameborder=\"0\" allow=\"accelerometer; autoplay; clipboard-write; encrypted-media; gyroscope; picture-in-picture; web-share\" referrerpolicy=\"strict-origin-when-cross-origin\" allowfullscreen><\/iframe><\/div>\n<p>&nbsp;<\/p>\n<p><span style=\"font-weight: 400;\">-Write 5 verbs in past tense that appear in the video and the meaning of the words that appear in <\/span><strong><span style=\"color: #0000ff;\">blue.<\/span><\/strong><\/p>\n<p>&nbsp;<\/p>\n<p><strong><span style=\"color: #ff0000;\">Matem\u00e0tiques<\/span><\/strong><\/p>\n<p><span style=\"font-weight: 400;\">Nois i noies de 6\u00e8 aquesta setmana ens tocava fer les proves de CCBB per\u00f2 de moment no ser\u00e0 possible\u2026 us enviem les que van haver de fer els\/les vostres \u201ccompis del Tarra \u201d el curs passat. D\u2019aquesta manera practicareu diferents continguts matem\u00e0tics.<\/span><\/p>\n<p><a href=\"https:\/\/agora.xtec.cat\/ceiptarra\/wp-content\/uploads\/usu1004\/2020\/04\/prova-mates-2019-1.pdf\" target=\"_blank\" rel=\"noopener noreferrer\">Prova mates 2019<\/a><\/p>\n<p><span style=\"font-weight: 400;\">Podeu respondre en un full en blanc, a la llibreta de \u201cmates\u201d, en document word, al mail directament&#8230;. com us vagi millor a vosaltres.\u00a0 <\/span><b>Enumereu de l\u20191 al 30<\/b><span style=\"font-weight: 400;\"> (s\u00f3n les preguntes que heu de fer) i ens passeu les respostes al llarg de la setmana. Les tutores corregirem el que ens envieu.\u00a0<\/span><\/p>\n<p>&nbsp;<\/p>\n<p><span style=\"color: #ff0000;\"><strong>Medi<\/strong><\/span><\/p>\n<p><span style=\"font-weight: 400;\">Aqu\u00ed us tornem a proposar un repte, visual i auditiu. Ja que en els temps que vivim no podem sortir al carrer, us proposem fer una \u201cpassejada virtual\u201d pel nostre estimat Prat.<\/span><\/p>\n<p><span style=\"font-weight: 400;\">Haureu de veure el seg\u00fcent v\u00eddeo i estar molt atents a les imatges i al qu\u00e8 us explica.<\/span><\/p>\n<p><span style=\"font-weight: 400;\">En acabar de mirar el v\u00eddeo heu de fer click a l\u2019enlla\u00e7 per obrir un document amb 10 preguntes i si heu estat molt atents de ben segur que les responeu totes. ( podeu tornar a revisar el v\u00eddeo les vegades que us faci falta\u2026!!!)<\/span><\/p>\n<p><span style=\"font-weight: 400;\">Cal que ens envieu les respostes com a m\u00e0xim el <\/span><b>divendres 24 d\u2019abril<\/b><b>. <\/b><span style=\"font-weight: 400;\">Com ens les feu arribar? teniu dos opcions: us podeu descarregar el document de les preguntes i ens l\u2019envieu constestant al mail de la classe o b\u00e9 podeu entrar al vostre DRIVE, crear un document i compartir-ho amb el correu de la classe, i respondre en aquell document que heu compartit. Aix\u00ed les mestres us el podem corregir on-line. <\/span><\/p>\n<p><span style=\"font-weight: 400;\">Us recordeu com ho f\u00e8iem? Era el repte 3&#8230;<\/span><\/p>\n<p><span style=\"font-weight: 400;\">Recordeu que\u00a0 els correus on heu d\u2019enviar les feines s\u00f3n:<\/span><\/p>\n<p><a href=\"mailto:ep6a@escolatarradellas.cat\" target=\"_blank\" rel=\"noopener noreferrer\"><b>ep6a@escolatarradellas.cat<\/b><\/a><\/p>\n<p><a href=\"mailto:ep6b@escolatarradellas.cat\" target=\"_blank\" rel=\"noopener noreferrer\"><b>ep6b@escolatarradellas.cat<\/b><\/a><\/p>\n<p><a href=\"mailto:ep6c@escolatarradellas.cat\" target=\"_blank\" rel=\"noopener noreferrer\"><b>ep6c@escolatarradellas.cat<\/b><\/a><\/p>\n<div class=\"ast-oembed-container \" style=\"height: 100%;\"><iframe loading=\"lazy\" title=\"El Prat en el temps\" width=\"500\" height=\"281\" src=\"https:\/\/www.youtube.com\/embed\/tT2taPZMeh8?feature=oembed\" frameborder=\"0\" allow=\"accelerometer; autoplay; clipboard-write; encrypted-media; gyroscope; picture-in-picture; web-share\" referrerpolicy=\"strict-origin-when-cross-origin\" allowfullscreen><\/iframe><\/div>\n<p>&nbsp;<\/p>\n<p><b>Les preguntes les trobareu en aquest <\/b><a href=\"https:\/\/docs.google.com\/document\/d\/107RPwZC_heRE5ujLwibRywuGZziAx2SUeQL8DHg5LoY\/edit?usp=sharing\" target=\"_blank\" rel=\"noopener noreferrer\"><b>Document<\/b><\/a>. <strong>Recordeu!<\/strong> En aquest document <strong>no<\/strong> heu d&#8217;escriure, heu de veure les preguntes i crear el vostre propi document de drive i el compartiu amb el correu de la vostra classe. A veure si han servit els reptes d&#8217;inform\u00e0tica.<\/p>\n<p>&nbsp;<\/p>\n<p><strong><span style=\"color: #ff0000;\">Educaci\u00f3 f\u00edsica\u00a0<\/span><\/strong><\/p>\n<p><strong>Dilluns rutina<\/strong><\/p>\n<p>Per comen\u00e7ar la setmana us deixem una proposta per fer una cursa d&#8217;orientaci\u00f3 a casa que ha fet el mestre Joaqu\u00edn Granados S\u00e1nchez, de l&#8217;escola Enxaneta de Terrassa.<\/p>\n<div class=\"ast-oembed-container \" style=\"height: 100%;\"><iframe loading=\"lazy\" title=\"Cursa d&#039;orientaci\u00f3 a casa!\" width=\"500\" height=\"281\" src=\"https:\/\/www.youtube.com\/embed\/u_oPyzELGAE?feature=oembed\" frameborder=\"0\" allow=\"accelerometer; autoplay; clipboard-write; encrypted-media; gyroscope; picture-in-picture; web-share\" referrerpolicy=\"strict-origin-when-cross-origin\" allowfullscreen><\/iframe><\/div>\n<p>&nbsp;<\/p>\n<p><strong>Dilluns repte: futbol taula<\/strong><\/p>\n<p>Necessitarem: \u00a0Una taula, 4 gots i un tap, xapa o qualsevol altra cosa\u00a0que llisqui.<\/p>\n<p>Com es juga?<\/p>\n<p>Poseu 2 gots a cadascun dels extrems de la\u00a0taula (representaran les porteries).<br \/>\nUtilitzeu els dits per llan\u00e7ar la pilota (Podeu\u00a0fer com a m\u00e0xim 3 tocs) i intentar fer-la\u00a0entrar a la porteria contr\u00e0ria.<\/p>\n<p>Sumeu 1 punt\u00a0cada vegada que marqueu gol.<\/p>\n<p>&nbsp;<\/p>\n<p><strong>Dimarts rutina:<\/strong> Avui repetirem la ruitna de fa tres setmanes:<span style=\"color: #0000ff;\"><span style=\"color: #000000;\">En el seg\u00fcent arxiu que us heu de descarregar trobareu unes rutines per fer aquest mat\u00ed: <a href=\"https:\/\/agora.xtec.cat\/ceiptarra\/wp-content\/uploads\/usu1004\/2020\/03\/Rutina-1.pdf\">Rutina 1<\/a><\/span><\/span><\/p>\n<p>&nbsp;<\/p>\n<p><strong>Dimarts repte:\u00a0<\/strong><\/p>\n<p>Avui continuarem amb la tasca de les <a href=\"http:\/\/xtec.cat\/~rnietom\/mod6\/esports\/condicio%20fisica\/qualitats%20fisiques.htm\" target=\"_blank\" rel=\"noopener noreferrer\">qualitats f\u00edsiques b\u00e0siques.<\/a> I seguirem per la <strong>flexibilitat\u00a0<\/strong>haureu de respondre aquestes preguntes:<\/p>\n<p>Quina \u00e9s la prova que fem per mesurar la <strong>flexibilitat<\/strong> a l&#8217;escola? Explica-la.<\/p>\n<p>Digues dos jocs que fem a educaci\u00f3 f\u00edsica on treballem la <strong>flexibilitat<\/strong>. Has de justificar la teva resposta.<\/p>\n<p>Explica un joc o una activitat (pot ser inventada o no) que tu faries per treballar <strong>la flexibilitat<\/strong> a l&#8217;escola.<\/p>\n<p><strong>Recordeu: Aquestes respostes les podeu enviar per correu de classe, amb l&#8217;assumpte Juanjo. Podeu fer-ho a mesura que les aneu fent , o enviar totes juntes (resist\u00e8ncia, for\u00e7a, flexibilitat i velocitat) com a molt tard, el divendres 24 d&#8217;abril.\u00a0<\/strong><\/p>\n<p>&nbsp;<\/p>\n<p><strong>Dimecres rutina:\u00a0<\/strong><\/p>\n<p>La setmana passada va ser Star wars i aquesta setmana heu de triar un personatge de Stranger things i seguir les seves rutines. \u00c0nims!<\/p>\n<p>https:\/\/youtu.be\/TM7ApgXMb1k<\/p>\n<p>&nbsp;<\/p>\n<p><strong>Dimecres repte:<\/strong> La Laia V\u00e9lez, mestra de l&#8217;escola Sagrada Fam\u00edlia de El Masnou, ha fet el joc de l&#8217;educaci\u00f3 f\u00edsica. Us proposem que el feu. Cliqueu <a href=\"https:\/\/agora.xtec.cat\/ceiptarra\/wp-content\/uploads\/usu1004\/2020\/04\/JOC-DE-TAULA-EF-DES-DE-CASA.pdf\">a instruccions per descarregar-les.<\/a><\/p>\n<p><a href=\"https:\/\/agora.xtec.cat\/ceiptarra\/wp-content\/uploads\/usu1004\/2020\/04\/Captura-de-pantalla-2020-04-17-a-las-19.59.47.jpg\"><img loading=\"lazy\" decoding=\"async\" class=\"alignnone size-large wp-image-12664\" src=\"https:\/\/agora.xtec.cat\/ceiptarra\/wp-content\/uploads\/usu1004\/2020\/04\/Captura-de-pantalla-2020-04-17-a-las-19.59.47-1024x648.jpg\" alt=\"\" width=\"1024\" height=\"648\" srcset=\"https:\/\/agora.xtec.cat\/ceiptarra\/wp-content\/uploads\/usu1004\/2020\/04\/Captura-de-pantalla-2020-04-17-a-las-19.59.47-1024x648.jpg 1024w, https:\/\/agora.xtec.cat\/ceiptarra\/wp-content\/uploads\/usu1004\/2020\/04\/Captura-de-pantalla-2020-04-17-a-las-19.59.47-300x190.jpg 300w, https:\/\/agora.xtec.cat\/ceiptarra\/wp-content\/uploads\/usu1004\/2020\/04\/Captura-de-pantalla-2020-04-17-a-las-19.59.47-768x486.jpg 768w\" sizes=\"auto, (max-width: 1024px) 100vw, 1024px\" \/><\/a><\/p>\n<p>&nbsp;<\/p>\n<p><span style=\"color: #000000;\"><strong>Dijous rutina:<\/strong><\/span> Avui per Sant Jordi, la rutina ens la portar\u00e0 la superhero\u00efna catwoman.<\/p>\n<p>&nbsp;<\/p>\n<p><a href=\"https:\/\/agora.xtec.cat\/ceiptarra\/wp-content\/uploads\/usu1004\/2020\/04\/Captura-de-pantalla-2020-04-17-a-las-20.08.02.png\"><img loading=\"lazy\" decoding=\"async\" class=\"alignnone size-large wp-image-12666\" src=\"https:\/\/agora.xtec.cat\/ceiptarra\/wp-content\/uploads\/usu1004\/2020\/04\/Captura-de-pantalla-2020-04-17-a-las-20.08.02-805x1024.png\" alt=\"\" width=\"805\" height=\"1024\" srcset=\"https:\/\/agora.xtec.cat\/ceiptarra\/wp-content\/uploads\/usu1004\/2020\/04\/Captura-de-pantalla-2020-04-17-a-las-20.08.02-805x1024.png 805w, https:\/\/agora.xtec.cat\/ceiptarra\/wp-content\/uploads\/usu1004\/2020\/04\/Captura-de-pantalla-2020-04-17-a-las-20.08.02-236x300.png 236w, https:\/\/agora.xtec.cat\/ceiptarra\/wp-content\/uploads\/usu1004\/2020\/04\/Captura-de-pantalla-2020-04-17-a-las-20.08.02-768x977.png 768w, https:\/\/agora.xtec.cat\/ceiptarra\/wp-content\/uploads\/usu1004\/2020\/04\/Captura-de-pantalla-2020-04-17-a-las-20.08.02.png 1184w\" sizes=\"auto, (max-width: 805px) 100vw, 805px\" \/><\/a><\/p>\n<p>&nbsp;<\/p>\n<p><strong>Dijous repte:\u00a0<\/strong><\/p>\n<p>Avui finalitzarem la tasca de les <a href=\"http:\/\/xtec.cat\/~rnietom\/mod6\/esports\/condicio%20fisica\/qualitats%20fisiques.htm\" target=\"_blank\" rel=\"noopener noreferrer\">qualitats f\u00edsiques b\u00e0siques.<\/a> I ho farem amb la <strong>velocitat, <\/strong>haureu de respondre aquestes preguntes:<\/p>\n<p>Quina \u00e9s la prova que fem per mesurar l<strong>a velocitat<\/strong> a l&#8217;escola? Explica-la.<\/p>\n<p>Digues dos jocs que fem a educaci\u00f3 f\u00edsica on treballem <strong>la velocitat.<\/strong> Has de justificar la teva resposta.<\/p>\n<p>Explica un joc o una activitat (pot ser inventada o no) que tu faries per treballar <strong>la velocitat<\/strong> a l&#8217;escola.<\/p>\n<p><strong>Recordeu: Aquestes respostes les podeu enviar per correu de classe, amb l&#8217;assumpte Juanjo com a molt tard, el divendres 24 d&#8217;abril.\u00a0<\/strong><\/p>\n<p>&nbsp;<\/p>\n<p><strong>Divendres rutina: <\/strong>Vinga que s&#8217;acaba la setmana. Us atreviu a una micsa de crossfit?<\/p>\n<div class=\"ast-oembed-container \" style=\"height: 100%;\"><iframe loading=\"lazy\" title=\"Rutina de Crossfit en Casa \/\/ EMOM\" width=\"500\" height=\"281\" src=\"https:\/\/www.youtube.com\/embed\/lh1UszyPHfk?feature=oembed\" frameborder=\"0\" allow=\"accelerometer; autoplay; clipboard-write; encrypted-media; gyroscope; picture-in-picture; web-share\" referrerpolicy=\"strict-origin-when-cross-origin\" allowfullscreen><\/iframe><\/div>\n<p>&nbsp;<\/p>\n<p><strong>Divendres repte:\u00a0<\/strong>Juguem a bitlles casolanes com ens explica la mestra Laia V\u00e9lez?<\/p>\n<p><a href=\"https:\/\/agora.xtec.cat\/ceiptarra\/wp-content\/uploads\/usu1004\/2020\/04\/Captura-de-pantalla-2020-04-17-a-las-20.16.12.png\"><img loading=\"lazy\" decoding=\"async\" class=\"alignnone size-large wp-image-12667\" src=\"https:\/\/agora.xtec.cat\/ceiptarra\/wp-content\/uploads\/usu1004\/2020\/04\/Captura-de-pantalla-2020-04-17-a-las-20.16.12-1024x768.png\" alt=\"\" width=\"1024\" height=\"768\" srcset=\"https:\/\/agora.xtec.cat\/ceiptarra\/wp-content\/uploads\/usu1004\/2020\/04\/Captura-de-pantalla-2020-04-17-a-las-20.16.12-1024x768.png 1024w, https:\/\/agora.xtec.cat\/ceiptarra\/wp-content\/uploads\/usu1004\/2020\/04\/Captura-de-pantalla-2020-04-17-a-las-20.16.12-300x225.png 300w, https:\/\/agora.xtec.cat\/ceiptarra\/wp-content\/uploads\/usu1004\/2020\/04\/Captura-de-pantalla-2020-04-17-a-las-20.16.12-768x576.png 768w, https:\/\/agora.xtec.cat\/ceiptarra\/wp-content\/uploads\/usu1004\/2020\/04\/Captura-de-pantalla-2020-04-17-a-las-20.16.12-200x150.png 200w, https:\/\/agora.xtec.cat\/ceiptarra\/wp-content\/uploads\/usu1004\/2020\/04\/Captura-de-pantalla-2020-04-17-a-las-20.16.12.png 1600w\" sizes=\"auto, (max-width: 1024px) 100vw, 1024px\" \/><\/a><\/p>\n<p>&nbsp;<\/p>\n<p><span style=\"color: #ff0000;\"><b>M\u00fasica<\/b><\/span><\/p>\n<p><span style=\"font-weight: 400;\">Us proposo un passaparaula musical molt divertit.\u00a0<\/span><\/p>\n<p><b><a href=\"https:\/\/www.racomusicaldidactic.com\/2020\/04\/joc-musical-passa-la-musica.html?utm_source=feedburner&amp;utm_medium=email&amp;utm_campaign=Feed%3A+RacMusicalEducatiuRecursosDidctics+(RAC\u00d3+MUSICAL+EDUCATIU%3A++++++++++++++RECURSOS++++++++++++DID\u00c0CTICS)\" target=\"_blank\" rel=\"noopener noreferrer\">Cliqueu per anar<\/a><\/b><\/p>\n<p>&nbsp;<\/p>\n<p><strong><span style=\"color: #ff0000;\">Pl\u00e0stica<\/span><\/strong><\/p>\n<p><span style=\"font-weight: 400;\">Cada any la casa Batll\u00f3 de Barcelona omple la seva fa\u00e7ana de roses el dia de Sant Jordi. Aquest any ens fan la proposta de fer nosaltres les nostres roses amb material reciclat i penjar-les al nostre balc\u00f3:<\/span><\/p>\n<p><b>\u00a0<\/b><b>\u00a0\u00a0\u00a0\u00a0\u00a0<\/b> <a href=\"https:\/\/www.casabatllo.es\/novedades\/sant-jordi-2020\/\" target=\"_blank\" rel=\"noopener noreferrer\"><b>https:\/\/www.casabatllo.es\/novedades\/sant-jordi-2020\/<\/b><\/a><\/p>\n<p><span style=\"font-weight: 400;\">Us proposem un taller de pl\u00e0stica: que cadasc\u00fa faci a casa una o varies roses per celebrar la diada de Sant Jordi.\u00a0<\/span><\/p>\n<p><span style=\"font-weight: 400;\">Amb el material\u00a0<\/span><span style=\"font-weight: 400;\">(roba, pl\u00e0stic\u2026) <\/span><span style=\"font-weight: 400;\">que tingueu a casa (no sortiu a comprar RES). Deixeu volar la vostra imaginaci\u00f3 i la vostra creativitat. <\/span><span style=\"font-weight: 400;\">Podeu fer les roses com us vagi millor a vosaltres i a la vostra fam\u00edlia. Us donem diferents idees: en volum, construint roses ben maques amb diferents materials\u2026\u00a0 sobre tela o roba dibuixant amb el que tingueu ( si no teniu pintura a casa podeu fer servir retoladors, pintura d\u2019ungles\u2026). All\u00f2 que feu sobre robes i teles ho podeu penjar per tal de guarnir balconades, terrasses, finestres&#8230;i celebrar la Diada de Sant Jordi.<\/span><\/p>\n<p><span style=\"font-weight: 400;\">Quan ho tingueu ho podeu penjar al PADLET de 6\u00e8 i compartir-ho amb els companys\/es.<\/span><\/p>\n<p><span style=\"font-weight: 400;\">Animeu-vos a participar nois i noies!!!<\/span><\/p>\n<p>&nbsp;<\/p>\n<p><span style=\"color: #ff0000;\"><strong>Cultura digital<\/strong><\/span><\/p>\n<p>Us tornem a deixar el manual per accedir al compte d&#8217;scratch perqu\u00e8 pogueu fer-ho sense problema: <a href=\"https:\/\/agora.xtec.cat\/ceiptarra\/wp-content\/uploads\/usu1004\/2020\/04\/Tutorial-per-accedir-a-Scratch.pdf\" target=\"_blank\" rel=\"noopener noreferrer\">Tutorial per accedir a Scratch<\/a><\/p>\n<p>I per aquesta setmana, com us est\u00e0 engrescant, us proposem un nou repte del Frank Sabat\u00e9, aquesta vegada fer un joc com el Gran dictat. Recordeu d&#8217;anar desant-lo als projectes, tal i com s&#8217;explica al manual.<\/p>\n<div class=\"ast-oembed-container \" style=\"height: 100%;\"><iframe loading=\"lazy\" title=\"Com fer un joc de &quot;El Gran Dictat&quot; amb Scratch 2 en menys de 5 minuts!\" width=\"500\" height=\"281\" src=\"https:\/\/www.youtube.com\/embed\/U9YA4R1GTmE?feature=oembed\" frameborder=\"0\" allow=\"accelerometer; autoplay; clipboard-write; encrypted-media; gyroscope; picture-in-picture; web-share\" referrerpolicy=\"strict-origin-when-cross-origin\" allowfullscreen><\/iframe><\/div>\n<p>&nbsp;<\/p>\n<p>&nbsp;<\/p>\n<p><span style=\"color: #ff0000;\"><b>Religi\u00f3<\/b><\/span><\/p>\n<p><span style=\"font-weight: 400;\">El sagrament que treballarem aquesta setmana \u00e9s <\/span><b>l\u2019Eucaristia<\/b><span style=\"font-weight: 400;\">.<\/span><\/p>\n<p><span style=\"font-weight: 400;\">Has de buscar informaci\u00f3 sobre aquesta festa i dir per qu\u00e8 es celebra, en qu\u00e8 consisteix, quines paraules diu el sacerdot i quins s\u00f3n els s\u00edmbols que es fan servir. Tamb\u00e9 pots afegir imatges.<\/span><\/p>\n<p><span style=\"font-weight: 400;\">\u00c9s molt important que no copi\u00efs i enganxis la informaci\u00f3. L\u2019has de llegir, entendre-la i escriure-ho amb les teves paraules per tal que la feina tingui sentit.<\/span><\/p>\n<p><span style=\"font-weight: 400;\">\u00a0<\/span><\/p>\n<p><strong>Quan ho tinguis, l\u2019has d\u2019enviar al correu de classe i posar a l\u2019assumpte que \u00e9s per la Blanca. La data m\u00e0xima \u00e9s el dia 24 d\u2019abril.<\/strong><\/p>\n<p>&nbsp;<\/p>\n<p>&nbsp;<\/p>\n<p>&nbsp;<\/p>\n","protected":false},"excerpt":{"rendered":"<p>Nois i noies de 6\u00e8, benvinguts i benvingudes a la Setmana de Sant Jordi!!!! Ens hauria agradat a tots els\/les \u201cprofes\u201d del Tarra poder celebrar els nostres tradicionals Jocs Florals i que aquesta setmana que ara comen\u00e7a fos diferent, per\u00f2 les circumst\u00e0ncies manen i ens hem d\u2019adaptar\u2026 Sou totes i tots unes campiones i campions!!!! [&hellip;]<\/p>\n","protected":false},"author":3,"featured_media":12583,"comment_status":"open","ping_status":"closed","sticky":false,"template":"","format":"standard","meta":{"_bbp_topic_count":0,"_bbp_reply_count":0,"_bbp_total_topic_count":0,"_bbp_total_reply_count":0,"_bbp_voice_count":0,"_bbp_anonymous_reply_count":0,"_bbp_topic_count_hidden":0,"_bbp_reply_count_hidden":0,"_bbp_forum_subforum_count":0,"site-sidebar-layout":"default","site-content-layout":"","ast-site-content-layout":"","site-content-style":"default","site-sidebar-style":"default","ast-global-header-display":"","ast-banner-title-visibility":"","ast-main-header-display":"","ast-hfb-above-header-display":"","ast-hfb-below-header-display":"","ast-hfb-mobile-header-display":"","site-post-title":"","ast-breadcrumbs-content":"","ast-featured-img":"","footer-sml-layout":"","theme-transparent-header-meta":"","adv-header-id-meta":"","stick-header-meta":"","header-above-stick-meta":"","header-main-stick-meta":"","header-below-stick-meta":"","astra-migrate-meta-layouts":"default","ast-page-background-enabled":"default","ast-page-background-meta":{"desktop":{"background-color":"var(--ast-global-color-4)","background-image":"","background-repeat":"repeat","background-position":"center center","background-size":"auto","background-attachment":"scroll","background-type":"","background-media":"","overlay-type":"","overlay-color":"","overlay-opacity":"","overlay-gradient":""},"tablet":{"background-color":"","background-image":"","background-repeat":"repeat","background-position":"center center","background-size":"auto","background-attachment":"scroll","background-type":"","background-media":"","overlay-type":"","overlay-color":"","overlay-opacity":"","overlay-gradient":""},"mobile":{"background-color":"","background-image":"","background-repeat":"repeat","background-position":"center center","background-size":"auto","background-attachment":"scroll","background-type":"","background-media":"","overlay-type":"","overlay-color":"","overlay-opacity":"","overlay-gradient":""}},"ast-content-background-meta":{"desktop":{"background-color":"var(--ast-global-color-5)","background-image":"","background-repeat":"repeat","background-position":"center center","background-size":"auto","background-attachment":"scroll","background-type":"","background-media":"","overlay-type":"","overlay-color":"","overlay-opacity":"","overlay-gradient":""},"tablet":{"background-color":"var(--ast-global-color-5)","background-image":"","background-repeat":"repeat","background-position":"center center","background-size":"auto","background-attachment":"scroll","background-type":"","background-media":"","overlay-type":"","overlay-color":"","overlay-opacity":"","overlay-gradient":""},"mobile":{"background-color":"var(--ast-global-color-5)","background-image":"","background-repeat":"repeat","background-position":"center center","background-size":"auto","background-attachment":"scroll","background-type":"","background-media":"","overlay-type":"","overlay-color":"","overlay-opacity":"","overlay-gradient":""}},"footnotes":""},"categories":[15],"tags":[327],"class_list":["post-12656","post","type-post","status-publish","format-standard","has-post-thumbnail","hentry","category-6e","tag-ens-quedem-a-casa"],"post_mailing_queue_ids":[],"_links":{"self":[{"href":"https:\/\/agora.xtec.cat\/ceiptarra\/wp-json\/wp\/v2\/posts\/12656","targetHints":{"allow":["GET"]}}],"collection":[{"href":"https:\/\/agora.xtec.cat\/ceiptarra\/wp-json\/wp\/v2\/posts"}],"about":[{"href":"https:\/\/agora.xtec.cat\/ceiptarra\/wp-json\/wp\/v2\/types\/post"}],"author":[{"embeddable":true,"href":"https:\/\/agora.xtec.cat\/ceiptarra\/wp-json\/wp\/v2\/users\/3"}],"replies":[{"embeddable":true,"href":"https:\/\/agora.xtec.cat\/ceiptarra\/wp-json\/wp\/v2\/comments?post=12656"}],"version-history":[{"count":3,"href":"https:\/\/agora.xtec.cat\/ceiptarra\/wp-json\/wp\/v2\/posts\/12656\/revisions"}],"predecessor-version":[{"id":12767,"href":"https:\/\/agora.xtec.cat\/ceiptarra\/wp-json\/wp\/v2\/posts\/12656\/revisions\/12767"}],"wp:featuredmedia":[{"embeddable":true,"href":"https:\/\/agora.xtec.cat\/ceiptarra\/wp-json\/wp\/v2\/media\/12583"}],"wp:attachment":[{"href":"https:\/\/agora.xtec.cat\/ceiptarra\/wp-json\/wp\/v2\/media?parent=12656"}],"wp:term":[{"taxonomy":"category","embeddable":true,"href":"https:\/\/agora.xtec.cat\/ceiptarra\/wp-json\/wp\/v2\/categories?post=12656"},{"taxonomy":"post_tag","embeddable":true,"href":"https:\/\/agora.xtec.cat\/ceiptarra\/wp-json\/wp\/v2\/tags?post=12656"}],"curies":[{"name":"wp","href":"https:\/\/api.w.org\/{rel}","templated":true}]}}