{"id":12505,"date":"2020-04-13T09:00:30","date_gmt":"2020-04-13T07:00:30","guid":{"rendered":"http:\/\/agora.xtec.cat\/ceiptarra\/?p=12505"},"modified":"2020-04-13T09:30:33","modified_gmt":"2020-04-13T07:30:33","slug":"tasques-setmana-del-13-al-17-dabril-4","status":"publish","type":"post","link":"https:\/\/agora.xtec.cat\/ceiptarra\/primaria\/cicle-superior\/5e\/tasques-setmana-del-13-al-17-dabril-4\/","title":{"rendered":"Tasques setmana del 13 al 17 d&#8217;abril"},"content":{"rendered":"<p>Hola nens i nenes de 5\u00e8!! \ud83d\ude42<\/p>\n<p>Com esteu? Esperem que hagueu gaudit d&#8217;aquesta Setmana Santa d&#8217;una manera diferent, per\u00f2 igualment divertida i sobretot, en fam\u00edlia. Ja ens direu qu\u00e8 heu fet i sobretot, si heu fet alguna de les propostes que vam posar aqu\u00ed!!<\/p>\n<p>Com ja sabeu, comencem el <strong><span style=\"color: #000000;\">TERCER TRIMESTRE<\/span><\/strong>.<span style=\"color: #000000;\"> Aquest curs ho farem de manera virtual. Cada setmana us enviarem una proposta d&#8217;activitats i algunes seran avaluables. Us posarem una data m\u00e0xima d&#8217;entrega i haureu d&#8217;enviar-nos les tasques al mail de la classe. <\/span><strong>No us amo\u00efneu<\/strong>, per qualsevol dubte, consulta&#8230; sabeu que podeu contactar amb nosaltres a trav\u00e9s del mail. No seran activitats dif\u00edcils, ni de continguts que no hem treballat, aix\u00ed que tranquils i tranquil\u00b7les que ho fareu molt b\u00e9!<\/p>\n<p>COMENCEM!<\/p>\n<p><span style=\"color: #ff0000;\"><b>LLENGUA CATALANA<\/b><\/span><\/p>\n<ul>\n<li><span style=\"font-weight: 400;\">Llegeix atentament la lectura <\/span><b><a href=\"https:\/\/agora.xtec.cat\/ceiptarra\/wp-content\/uploads\/usu1004\/2020\/04\/El-ratol\u00ed-el-gat-i-el-gall.doc\" target=\"_blank\" rel=\"noopener noreferrer\">El ratol\u00ed, el gat i el gall<\/a><\/b><span style=\"font-weight: 400;\"> i contesta les preguntes que hi ha a continuaci\u00f3. Pots fer-ho directament al Word, imprimir-les i fer-les a boli\u00a0 o copiar-les a la llibreta de catal\u00e0 o en un full de paper.<strong> Aquesta activitat \u00e9s avaluable,<\/strong> per tant haur\u00e0s d&#8217;enviar el full amb les respostes al mail de la classe fins el <strong><span style=\"color: #000080;\">19 d\u2019abril.<\/span><\/strong><\/span><\/li>\n<\/ul>\n<p>&nbsp;<\/p>\n<ul>\n<li><span style=\"font-weight: 400;\">Llegeix atentament la lectura <\/span><b><a href=\"https:\/\/agora.xtec.cat\/ceiptarra\/wp-content\/uploads\/usu1004\/2020\/04\/Lase-de-tres-potes.docx\" target=\"_blank\" rel=\"noopener noreferrer\">L&#8217;ase de tres potes<\/a><\/b><span style=\"font-weight: 400;\"> i contesta les preguntes que hi ha a continuaci\u00f3.\u00a0<\/span><span style=\"font-weight: 400;\"><strong>Aquesta activitat \u00e9s avaluable<\/strong>, per tant haur\u00e0s d&#8217;enviar el full amb les respostes fins el<strong><span style=\"color: #000080;\"> 19<\/span> <span style=\"color: #000080;\">d\u2019abril.<\/span><\/strong><\/span><\/li>\n<\/ul>\n<p>&nbsp;<\/p>\n<ul>\n<li><b>Conte de Sant Jordi:<\/b><span style=\"font-weight: 400;\"> Cal que reviseu l\u2019esborrany del conte que hav\u00edeu fet la primera quinzena. Cal tenir en compte signes de puntuaci\u00f3, connectors, faltes d\u2019ortografia, que s\u2019entengui, vigilar interfer\u00e8ncies en castell\u00e0&#8230; Passeu-lo a ordinador amb el Word (aix\u00ed practiqueu inform\u00e0tica). Recordeu de fer un t\u00edtol maco i podeu afegir algun dibuix o foto. <strong>Aquesta activitat \u00e9s avaluable.<\/strong> Podeu enviar els vostres contes fins el 23 abril.<\/span><\/li>\n<\/ul>\n<p>&nbsp;<\/p>\n<p><span style=\"color: #800080;\"><b>LLENGUA CASTELLANA<\/b><\/span><\/p>\n<p><span style=\"font-weight: 400;\">Lee atentamente la lectura<\/span><b> <a href=\"https:\/\/agora.xtec.cat\/ceiptarra\/wp-content\/uploads\/usu1004\/2020\/04\/El-le\u00f1ador-honrado.doc\" target=\"_blank\" rel=\"noopener noreferrer\">El le\u00f1ador honrado<\/a><\/b><span style=\"font-weight: 400;\"> y contesta a las preguntas que hay a continuaci\u00f3n. <strong>Esta actividad es evaluable<\/strong>. Puedes enviar la hoja con las respuestas hasta el <strong><span style=\"color: #000080;\">19 de abril<\/span><\/strong>.\u00a0<\/span><\/p>\n<p>&nbsp;<\/p>\n<p><strong><span style=\"color: #0000ff;\">MATEM\u00c0TIQUES<\/span><\/strong><\/p>\n<ul>\n<li><b>DESPLEGAMENTS<\/b><\/li>\n<\/ul>\n<p><b>Observa aquests <a href=\"https:\/\/agora.xtec.cat\/ceiptarra\/wp-content\/uploads\/usu1004\/2020\/04\/DESPLEGAMENTS.docx\" target=\"_blank\" rel=\"noopener noreferrer\">DESPLEGAMENTS<\/a><\/b><\/p>\n<p><a href=\"https:\/\/agora.xtec.cat\/ceiptarra\/wp-content\/uploads\/usu1004\/2020\/04\/Captura-de-pantalla-2020-04-12-a-las-23.11.37.png\"><img loading=\"lazy\" decoding=\"async\" class=\"alignnone size-full wp-image-12544\" src=\"https:\/\/agora.xtec.cat\/ceiptarra\/wp-content\/uploads\/usu1004\/2020\/04\/Captura-de-pantalla-2020-04-12-a-las-23.11.37.png\" alt=\"\" width=\"962\" height=\"746\" srcset=\"https:\/\/agora.xtec.cat\/ceiptarra\/wp-content\/uploads\/usu1004\/2020\/04\/Captura-de-pantalla-2020-04-12-a-las-23.11.37.png 962w, https:\/\/agora.xtec.cat\/ceiptarra\/wp-content\/uploads\/usu1004\/2020\/04\/Captura-de-pantalla-2020-04-12-a-las-23.11.37-300x233.png 300w, https:\/\/agora.xtec.cat\/ceiptarra\/wp-content\/uploads\/usu1004\/2020\/04\/Captura-de-pantalla-2020-04-12-a-las-23.11.37-768x596.png 768w\" sizes=\"auto, (max-width: 962px) 100vw, 962px\" \/><\/a><\/p>\n<p><b>De tots aquests exemples, quins creus que corresponen a un <a href=\"https:\/\/agora.xtec.cat\/ceiptarra\/wp-content\/uploads\/usu1004\/2020\/04\/CUB.docx\" target=\"_blank\" rel=\"noopener noreferrer\">CUB<\/a>?\u00a0 \u00a0<\/b><\/p>\n<p><a href=\"https:\/\/agora.xtec.cat\/ceiptarra\/wp-content\/uploads\/usu1004\/2020\/04\/Captura-de-pantalla-2020-04-12-a-las-23.13.13.png\"><img loading=\"lazy\" decoding=\"async\" class=\"alignnone size-full wp-image-12545\" src=\"https:\/\/agora.xtec.cat\/ceiptarra\/wp-content\/uploads\/usu1004\/2020\/04\/Captura-de-pantalla-2020-04-12-a-las-23.13.13.png\" alt=\"\" width=\"258\" height=\"228\" \/><\/a><\/p>\n<p><b>Pensa i selecciona un dels que ho siguin (hi ha 4 opcions correctes).\u00a0<\/b><\/p>\n<p><span style=\"font-weight: 400;\">Abans de continuar, llegeix tota la feina que has de fer amb atenci\u00f3:<\/span><\/p>\n<p><span style=\"font-weight: 400;\">A un full quadriculat, dibuixa la plantilla que has seleccionat. <\/span><b>Cada quadrat<\/b><span style=\"font-weight: 400;\"> del desplegament <\/span><b>ha de mesurar 3 cm de<\/b> <b>costat.<\/b><span style=\"font-weight: 400;\"> Fes primer l\u2019estimaci\u00f3 per decidir quants full necessites i prepara els materials. Per fer aquesta activitat necessitar\u00e0s paper, regle, llapis, tisores, pegament o cel.lo i materials per decorar-ho.<\/span><\/p>\n<p><span style=\"font-weight: 400;\">Tamb\u00e9 haur\u00e0s de dibuixar unes pestanyes per poder despr\u00e9s enganxar els cubs, com aquest <a href=\"https:\/\/agora.xtec.cat\/ceiptarra\/wp-content\/uploads\/usu1004\/2020\/04\/EXEMPLE.docx\">EXEMPLE<\/a><\/span><\/p>\n<p><a href=\"https:\/\/agora.xtec.cat\/ceiptarra\/wp-content\/uploads\/usu1004\/2020\/04\/Captura-de-pantalla-2020-04-12-a-las-23.14.20.png\"><img loading=\"lazy\" decoding=\"async\" class=\"alignnone  wp-image-12547\" src=\"https:\/\/agora.xtec.cat\/ceiptarra\/wp-content\/uploads\/usu1004\/2020\/04\/Captura-de-pantalla-2020-04-12-a-las-23.14.20.png\" alt=\"\" width=\"306\" height=\"347\" srcset=\"https:\/\/agora.xtec.cat\/ceiptarra\/wp-content\/uploads\/usu1004\/2020\/04\/Captura-de-pantalla-2020-04-12-a-las-23.14.20.png 386w, https:\/\/agora.xtec.cat\/ceiptarra\/wp-content\/uploads\/usu1004\/2020\/04\/Captura-de-pantalla-2020-04-12-a-las-23.14.20-264x300.png 264w\" sizes=\"auto, (max-width: 306px) 100vw, 306px\" \/><\/a><\/p>\n<p><strong>A<\/strong><span style=\"font-weight: 400;\"><strong>tenci\u00f3<\/strong>: en el cas que no tinguis regle, pots utilitzar un llibre per fer les l\u00ednies rectes, i en lloc de fer 3 cm de costat doncs haur\u00e0s de mesurar comptant quadradets del full i mirant d\u2019aconseguir quadrats exactes.<\/span><\/p>\n<p><span style=\"font-weight: 400;\">Un cop tinguis dibuixat el desplegament, decora\u2019l al teu gust (pensa abans de dibuixar com quedar\u00e0 quan el dobleguem), (vigila amb les pestanyes, pensa abans!) i fes-li una foto. A continuaci\u00f3 doblega\u2019l fins arribar a muntar el cub. El darrer pas de tots ser\u00e0 enganxar per les zones de les pestanyes. Ja pots jugar amb ell!! Finalment, fes la foto definitiva del teu cub a la m\u00e0 (s\u2019ha de veure el teu palmell, per comprovar que les mides han estat correctes).<\/span><\/p>\n<p><span style=\"font-weight: 400;\">Pots enviar les fotos del desplegament dibuixat i dels cubs resultants per correu o b\u00e9 penjar-les al padlet.<\/span><\/p>\n<p><strong><span style=\"color: #003366;\">Sort! \ud83d\ude09\u00a0<\/span><\/strong><\/p>\n<p>&nbsp;<\/p>\n<ul>\n<li><b><i>FRACCIONS<\/i><\/b><\/li>\n<\/ul>\n<p><span style=\"font-weight: 400;\">Aquesta setmana proposem que repassis i entrenis les fraccions tal com est\u00e0vem fent a classe.<\/span><\/p>\n<p><span style=\"font-weight: 400;\">Per tal descalfar una mica les ments, comen\u00e7arem amb nivell 4. Podeu provar de fer aquestes activitats:\u00a0<\/span><\/p>\n<p><span style=\"font-weight: 400;\"><a href=\"https:\/\/es.ixl.com\/math\/4-primaria\" target=\"_blank\" rel=\"noopener noreferrer\">Nivell 4<\/a> \u00a0<\/span><\/p>\n<p><span style=\"font-weight: 400;\">Apartats:\u00a0<\/span><\/p>\n<ul>\n<li style=\"font-weight: 400;\"><span style=\"font-weight: 400;\">Comprendre fraccions: F1,F2,F3,F4,F5<\/span><\/li>\n<li style=\"font-weight: 400;\"><span style=\"font-weight: 400;\">Fracciones equivalentes G1<\/span><\/li>\n<\/ul>\n<p><span style=\"font-weight: 400;\">Quan hagueu escalfat una mica passem a fer el nivell 5. Apartat de FRACCIONS i feu els exercicis E1, E2, E3, E4,E5,E5,E9 I E10.<\/span><\/p>\n<p><span style=\"font-weight: 400;\"> <a href=\"https:\/\/es.ixl.com\/math\/5-primaria\" target=\"_blank\" rel=\"noopener noreferrer\">Nivell 5<\/a> \u00a0<\/span><\/p>\n<p><span style=\"font-weight: 400;\">\u00c9s important que si no encerteu, abans de continuar, pareu a llegir l\u2019explicaci\u00f3 que d\u00f3na el programa per entendre l\u2019error i continuar practicant.\u00a0<\/span><\/p>\n<p>&nbsp;<\/p>\n<ul>\n<li><b>PRACTIQUEM MULTIPLICACIONS!\u00a0<\/b><\/li>\n<\/ul>\n<p><b>\u00a0<\/b><span style=\"font-weight: 400;\">Aquesta proposta no ha de ser nom\u00e9s per aquesta setmana. Podeu fer-ne cada setmana alguna pr\u00e0ctica, com f\u00e8iem al cole per tal de no perdre el costum.\u00a0<\/span><\/p>\n<p><span style=\"font-weight: 400;\">Entra en aquesta <a href=\"https:\/\/www.tablasdemultiplicar.com\/\" target=\"_blank\" rel=\"noopener noreferrer\">web!<\/a> Juga i repassa les taules de multiplicar! No se\u2019ns poden oblidar!<\/span><\/p>\n<p><span style=\"font-weight: 400;\">A finals de setmana si has practicat i si t\u2019animes podeu fer Quinzet!\u00a0<\/span><\/p>\n<p>&nbsp;<\/p>\n<ul>\n<li><span style=\"font-weight: 400;\"><strong>C\u00c0LCUL MENTAL<\/strong><\/span><\/li>\n<\/ul>\n<p><span style=\"font-weight: 400;\">Entra en aquesta <a href=\"https:\/\/agora.xtec.cat\/ceip-lamonjoia\/wp-content\/uploads\/usu1254\/2020\/03\/Quinzet-rapidesa-c%C3%A0lcul-mental.pdf\" target=\"_blank\" rel=\"noopener noreferrer\">p\u00e0gina<\/a><\/span><\/p>\n<p><span style=\"font-weight: 400;\">Si tens impressora pots descarregar i imprimir les fitxes de Cinqu\u00e8 curs que s\u00f3n les fitxes 14-15-16-17. Pots jugar tu mateix! Practicar restes, sumes, multiplicacions i divisions. Recorda! Cronometrar 2 minuts. Quan s\u2019acabi el temps, corregeixes i fas el recompte! Has de superar m\u00ednim la primera columna!\u00a0<\/span><\/p>\n<p><span style=\"font-weight: 400;\">Si no tens impressora a casa, pots copiar-ho en un full.\u00a0\u00a0<\/span><\/p>\n<p><strong><span style=\"color: #0000ff;\">\u00c0nims!\u00a0 A veure fins on arribes!<\/span><\/strong><\/p>\n<p>&nbsp;<\/p>\n<p><span style=\"color: #008000;\"><b>MEDI<\/b><\/span><\/p>\n<p><span style=\"font-weight: 400;\">La primera setmana us vam demanar que fessiu un <\/span><span style=\"font-weight: 400;\">treball sobre<strong> una malaltia<\/strong><\/span><span style=\"font-weight: 400;\"> a elegir. Ens agradaria que ens enviessiu aquests treballs (els que encara no ho han fet).Si el vau fer a m\u00e0, podeu escanejar-lo o fer-li una foto i enviar-lo al mail de la classe.Si el tenia en format Word ho envieu aix\u00ed. <strong>Aquesta activitat \u00e9s avaluable.<\/strong> La data m\u00e0xima per enviar el treball ser\u00e0 el\u00a0 <\/span><strong><span style=\"color: #ff0000;\">26\u00a0 d\u2019abril.<\/span>\u00a0<\/strong><\/p>\n<p>&nbsp;<\/p>\n<p><span style=\"font-weight: 400;\">I pels que ja ho han fet us proposem una activitat per passar una bona estona i aprendre m\u00e9s sobre salut i malaltia. Podeu accedir-hi\u00a0<a href=\"https:\/\/cplosangeles.educarex.es\/web\/edilim\/curso_2\/cmedio\/salud02\/salud02.html\" target=\"_blank\" rel=\"noopener noreferrer\">aqu\u00ed.<\/a><\/span><\/p>\n<p>&nbsp;<\/p>\n<p><strong><span style=\"color: #ff6600;\">M\u00daSICA<\/span><\/strong><\/p>\n<p><span style=\"font-weight: 400;\">Us convido a veure un espectacle de l\u2019Auditori de Barcelona que ha tingut molt \u00e8xit i va exhaurir entrades. L\u2019han obert perqu\u00e8 aquests dies de confinament el puguem veure. \u00c9s un espectacle de percussi\u00f3 en el que participa un dels professors de percussi\u00f3 de l\u2019escola d\u2019Arts en Viu del Prat. Per veure\u2019l heu de tenir un paper i un llapis a la m\u00e0 ja que en un moment haureu de participar. <strong>Espero que us agradi! \ud83d\ude1b\u00a0<\/strong><\/span><\/p>\n<div class=\"ast-oembed-container \" style=\"height: 100%;\"><iframe loading=\"lazy\" title=\"OUT OF THE [CAGE]  \/ A partir de 6 anys\" width=\"500\" height=\"281\" src=\"https:\/\/www.youtube.com\/embed\/19lwAxypFPY?start=224&#038;feature=oembed\" frameborder=\"0\" allow=\"accelerometer; autoplay; clipboard-write; encrypted-media; gyroscope; picture-in-picture; web-share\" referrerpolicy=\"strict-origin-when-cross-origin\" allowfullscreen><\/iframe><\/div>\n<p>&nbsp;<\/p>\n<p><span style=\"color: #333300;\"><b>EDUCACI\u00d3 F\u00cdSICA<\/b><\/span><\/p>\n<p><span style=\"font-weight: 400;\">Hola a totes i tots, us envio un <a href=\"https:\/\/view.genial.ly\/5e885a84260c290e39a34e31\/presentation-educacio-fisica-escola-josep-tarradellas-estefania-p\" target=\"_blank\" rel=\"noopener noreferrer\">genial.ly<\/a>\u00a0per a fer aquesta setmana d\u2019educaci\u00f3 f\u00edsica. Enviar-me els v\u00eddeos de les activitats proposades.<\/span><\/p>\n<p>&nbsp;<\/p>\n<p><span style=\"color: #ff00ff;\"><b>ANGL\u00c8S<\/b><\/span><\/p>\n<p><span style=\"font-weight: 400;\">Hello again class!! Here you have some activities for this week.\u00a0<\/span><\/p>\n<p><b>Activity number 1:<\/b><\/p>\n<p><span style=\"font-weight: 400;\">1-Enter this <a href=\"https:\/\/www.liveworksheets.com\/worksheets\/en\/English_as_a_Second_Language_(ESL)\/There_is_-_there_are\/There_is_-_there_are_na601gy\">website<\/a> <\/span><\/p>\n<p><span style=\"font-weight: 400;\">2-Complete the sheet and when you have done it, press finish to check your mistakes.<\/span><\/p>\n<p>&nbsp;<\/p>\n<p><b>Activity number 2:<\/b><\/p>\n<p><span style=\"font-weight: 400;\">Last month we were learning interesting things about the UK and its traditions, it is time to learn about Easter.<\/span><\/p>\n<p><span style=\"font-weight: 400;\">Watch the video<\/span><\/p>\n<div class=\"ast-oembed-container \" style=\"height: 100%;\"><iframe loading=\"lazy\" title=\"Easter in Britain avi\" width=\"500\" height=\"281\" src=\"https:\/\/www.youtube.com\/embed\/3fh6-C3S1hs?feature=oembed\" frameborder=\"0\" allow=\"accelerometer; autoplay; clipboard-write; encrypted-media; gyroscope; picture-in-picture; web-share\" referrerpolicy=\"strict-origin-when-cross-origin\" allowfullscreen><\/iframe><\/div>\n<p><span style=\"font-weight: 400;\">Then write what the video is about. (between 20-30 words)<\/span><\/p>\n<p><strong>Please send your writings before : Sunday the 19th of April, 2020<\/strong><\/p>\n<p>&nbsp;<\/p>\n<p><span style=\"color: #ff0000;\"><strong>Cultura digital<\/strong><\/span><\/p>\n<p>Primer de tot us volem felicitar als que vau hackejar la vostra habitaci\u00f3. Han quedat molt b\u00e9. De ben segur que aun tornem podrem veure-les totes. Si alg\u00fa o alguna encara no l&#8217;ha fet, podeu fer-la i pujar-la.<\/p>\n<p>Alguns de vosaltres esteu tenint problemes per accedir al compte d&#8217;scratch, us deixem un manual perqu\u00e8 pogueu fer-ho sense problema: <a href=\"https:\/\/agora.xtec.cat\/ceiptarra\/wp-content\/uploads\/usu1004\/2020\/04\/Tutorial-per-accedir-a-Scratch.pdf\" target=\"_blank\" rel=\"noopener noreferrer\">Tutorial per accedir a Scratch<\/a><\/p>\n<p>I per aquesta setmana us proposem un nou repte del Frank Sabat\u00e9, aquesta vegada fer un joc. Recordeu d&#8217;anar desant-lo als projectes, tal i com s&#8217;explica al manual.<\/p>\n<div class=\"ast-oembed-container \" style=\"height: 100%;\"><iframe loading=\"lazy\" title=\"Com fer un joc d&#039;endevinar un n\u00famero secret amb Scratch 2 en menys de 5 minuts!\" width=\"500\" height=\"281\" src=\"https:\/\/www.youtube.com\/embed\/YUBkw_CCf9Y?feature=oembed\" frameborder=\"0\" allow=\"accelerometer; autoplay; clipboard-write; encrypted-media; gyroscope; picture-in-picture; web-share\" referrerpolicy=\"strict-origin-when-cross-origin\" allowfullscreen><\/iframe><\/div>\n<p>&nbsp;<\/p>\n<p>&nbsp;<\/p>\n<p><strong><span style=\"color: #339966;\">RELIGI\u00d3<\/span><\/strong><\/p>\n<p><span style=\"font-weight: 400;\">Els \u00faltims dies de religi\u00f3 vam estar investigant i vam con\u00e8ixer diferents ONG\u2019s i la manera en que ajuden als altres. Ara et proposo que busquis accions solidaries que estan duent a terme algunes persones per col\u00b7laborar en aquests dies de confinament. Poden ser per aturar el virus, per entretenir, per ajudar als que tenen m\u00e9s a prop&#8230;<\/span><\/p>\n<p><span style=\"font-weight: 400;\">Tamb\u00e9 vull que pensis si tu pots fer alguna cosa per aturar al virus o per ajudar als altres.<\/span><\/p>\n<p><span style=\"font-weight: 400;\">Quan ho tinguis, <strong>l\u2019has d\u2019enviar al correu de classe i posar a l\u2019assumpte &#8220;Blanca&#8221;.<\/strong><\/span><\/p>\n<p>&nbsp;<\/p>\n","protected":false},"excerpt":{"rendered":"<p>Hola nens i nenes de 5\u00e8!! \ud83d\ude42 Com esteu? Esperem que hagueu gaudit d&#8217;aquesta Setmana Santa d&#8217;una manera diferent, per\u00f2 igualment divertida i sobretot, en fam\u00edlia. Ja ens direu qu\u00e8 heu fet i sobretot, si heu fet alguna de les propostes que vam posar aqu\u00ed!! Com ja sabeu, comencem el TERCER TRIMESTRE. Aquest curs ho [&hellip;]<\/p>\n","protected":false},"author":128,"featured_media":12417,"comment_status":"open","ping_status":"closed","sticky":false,"template":"","format":"standard","meta":{"_bbp_topic_count":0,"_bbp_reply_count":0,"_bbp_total_topic_count":0,"_bbp_total_reply_count":0,"_bbp_voice_count":0,"_bbp_anonymous_reply_count":0,"_bbp_topic_count_hidden":0,"_bbp_reply_count_hidden":0,"_bbp_forum_subforum_count":0,"site-sidebar-layout":"default","site-content-layout":"","ast-site-content-layout":"","site-content-style":"default","site-sidebar-style":"default","ast-global-header-display":"","ast-banner-title-visibility":"","ast-main-header-display":"","ast-hfb-above-header-display":"","ast-hfb-below-header-display":"","ast-hfb-mobile-header-display":"","site-post-title":"","ast-breadcrumbs-content":"","ast-featured-img":"","footer-sml-layout":"","theme-transparent-header-meta":"","adv-header-id-meta":"","stick-header-meta":"","header-above-stick-meta":"","header-main-stick-meta":"","header-below-stick-meta":"","astra-migrate-meta-layouts":"default","ast-page-background-enabled":"default","ast-page-background-meta":{"desktop":{"background-color":"var(--ast-global-color-4)","background-image":"","background-repeat":"repeat","background-position":"center center","background-size":"auto","background-attachment":"scroll","background-type":"","background-media":"","overlay-type":"","overlay-color":"","overlay-opacity":"","overlay-gradient":""},"tablet":{"background-color":"","background-image":"","background-repeat":"repeat","background-position":"center center","background-size":"auto","background-attachment":"scroll","background-type":"","background-media":"","overlay-type":"","overlay-color":"","overlay-opacity":"","overlay-gradient":""},"mobile":{"background-color":"","background-image":"","background-repeat":"repeat","background-position":"center center","background-size":"auto","background-attachment":"scroll","background-type":"","background-media":"","overlay-type":"","overlay-color":"","overlay-opacity":"","overlay-gradient":""}},"ast-content-background-meta":{"desktop":{"background-color":"var(--ast-global-color-5)","background-image":"","background-repeat":"repeat","background-position":"center center","background-size":"auto","background-attachment":"scroll","background-type":"","background-media":"","overlay-type":"","overlay-color":"","overlay-opacity":"","overlay-gradient":""},"tablet":{"background-color":"var(--ast-global-color-5)","background-image":"","background-repeat":"repeat","background-position":"center center","background-size":"auto","background-attachment":"scroll","background-type":"","background-media":"","overlay-type":"","overlay-color":"","overlay-opacity":"","overlay-gradient":""},"mobile":{"background-color":"var(--ast-global-color-5)","background-image":"","background-repeat":"repeat","background-position":"center center","background-size":"auto","background-attachment":"scroll","background-type":"","background-media":"","overlay-type":"","overlay-color":"","overlay-opacity":"","overlay-gradient":""}},"footnotes":""},"categories":[14],"tags":[327],"class_list":["post-12505","post","type-post","status-publish","format-standard","has-post-thumbnail","hentry","category-5e","tag-ens-quedem-a-casa"],"post_mailing_queue_ids":[],"_links":{"self":[{"href":"https:\/\/agora.xtec.cat\/ceiptarra\/wp-json\/wp\/v2\/posts\/12505","targetHints":{"allow":["GET"]}}],"collection":[{"href":"https:\/\/agora.xtec.cat\/ceiptarra\/wp-json\/wp\/v2\/posts"}],"about":[{"href":"https:\/\/agora.xtec.cat\/ceiptarra\/wp-json\/wp\/v2\/types\/post"}],"author":[{"embeddable":true,"href":"https:\/\/agora.xtec.cat\/ceiptarra\/wp-json\/wp\/v2\/users\/128"}],"replies":[{"embeddable":true,"href":"https:\/\/agora.xtec.cat\/ceiptarra\/wp-json\/wp\/v2\/comments?post=12505"}],"version-history":[{"count":3,"href":"https:\/\/agora.xtec.cat\/ceiptarra\/wp-json\/wp\/v2\/posts\/12505\/revisions"}],"predecessor-version":[{"id":12548,"href":"https:\/\/agora.xtec.cat\/ceiptarra\/wp-json\/wp\/v2\/posts\/12505\/revisions\/12548"}],"wp:featuredmedia":[{"embeddable":true,"href":"https:\/\/agora.xtec.cat\/ceiptarra\/wp-json\/wp\/v2\/media\/12417"}],"wp:attachment":[{"href":"https:\/\/agora.xtec.cat\/ceiptarra\/wp-json\/wp\/v2\/media?parent=12505"}],"wp:term":[{"taxonomy":"category","embeddable":true,"href":"https:\/\/agora.xtec.cat\/ceiptarra\/wp-json\/wp\/v2\/categories?post=12505"},{"taxonomy":"post_tag","embeddable":true,"href":"https:\/\/agora.xtec.cat\/ceiptarra\/wp-json\/wp\/v2\/tags?post=12505"}],"curies":[{"name":"wp","href":"https:\/\/api.w.org\/{rel}","templated":true}]}}