{"id":12453,"date":"2020-04-12T23:33:10","date_gmt":"2020-04-12T21:33:10","guid":{"rendered":"http:\/\/agora.xtec.cat\/ceiptarra\/?p=12453"},"modified":"2020-04-20T09:25:38","modified_gmt":"2020-04-20T07:25:38","slug":"tasques-setmana-del-13-al-17-dabril-8","status":"publish","type":"post","link":"https:\/\/agora.xtec.cat\/ceiptarra\/primaria\/cicle-mitja\/3r\/tasques-setmana-del-13-al-17-dabril-8\/","title":{"rendered":"Tasques setmana del 13 al 17 d&#8217;abril"},"content":{"rendered":"<p>&nbsp;<\/p>\n<p><span style=\"font-weight: 400;\">Apreciat alumnat de 3r, tot i que aquestes vacances de Setmana Santa les hem hagut de passar a casa, esperem que amb el ventall d\u2019activitats que us vam oferir, hagin estat d\u2019alguna manera m\u00e9s amenes i que hagueu gaudit en fam\u00edlia amb molt d\u2019afecte.\u00a0<\/span><\/p>\n<p><b>Iniciem el 3r trimestre<\/b><span style=\"font-weight: 400;\"> amb noves propostes de treball! <\/span><span style=\"font-weight: 400;\">Llegiu amb deteniment perqu\u00e8 algunes d\u2019elles s\u00f3n avaluatives i tenen data d\u2019entrega. Si teniu alguna dificultat per fer-les, entregar-les&#8230; en la data estimada, no patiu, ens feu arribar un correu i mirarem d\u2019ajudar-vos.<\/span><\/p>\n<p>&nbsp;<\/p>\n<p><span style=\"color: #ffcc00;\"><b>Catal\u00e0:<\/b><\/span><\/p>\n<ul>\n<li style=\"font-weight: 400;\"><b>Juguem una estona?<\/b><span style=\"font-weight: 400;\"> A continuaci\u00f3, visioneu el seg\u00fcent <\/span>v\u00eddeo<span style=\"font-weight: 400;\"> i realitzeu la proposta (si no teniu xapes, feu servir els taps de les ampolles de pl\u00e0stic). Recordeu que a la carpeta teniu la <\/span><b>plantilla<\/b><span style=\"font-weight: 400;\"> del <\/span><b>text instructiu del joc<\/b><span style=\"font-weight: 400;\"> per seguir els passos. Aquesta activitat ser\u00e0 <\/span><b>avaluativa<\/b><span style=\"font-weight: 400;\"><span style=\"font-weight: 400;\">, per tant, intenteu fer-la sols.<\/span><\/span><\/li>\n<\/ul>\n<p><b>\u00a0 \u00a0 Data l\u00edmit<\/b><span style=\"font-weight: 400;\"> per entregar-la per correu el <\/span><b>21 d\u2019abril<\/b><span style=\"font-weight: 400;\">.<\/span><\/p>\n<p><iframe loading=\"lazy\" src=\"https:\/\/www.youtube.com\/embed\/UxdRiirAu7o?feature=oembed\" width=\"825\" height=\"464\" frameborder=\"0\"><\/iframe><\/p>\n<ul>\n<li style=\"font-weight: 400;\"><span style=\"font-weight: 400;\">Al seg\u00fcent <\/span><a href=\"https:\/\/author.weeras.com\/ebook\/html5\/?content=142281\" target=\"_blank\" rel=\"noopener noreferrer\"><b>enlla\u00e7<\/b><\/a><span style=\"font-weight: 400;\"> trobareu un<\/span><b> text<\/b><span style=\"font-weight: 400;\"> per llegir: <\/span><b>\u201cQUE DESPISTAT!\u201d<\/b><span style=\"font-weight: 400;\"> amb les seves respectives preguntes (feu clic a la pestanya <\/span><b>1.<\/b> <b>lectura + activitats<\/b><span style=\"font-weight: 400;\">). Quan acabeu de llegir la hist\u00f2ria heu d\u2019anar a l\u2019apartat de les activitats, feu clic al llapis que us sortir\u00e0 a la part dreta de la pantalla.\u00a0<\/span><\/li>\n<\/ul>\n<p><b>IMPORTANT:<\/b><span style=\"font-weight: 400;\"> per poder passar de p\u00e0gina, heu de contestar correctament <\/span><b>TOTES<\/b><span style=\"font-weight: 400;\"> les preguntes.<\/span><\/p>\n<p>&nbsp;<\/p>\n<p><span style=\"color: #ff0000;\"><b>Castellano:<\/b><\/span><\/p>\n<ul>\n<li style=\"font-weight: 400;\"><span style=\"font-weight: 400;\">Esta semana os proponemos una <\/span><b>actividad con mucho ritmo<\/b><span style=\"font-weight: 400;\">. Haz servir la <strong><a href=\"https:\/\/agora.xtec.cat\/ceiptarra\/wp-content\/uploads\/usu1004\/2020\/04\/CANCION-RESISTIRE.-RELLENAR-ESPACIOS-EN-BLANCO.docx\">ficha<\/a><\/strong> que te adjuntamos con la letra de la canci\u00f3n. Consistir\u00e1 en <\/span><b>rellenar los espacios en blanco<\/b><span style=\"font-weight: 400;\"> que os encontrar\u00e9is. Atentos porque puede faltar m\u00e1s de una palabra.<\/span><\/li>\n<\/ul>\n<p><b>Los que NO teng\u00e1is impresora:<\/b><\/p>\n<p><span style=\"font-weight: 400;\">Para poder escribir en los rect\u00e1ngulos, tendr\u00e9is que eliminarlos y escribir la palabra en otro color.<\/span><\/p>\n<p><span style=\"font-weight: 400;\">Haced click en la siguiente <\/span>canci\u00f3n <span style=\"font-weight: 400;\">y\u2026\u00a1Qu\u00e9 empiece el espect\u00e1culo!\u00a0\u00a0<\/span><\/p>\n<p><span style=\"font-weight: 400;\">Si os anim\u00e1is, os pod\u00e9is grabar\u00a0 y compartirla con nosotros en el padlet.\u00a0<\/span><\/p>\n<p><span style=\"font-weight: 400;\">\u00a1Estamos deseando ver vuestra actuaci\u00f3n!<\/span><\/p>\n<div class=\"ast-oembed-container \" style=\"height: 100%;\"><iframe loading=\"lazy\" title=\"Resistir\u00e9 2020 - Video Oficial\" width=\"500\" height=\"281\" src=\"https:\/\/www.youtube.com\/embed\/hl3B4Ql8RtQ?feature=oembed\" frameborder=\"0\" allow=\"accelerometer; autoplay; clipboard-write; encrypted-media; gyroscope; picture-in-picture; web-share\" referrerpolicy=\"strict-origin-when-cross-origin\" allowfullscreen><\/iframe><\/div>\n<ul>\n<li style=\"font-weight: 400;\"><span style=\"font-weight: 400;\">En estos enlaces encontrar\u00e9is unas actividades para trabajar la ortograf\u00eda y as\u00ed recordar lo que trabajamos en clase a trav\u00e9s de los dictados preparados.\u00a0<\/span>\n<ul>\n<li style=\"font-weight: 400;\"><a href=\"http:\/\/www.edu365.cat\/primaria\/castella\/ortografiate\/ortografiate3\/contenido\/sd01\/sd01_oa05\/index.html\" target=\"_blank\" rel=\"noopener noreferrer\"><b>Palabras con J y G\u00a0<\/b><\/a><\/li>\n<li style=\"font-weight: 400;\"><a href=\"http:\/\/www.edu365.cat\/primaria\/castella\/ortografiate\/ortografiate3\/contenido\/sd01\/sd01_oa02\/index.html\" target=\"_blank\" rel=\"noopener noreferrer\"><b>Palabras con H<\/b><\/a><\/li>\n<\/ul>\n<\/li>\n<\/ul>\n<p>&nbsp;<\/p>\n<p><span style=\"color: #cc99ff;\"><b>Angl\u00e8s:\u00a0<\/b><\/span><\/p>\n<ul>\n<li style=\"font-weight: 400;\"><span style=\"font-weight: 400;\">Aquesta setmana us deixo unes <strong><a href=\"https:\/\/docs.google.com\/forms\/d\/e\/1FAIpQLSdWNf2pEzqUOCVEQT7GllkDA5_noTBNv58RNAo9nG9xOgardA\/viewform\" target=\"_blank\" rel=\"noopener noreferrer\">activitats<\/a><\/strong> de Reading i Writing perqu\u00e8 m&#8217;envieu. Jo podr\u00e9 veure les vostres respostes i ajudar-vos a continuar aprenent i millorant. Intenteu fer-la sols, sense ajuda. <strong>Ser\u00e0 una activitat avaluativa. Me la podeu fer arribar fins el dia 19 d&#8217;abril.<\/strong><\/span><\/li>\n<li style=\"font-weight: 400;\"><span style=\"font-weight: 400;\">Tamb\u00e9 us deixo un <strong><a href=\"https:\/\/en.islcollective.com\/video-lessons\/3ed8355d029adfa78fff9c6d7da7ef18\" target=\"_blank\" rel=\"noopener noreferrer\">video<\/a> <\/strong>amb unes preguntes, com els que hem fet algun dia a classe, perqu\u00e8 practiqueu el Listening.<\/span><\/li>\n<\/ul>\n<p>&nbsp;<\/p>\n<p><span style=\"color: #3366ff;\"><b>Matem\u00e0tiques:<\/b><\/span><\/p>\n<ul>\n<li><b>Fitxa <a href=\"https:\/\/agora.xtec.cat\/ceiptarra\/wp-content\/uploads\/usu1004\/2020\/04\/1.-ITINERARIS-I-GR\u00c0FICS.docx\" target=\"_blank\" rel=\"noopener noreferrer\">\u201cITINERARIS I GR\u00c0FICS\u201d<\/a>. <span style=\"font-weight: 400;\">\u00c9s una fitxa on podreu posar a prova les vostres capacitats per analitzar gr\u00e0fics, moure\u2019s per itineraris i seguir coordenades. Ens l\u2019heu d&#8217;enviar per correu i aix\u00ed podrem fer un seguiment de les vostra tasca i de la vostra evoluci\u00f3.<\/span><\/b><\/li>\n<\/ul>\n<p><span style=\"font-weight: 400;\">Aquesta activitat ser\u00e0 <\/span><b>avaluativa<\/b><span style=\"font-weight: 400;\">, per tant, intenteu fer-la sols.<\/span><\/p>\n<p><b>Data l\u00edmit<\/b><span style=\"font-weight: 400;\"> per entregar-la el <\/span><b>24 d\u2019abril<\/b><span style=\"font-weight: 400;\">.<\/span><\/p>\n<p>&nbsp;<\/p>\n<ul>\n<li><b>Mesura: FEM UN COMECOCOS!<\/b><\/li>\n<\/ul>\n<p><span style=\"font-weight: 400;\">Materials necessaris: paper, llapis, regle, tisores i elements per decorar com colors, gomets, etc.<\/span><\/p>\n<p><span style=\"font-weight: 400;\">Agafa un full i amb l\u2019ajuda del <\/span><b>regle <\/b><span style=\"font-weight: 400;\">dibuixa un quadrat que mesuri <\/span><b>18 cm de costat<\/b><span style=\"font-weight: 400;\">. Si et costa, pots fer servir un full quadriculat, ja que d\u2019aquesta manera el sortir\u00e0 un quadrat perfecte. (En el cas de que no tinguis regle, pots fer-ho comptant els quadradets del full)<\/span><\/p>\n<p><span style=\"font-weight: 400;\">Un cop tinguis el quadrat fet, retalla\u2019l.\u00a0<\/span><span style=\"font-weight: 400;\">Atenci\u00f3: al tutorial que veur\u00e0s a continuaci\u00f3 no han mesurat amb el regle, <\/span><b>per\u00f2 tu s\u00ed que ho haur\u00e0s de fer, perqu\u00e8 la mida que volem \u00e9s diferent.<\/b><\/p>\n<div class=\"ast-oembed-container \" style=\"height: 100%;\"><iframe loading=\"lazy\" title=\"Juego Origami Comecocos\" width=\"500\" height=\"281\" src=\"https:\/\/www.youtube.com\/embed\/6hO_gVh7qLU?feature=oembed\" frameborder=\"0\" allow=\"accelerometer; autoplay; clipboard-write; encrypted-media; gyroscope; picture-in-picture; web-share\" referrerpolicy=\"strict-origin-when-cross-origin\" allowfullscreen><\/iframe><\/div>\n<p><span style=\"font-weight: 400;\">I ja tens el teu comecocos preparat per guarnir-lo de la manera que m\u00e9s t\u2019agradi!<\/span><\/p>\n<p><span style=\"font-weight: 400;\">Opcional: un cop el tinguis acabat, fes-li una foto i penja-la al Padlet. Volem veure qu\u00e8 b\u00e9 que t\u2019ha sortit!<\/span><\/p>\n<ul>\n<li style=\"font-weight: 400;\"><span style=\"font-weight: 400;\">Us fem arribar un <\/span><strong>nou repte<\/strong><span style=\"font-weight: 400;\">, trobareu la soluci\u00f3 vosaltres sols\/es?\u00a0<\/span><\/li>\n<\/ul>\n<p><span style=\"font-weight: 400;\">La propera setmana actualitzarem l\u2019article i us penjarem la soluci\u00f3.\u00a0<\/span><\/p>\n<p><b>Recordeu<\/b><span style=\"font-weight: 400;\"> que si teniu dubtes, ens podeu demanar ajuda. \u00c0nims!<\/span><\/p>\n<div class=\"ast-oembed-container \" style=\"height: 100%;\"><iframe loading=\"lazy\" title=\"La gallina, el zorro y las mazorcas\" width=\"500\" height=\"281\" src=\"https:\/\/www.youtube.com\/embed\/9yNHNdg74mA?feature=oembed\" frameborder=\"0\" allow=\"accelerometer; autoplay; clipboard-write; encrypted-media; gyroscope; picture-in-picture; web-share\" referrerpolicy=\"strict-origin-when-cross-origin\" allowfullscreen><\/iframe><\/div>\n<p>Us deixem la <strong>soluci\u00f3<\/strong><\/p>\n<p><iframe loading=\"lazy\" src=\"\/\/www.youtube.com\/embed\/DfycPtUHWzc\" width=\"560\" height=\"315\" frameborder=\"0\"><\/iframe><\/p>\n<p><span style=\"color: #99cc00;\"><b>Medi:<\/b><\/span><\/p>\n<ul>\n<li style=\"list-style-type: none;\">\n<ul style=\"list-style-type: disc;\">\n<li style=\"font-weight: 400;\"><span style=\"font-weight: 400;\">Us animem a que jugueu al joc dels <\/span><b>H\u00c0BITS SALUDABLES!!! <\/b><span style=\"font-weight: 400;\">Els materials que us fem arribar s\u00f3n els seg\u00fcents:<\/span><\/li>\n<\/ul>\n<ul style=\"list-style-type: circle;\">\n<li><a href=\"https:\/\/agora.xtec.cat\/ceiptarra\/wp-content\/uploads\/usu1004\/2020\/04\/TAULELL-JOC.pdf\" target=\"_blank\" rel=\"noopener noreferrer\"><b>Taulell del joc<\/b><\/a><\/li>\n<li><a style=\"color: #2795b6; font-weight: 400;\" href=\"https:\/\/agora.xtec.cat\/ceiptarra\/wp-content\/uploads\/usu1004\/2020\/04\/Dades-Joc-dels-h\u00e0bits-saludables-1.docx\" target=\"_blank\" rel=\"noopener noreferrer\"><strong>Dades Joc dels h\u00e0bits saludables<\/strong> <\/a><span style=\"font-weight: 400;\">per anar apuntant els encerts<\/span><\/li>\n<li><span style=\"font-weight: 400;\"><strong><a href=\"https:\/\/agora.xtec.cat\/ceiptarra\/wp-content\/uploads\/usu1004\/2020\/04\/PREGUNTES-JOC-DE-TAULA-PER-CASA.pdf\" target=\"_blank\" rel=\"noopener noreferrer\">Preguntes joc de taula per casa\u00a0<\/a><\/strong>per casa<\/span><\/li>\n<li><a href=\"https:\/\/agora.xtec.cat\/ceiptarra\/wp-content\/uploads\/usu1004\/2020\/04\/INFORMACI\u00d3-complement\u00e0ria-JOCS-DH\u00c0BITS-SALUDABLES.pdf\" target=\"_blank\" rel=\"noopener noreferrer\"><b>Informaci\u00f3 complement\u00e0ria<\/b><\/a><span style=\"font-weight: 400;\"> que us ajudar\u00e0 a contestar algunes de les preguntes: 10 trucs per ser m\u00e9s actiu, pir\u00e0mide de l\u2019alimentaci\u00f3, pir\u00e0mide de l\u2019activitat f\u00edsica i el dec\u00e0leg dels h\u00e0bits saludables.<\/span><\/li>\n<\/ul>\n<\/li>\n<\/ul>\n<p><span style=\"font-weight: 400;\">Pels que <\/span><b>NO<\/b><span style=\"font-weight: 400;\"> teniu<\/span><b> impressora <\/b><span style=\"font-weight: 400;\">us donem algunes alternatives:<\/span><\/p>\n<ul>\n<li style=\"list-style-type: none;\">\n<ul>\n<li style=\"font-weight: 400;\"><span style=\"font-weight: 400;\">El <\/span><b>taulell del joc<\/b><span style=\"font-weight: 400;\"> ho podeu dibuixar o fer servir la tauleta com a taulell.<\/span><\/li>\n<li style=\"font-weight: 400;\"><span style=\"font-weight: 400;\">La <\/span><b>graella de dades<\/b><span style=\"font-weight: 400;\"> us la podeu fer vosaltres mateixos en un full de forma m\u00e9s senzilla o escriure directament en el document la puntuaci\u00f3.<\/span><\/li>\n<li style=\"font-weight: 400;\"><b>Preguntes jocs de taula <\/b><span style=\"font-weight: 400;\">i <\/span><b>la informaci\u00f3 complement\u00e0ria<\/b><span style=\"font-weight: 400;\">, tenint un dispositiu digital per poder-les llegir no fa falta imprimir-les<\/span><\/li>\n<\/ul>\n<\/li>\n<\/ul>\n<p><span style=\"font-weight: 400;\">Feu equips per jugar, recordeu que tamb\u00e9 necessiteu <\/span><b>un dau<\/b><span style=\"font-weight: 400;\"> i <\/span><b>una fitxa per cada equip<\/b><span style=\"font-weight: 400;\">.<\/span><\/p>\n<p><span style=\"font-weight: 400;\">Qui llenci el dau, ha d\u2019anar a la casella corresponent, contestar la pregunta\u00a0 i fer l\u2019activitat f\u00edsica que marca la targeta. Si no s\u2019encerta la resposta, l\u2019equip es quedar\u00e0 un torn sense jugar.\u00a0<\/span><\/p>\n<p><span style=\"font-weight: 400;\">Esteu preparats?<\/span><\/p>\n<p><b>COMEN\u00c7A LA COMPETICI\u00d3 FAMILIAR!!!<\/b><\/p>\n<p>&nbsp;<\/p>\n<p><b>Les emocions:<\/b><\/p>\n<ul>\n<li style=\"font-weight: 400;\"><span style=\"font-weight: 400;\">En el seg\u00fcent document, trobareu una <\/span><b><a href=\"https:\/\/agora.xtec.cat\/ceiptarra\/wp-content\/uploads\/usu1004\/2020\/04\/M\u00c0QUINA-DE-XICLETS-emocions-1.docx\" target=\"_blank\" rel=\"noopener noreferrer\">M\u00c0QUINA DE XICLETS<\/a><\/b><span style=\"font-weight: 400;\">\u00a0i a la part de sota, diferents emocions que en moments donats podeu tenir. La idea \u00e9s que pinteu cada sentiment amb el color que vosaltres ho identifiqueu i que cada dia, pinteu un xiclet de la m\u00e0quina en funci\u00f3 de com us sentiu. D\u2019aquesta manera veureu d\u2019una forma\u00a0<\/span><span style=\"font-weight: 400;\">visual quines s\u00f3n les emocions que m\u00e9s predominen dins del vostre COR.\u00a0<\/span><\/li>\n<\/ul>\n<p><span style=\"font-weight: 400;\">Pels que <\/span><b>NO<\/b><span style=\"font-weight: 400;\"> teniu <\/span><b>impressora<\/b><span style=\"font-weight: 400;\">:\u00a0<\/span><\/p>\n<ul>\n<li style=\"font-weight: 400;\"><span style=\"font-weight: 400;\">Si feu <\/span><b>clic, bot\u00f3 dret<\/b><span style=\"font-weight: 400;\"> a una bola de xiclet de les emocions i despr\u00e9s, <\/span><b>format de form<\/b><span style=\"font-weight: 400;\">a, les podreu pintar, i aix\u00ed amb cada una d\u2019elles.<\/span><\/li>\n<\/ul>\n<p><a href=\"https:\/\/agora.xtec.cat\/ceiptarra\/wp-content\/uploads\/usu1004\/2020\/04\/xiclets-1.jpg\"><img loading=\"lazy\" decoding=\"async\" class=\"alignnone size-large wp-image-12464\" src=\"https:\/\/agora.xtec.cat\/ceiptarra\/wp-content\/uploads\/usu1004\/2020\/04\/xiclets-1-1024x506.jpg\" alt=\"\" width=\"1024\" height=\"506\" srcset=\"https:\/\/agora.xtec.cat\/ceiptarra\/wp-content\/uploads\/usu1004\/2020\/04\/xiclets-1-1024x506.jpg 1024w, https:\/\/agora.xtec.cat\/ceiptarra\/wp-content\/uploads\/usu1004\/2020\/04\/xiclets-1-300x148.jpg 300w, https:\/\/agora.xtec.cat\/ceiptarra\/wp-content\/uploads\/usu1004\/2020\/04\/xiclets-1-768x380.jpg 768w, https:\/\/agora.xtec.cat\/ceiptarra\/wp-content\/uploads\/usu1004\/2020\/04\/xiclets-1.jpg 1357w\" sizes=\"auto, (max-width: 1024px) 100vw, 1024px\" \/><\/a><\/p>\n<ul>\n<li style=\"font-weight: 400;\"><span style=\"font-weight: 400;\">.<\/span>Per pintar les boles de la m\u00e0quina, podeu<b style=\"font-family: inherit; font-size: 1em;\"> inserir<\/b><span style=\"font-weight: 400;\">, <\/span><b style=\"font-family: inherit; font-size: 1em;\">formes<\/b><span style=\"font-weight: 400;\">, <\/span><b style=\"font-family: inherit; font-size: 1em;\">rodona. <\/b><span style=\"font-weight: 400;\">Despr\u00e9s feu <\/span><b style=\"font-family: inherit; font-size: 1em;\">clic<\/b><span style=\"font-weight: 400;\"> amb el bot\u00f3 dret i feu el mateix d\u2019abans, <\/span><b style=\"font-family: inherit; font-size: 1em;\">format de forma<\/b><span style=\"font-weight: 400;\"> per poder pintar-la.<\/span><\/li>\n<\/ul>\n<p><a href=\"https:\/\/agora.xtec.cat\/ceiptarra\/wp-content\/uploads\/usu1004\/2020\/04\/xiclets-2.jpg\"><img loading=\"lazy\" decoding=\"async\" class=\"alignnone size-large wp-image-12463\" src=\"https:\/\/agora.xtec.cat\/ceiptarra\/wp-content\/uploads\/usu1004\/2020\/04\/xiclets-2-1024x530.jpg\" alt=\"\" width=\"1024\" height=\"530\" srcset=\"https:\/\/agora.xtec.cat\/ceiptarra\/wp-content\/uploads\/usu1004\/2020\/04\/xiclets-2-1024x530.jpg 1024w, https:\/\/agora.xtec.cat\/ceiptarra\/wp-content\/uploads\/usu1004\/2020\/04\/xiclets-2-300x155.jpg 300w, https:\/\/agora.xtec.cat\/ceiptarra\/wp-content\/uploads\/usu1004\/2020\/04\/xiclets-2-768x397.jpg 768w, https:\/\/agora.xtec.cat\/ceiptarra\/wp-content\/uploads\/usu1004\/2020\/04\/xiclets-2.jpg 1359w\" sizes=\"auto, (max-width: 1024px) 100vw, 1024px\" \/><\/a><\/p>\n<p>&nbsp;<\/p>\n<p><span style=\"color: #ff9900;\"><b>M\u00fasica:\u00a0<\/b><\/span><\/p>\n<p><span style=\"font-weight: 400;\">Com que aquest trimestre ten\u00edem una sortida musical molt interessant i no l&#8217;hem pogut fer us adjunto un enlla\u00e7 amb un espectacle de percussi\u00f3 que van fer a l\u2019Auditori de Barcelona el dia 7 de mar\u00e7. Es van exhaurir les entrades per\u00f2 ara l\u2019han obert pel confinament. Un dels m\u00fasics \u00e9s mestre de percussi\u00f3 de l\u2019escola d\u2019Arts en Viu del Prat. \u00c9s un concert molt interessant. Per veure\u2019l necessiteu tenir un paper i un llapis a la m\u00e0 ja que en un moment demanaran la vostra col.laboraci\u00f3. Espero que us agradi.\u00a0<\/span><\/p>\n<div class=\"ast-oembed-container \" style=\"height: 100%;\"><iframe loading=\"lazy\" title=\"OUT OF THE [CAGE]  \/ A partir de 6 anys\" width=\"500\" height=\"281\" src=\"https:\/\/www.youtube.com\/embed\/19lwAxypFPY?feature=oembed\" frameborder=\"0\" allow=\"accelerometer; autoplay; clipboard-write; encrypted-media; gyroscope; picture-in-picture; web-share\" referrerpolicy=\"strict-origin-when-cross-origin\" allowfullscreen><\/iframe><\/div>\n<p>&nbsp;<\/p>\n<p><span style=\"color: #000080;\"><b>Educaci\u00f3 F\u00edsica:<\/b><\/span><\/p>\n<p><span style=\"font-weight: 400;\">Segur que amb el joc de Medi, joc dels h\u00e0bits saludables, esteu molt motivats i engrescats, per aix\u00f2 us recomanem un s\u00e8rie de jocs m\u00e9s tranquils per desenvolupar en fam\u00edlia.<\/span><\/p>\n<p><b>Dilluns:<\/b><\/p>\n<p><b>Cada sabata al seu peu<\/b><\/p>\n<ul>\n<li style=\"font-weight: 400;\"><span style=\"font-weight: 400;\">\u00c9s un joc per jugar en parelles. Col\u00b7loqueu les diferents tipus de sabates de cada participant (les de casa, les esportives, les xancles.. tants parells per persona com vulgueu) el m\u00e9s allunyat com pugueu de la sortida que estipuleu. Cada participant anar d\u2019anar i agafar una sabata i posar-se-la i anar fins l\u2019inici. All\u00e0\u00a0 es traur\u00e0 la sabata i sortir\u00e0 la seva parella de joc. A veure quines de les dues parelles es posa totes les sabates i les porta a la l\u00ednia de sortida.\u00a0<\/span><\/li>\n<\/ul>\n<p><span style=\"font-weight: 400;\">Una vegada acabat el joc, els nens i nenes poden netejar l\u2019armari i col.locar totes les sabates.<\/span><\/p>\n<p><b>Dimarts:<\/b><\/p>\n<ul>\n<li style=\"font-weight: 400;\"><span style=\"font-weight: 400;\">Dispersar uns objectes pel pis i jugar a l\u2019amagatall d\u2019objectes.\u00a0<\/span><\/li>\n<\/ul>\n<p><span style=\"font-weight: 400;\">Podeu amagar uns quatre o cinc i jugar a buscar-los. Guanya qui els trobi abans. Per evitar baralles col.loqueu objectes diferents per a cada participant.\u00a0<\/span><\/p>\n<p><span style=\"font-weight: 400;\">Bona b\u00fasqueda.<\/span><\/p>\n<p><b>Dimecres:<\/b><\/p>\n<p><b>El mirall<\/b><\/p>\n<ul>\n<li><span style=\"font-weight: 400;\">En parelles intenteu imitar i sincronitzar els moviments del company. Podeu crear una petita coreografia i posar m\u00fasica i penjar-ho al padlet.<\/span><\/li>\n<\/ul>\n<p><b>Dijous:<\/b><\/p>\n<ul>\n<li style=\"font-weight: 400;\"><span style=\"font-weight: 400;\">Juguem a bitlles amb els rotllos de paper i tetrabricks que tenim per casa???\u00a0\u00a0<\/span><\/li>\n<\/ul>\n<p><span style=\"font-weight: 400;\">Bona partida.<\/span><\/p>\n<p><b>Divendres.<\/b><\/p>\n<p><b>Tren ceg<\/b><\/p>\n<ul>\n<li><span style=\"font-weight: 400;\">Per parelles, us col.loqueu un darrera de l\u2019altre. El del darrera agafa per les espatlles al del davant i ha de portar i dirigir a aquest (portar\u00e0 una bena als ulls) per la casa. Si la persona que est\u00e0 darrera vol que el del davant giri a la dreta, premeu la part dreta de l\u2019espatlla, si voleu que giri a l\u2019esquerra premeu la part esquerra. Si voleu que pari, per evitar cops, premeu fort amb les dues mans a la vegada. Heu d\u2019intentar fer un recorregut per la casa i tocar objectes a veure si els endevineu. Despr\u00e9s fareu canvi.<\/span><\/li>\n<\/ul>\n<p><span style=\"font-weight: 400;\">A experimentar!!<\/span><\/p>\n<p>&nbsp;<\/p>\n<p><span style=\"color: #ff00ff;\"><b>Compet\u00e8ncia digital:<\/b><\/span><\/p>\n<p><span style=\"font-weight: 400;\">Aquesta setmana us proposem un repte una mica m\u00e9s complicat que \u00e9s crear un joc de laberint, a veure qui \u00e9s capa\u00e7 d\u2019aconseguir-lo! Teniu l\u2019enlla\u00e7 <\/span><strong><a href=\"https:\/\/projectes.xtec.cat\/programacioirobotica\/minireptes-scratch\/mini-reptes-scratch-inicials\/mri7-el-laberint\/\">aqui<\/a><\/strong><span style=\"font-weight: 400;\"><strong>.<\/strong> Recordar-vos tamb\u00e9 que podeu enviar els vostres projectes lliures, ens agrada molt veure com apreneu cada dia m\u00e9s i m\u00e9s.<\/span><\/p>\n<p>&nbsp;<\/p>\n<p><span style=\"color: #808000;\"><b>Religi\u00f3:<\/b><\/span><\/p>\n<p><span style=\"font-weight: 400;\">Els \u00faltims dies de classe vam parlar de la import\u00e0ncia que t\u00e9 la fam\u00edlia en la nostra vida, de com demostrem a les persones que les estimem i fins i tot de com es reparteixen les tasques de la llar a cadascuna de les vostres cases.<\/span><\/p>\n<p><span style=\"font-weight: 400;\">Segur que aquests dies hi ha coses que han canviat. Expliqueu-me qu\u00e8 esteu fent en fam\u00edlia i si esteu ajudant una mica m\u00e9s a casa, que era una de les coses que ens hav\u00edem proposat millorar. Si voleu, tamb\u00e9 podeu afegir fotos.<\/span><\/p>\n<p><span style=\"font-weight: 400;\">Quan ho tinguis, l\u2019has d\u2019enviar al correu de classe i posar a l\u2019assumpte Blanca.<\/span><\/p>\n<p>&nbsp;<\/p>\n<p><b>ENS CONNECTEM UNA ESTONA?<\/b><\/p>\n<p><span style=\"font-weight: 400;\">El dijous <\/span><b>16 d\u2019abril<\/b><span style=\"font-weight: 400;\"> a les <\/span><b>10:30h<\/b><span style=\"font-weight: 400;\"> del mat\u00ed <\/span><b>3rB<\/b><span style=\"font-weight: 400;\"> i el divendres <\/span><b>17 d\u2019abril<\/b><span style=\"font-weight: 400;\"> a les <\/span><b>10:30h 3rA<\/b><span style=\"font-weight: 400;\">, ens connectarem per veure\u2019ns les carones i que ens expliqueu com porteu el confinament. Us enviarem per correu l\u2019enlla\u00e7 i aix\u00ed ens podrem connectar.<\/span><\/p>\n<p>&nbsp;<\/p>\n<p><b>Esteu sent molt valents i valentes, ens sentim s\u00faper orgullosos\/es dels nostres nens i nenes del Tarra, ENHORABONA!<\/b><\/p>\n","protected":false},"excerpt":{"rendered":"<p>&nbsp; Apreciat alumnat de 3r, tot i que aquestes vacances de Setmana Santa les hem hagut de passar a casa, esperem que amb el ventall d\u2019activitats que us vam oferir, hagin estat d\u2019alguna manera m\u00e9s amenes i que hagueu gaudit en fam\u00edlia amb molt d\u2019afecte.\u00a0 Iniciem el 3r trimestre amb noves propostes de treball! Llegiu [&hellip;]<\/p>\n","protected":false},"author":4,"featured_media":12417,"comment_status":"open","ping_status":"closed","sticky":false,"template":"","format":"standard","meta":{"_bbp_topic_count":0,"_bbp_reply_count":0,"_bbp_total_topic_count":0,"_bbp_total_reply_count":0,"_bbp_voice_count":0,"_bbp_anonymous_reply_count":0,"_bbp_topic_count_hidden":0,"_bbp_reply_count_hidden":0,"_bbp_forum_subforum_count":0,"site-sidebar-layout":"default","site-content-layout":"","ast-site-content-layout":"","site-content-style":"default","site-sidebar-style":"default","ast-global-header-display":"","ast-banner-title-visibility":"","ast-main-header-display":"","ast-hfb-above-header-display":"","ast-hfb-below-header-display":"","ast-hfb-mobile-header-display":"","site-post-title":"","ast-breadcrumbs-content":"","ast-featured-img":"","footer-sml-layout":"","theme-transparent-header-meta":"","adv-header-id-meta":"","stick-header-meta":"","header-above-stick-meta":"","header-main-stick-meta":"","header-below-stick-meta":"","astra-migrate-meta-layouts":"default","ast-page-background-enabled":"default","ast-page-background-meta":{"desktop":{"background-color":"var(--ast-global-color-4)","background-image":"","background-repeat":"repeat","background-position":"center center","background-size":"auto","background-attachment":"scroll","background-type":"","background-media":"","overlay-type":"","overlay-color":"","overlay-opacity":"","overlay-gradient":""},"tablet":{"background-color":"","background-image":"","background-repeat":"repeat","background-position":"center center","background-size":"auto","background-attachment":"scroll","background-type":"","background-media":"","overlay-type":"","overlay-color":"","overlay-opacity":"","overlay-gradient":""},"mobile":{"background-color":"","background-image":"","background-repeat":"repeat","background-position":"center center","background-size":"auto","background-attachment":"scroll","background-type":"","background-media":"","overlay-type":"","overlay-color":"","overlay-opacity":"","overlay-gradient":""}},"ast-content-background-meta":{"desktop":{"background-color":"var(--ast-global-color-5)","background-image":"","background-repeat":"repeat","background-position":"center center","background-size":"auto","background-attachment":"scroll","background-type":"","background-media":"","overlay-type":"","overlay-color":"","overlay-opacity":"","overlay-gradient":""},"tablet":{"background-color":"var(--ast-global-color-5)","background-image":"","background-repeat":"repeat","background-position":"center center","background-size":"auto","background-attachment":"scroll","background-type":"","background-media":"","overlay-type":"","overlay-color":"","overlay-opacity":"","overlay-gradient":""},"mobile":{"background-color":"var(--ast-global-color-5)","background-image":"","background-repeat":"repeat","background-position":"center center","background-size":"auto","background-attachment":"scroll","background-type":"","background-media":"","overlay-type":"","overlay-color":"","overlay-opacity":"","overlay-gradient":""}},"footnotes":""},"categories":[12],"tags":[327],"class_list":["post-12453","post","type-post","status-publish","format-standard","has-post-thumbnail","hentry","category-3r","tag-ens-quedem-a-casa"],"post_mailing_queue_ids":[],"_links":{"self":[{"href":"https:\/\/agora.xtec.cat\/ceiptarra\/wp-json\/wp\/v2\/posts\/12453","targetHints":{"allow":["GET"]}}],"collection":[{"href":"https:\/\/agora.xtec.cat\/ceiptarra\/wp-json\/wp\/v2\/posts"}],"about":[{"href":"https:\/\/agora.xtec.cat\/ceiptarra\/wp-json\/wp\/v2\/types\/post"}],"author":[{"embeddable":true,"href":"https:\/\/agora.xtec.cat\/ceiptarra\/wp-json\/wp\/v2\/users\/4"}],"replies":[{"embeddable":true,"href":"https:\/\/agora.xtec.cat\/ceiptarra\/wp-json\/wp\/v2\/comments?post=12453"}],"version-history":[{"count":5,"href":"https:\/\/agora.xtec.cat\/ceiptarra\/wp-json\/wp\/v2\/posts\/12453\/revisions"}],"predecessor-version":[{"id":12770,"href":"https:\/\/agora.xtec.cat\/ceiptarra\/wp-json\/wp\/v2\/posts\/12453\/revisions\/12770"}],"wp:featuredmedia":[{"embeddable":true,"href":"https:\/\/agora.xtec.cat\/ceiptarra\/wp-json\/wp\/v2\/media\/12417"}],"wp:attachment":[{"href":"https:\/\/agora.xtec.cat\/ceiptarra\/wp-json\/wp\/v2\/media?parent=12453"}],"wp:term":[{"taxonomy":"category","embeddable":true,"href":"https:\/\/agora.xtec.cat\/ceiptarra\/wp-json\/wp\/v2\/categories?post=12453"},{"taxonomy":"post_tag","embeddable":true,"href":"https:\/\/agora.xtec.cat\/ceiptarra\/wp-json\/wp\/v2\/tags?post=12453"}],"curies":[{"name":"wp","href":"https:\/\/api.w.org\/{rel}","templated":true}]}}