{"id":12416,"date":"2020-04-12T23:34:30","date_gmt":"2020-04-12T21:34:30","guid":{"rendered":"http:\/\/agora.xtec.cat\/ceiptarra\/?p=12416"},"modified":"2020-04-13T09:31:37","modified_gmt":"2020-04-13T07:31:37","slug":"tasques-setmana-del-13-al-17-dabril-9","status":"publish","type":"post","link":"https:\/\/agora.xtec.cat\/ceiptarra\/primaria\/cicle-superior\/6e\/tasques-setmana-del-13-al-17-dabril-9\/","title":{"rendered":"Tasques setmana del 13 al 17 d&#8217;abril"},"content":{"rendered":"<p><span style=\"color: #ff0000;\"><b>Llengua catalana<\/b><\/span><\/p>\n<p><span style=\"font-weight: 400;\">En aquesta \u00e8poca que estem vivint, el suport entre les persones \u00e9s m\u00e9s necessari que mai. Les tutores de sis\u00e8 volem donar les gr\u00e0cies a totes i tots els que heu enviat els vostres escrits a la resid\u00e8ncia d\u2019avis i \u00e0vies del Prat.\u00a0<\/span><\/p>\n<p><span style=\"font-weight: 400;\">Seguim en aquesta l\u00ednia!!!!! Aprofitem que a sis\u00e8 tothom fa molt bons escrits, i llegiu\u00a0 amb atenci\u00f3 la seg\u00fcent proposta de catal\u00e0:<\/span><\/p>\n<p><strong>L\u2019Hospital Universitari Bellvitge ha posat en marxa la campanya #Pensoentu. L\u2019objectiu d\u2019aquesta \u00e9s donar suport al personal que treballa all\u00e0 i als pacients que estan ingressats. <\/strong><\/p>\n<p><span style=\"font-weight: 400;\">Us proposem participar-hi! Visualitzeu el v\u00eddeo que us posem a continuaci\u00f3:<\/span><\/p>\n<p><a href=\"https:\/\/www.facebook.com\/hbellvitge\/videos\/804352296635123\/\" target=\"_blank\" rel=\"noopener noreferrer\"><b>https:\/\/www.facebook.com\/hbellvitge\/videos\/804352296635123\/<\/b><\/a><\/p>\n<p><span style=\"font-weight: 400;\">L\u2019activitat consisteix en enviar dos correus a les seg\u00fcents adreces:<\/span><\/p>\n<p><strong>Pacients: <\/strong><a href=\"mailto:suportpacients@bellvitgehospital.cat\" target=\"_blank\" rel=\"noopener noreferrer\"><span style=\"font-weight: 400;\">suportpacients@bellvitgehospital.cat<\/span><\/a><\/p>\n<p><strong>Professionals: <\/strong><a href=\"mailto:suportprofessionals@bellvitgehospital.cat\" target=\"_blank\" rel=\"noopener noreferrer\"><span style=\"font-weight: 400;\">suportprofessionals@bellvitgehospital.cat<\/span><\/a><\/p>\n<p><span style=\"font-weight: 400;\">Abans d\u2019enviar els mails a l\u2019hospital, les tutores us demanem que ens els envieu a nosaltres per tal que els llegim i us els tornem revisats. Us recordem les adreces:<\/span><\/p>\n<p><b>6\u00e8 A: <\/b><a href=\"mailto:ep6a@escolattardellas.cat\"><b>ep6a@escolatarradellas.cat<\/b><\/a><\/p>\n<p><b>6\u00e8 B: <\/b><a href=\"mailto:ep6a@escolattardellas.cat\"><b>ep6b@escolatarradellas.cat<\/b><\/a><\/p>\n<p><b>6\u00e8 C: <\/b><a href=\"mailto:ep6a@escolattardellas.cat\"><b>ep6c@escolatarradellas.cat<\/b><\/a><\/p>\n<p><span style=\"font-weight: 400;\"><strong>Suggeriments pels escrits als professionals<\/strong> que treballen a l\u2019hospital de Bellvitge: missatges d\u2019\u00e0nims, agra\u00efment, un conte inventat on ells\/elles siguin protagonistes\u2026<\/span><\/p>\n<p><span style=\"font-weight: 400;\"><strong>Suggeriments pels escrits als pacients ingressats<\/strong> a l\u2019hospital de Bellvitge: missatges d\u2019\u00e0nims, enviant for\u00e7a, missatges positius, hist\u00f2ries de superaci\u00f3, contes inventats amb final feli\u00e7\u2026<\/span><\/p>\n<p><span style=\"font-weight: 400;\">Els escrits han d\u2019ocupar entre 10 i 15 l\u00ednies a ordinador. Si alg\u00fa el fa m\u00e9s llarg, cap problema, endavant!\u00a0<\/span><\/p>\n<p><span style=\"font-weight: 400;\">RECORDEU COM SEMPRE FER REVISI\u00d3, DELS ASPECTES FORMALS, LA COHER\u00c8NCIA, LA PUNTUACI\u00d3 I LES FALTES D\u2019ORTOGRAFIA.<\/span><\/p>\n<p><span style=\"font-weight: 400;\">\u00a0AJUDEU-VOS DELS CORRECTORS!!!.<\/span><\/p>\n<p><b>Data m\u00e0xima per enviar els escrits a les tutores perqu\u00e8 els revisem: divendres 17 d\u2019abril.\u00a0<\/b><\/p>\n<p>&nbsp;<\/p>\n<p><strong><span style=\"color: #ff0000;\">Llengua castellana<\/span><\/strong><\/p>\n<p><span style=\"font-weight: 400;\">Que hem d\u2019estar confinats a casa \u00e9s una realitat. Si volem col\u00b7laborar a millorar\u00a0 la situaci\u00f3 que estem vivint actualment i que el COVID-19 desaparegui de les nostres vides hem de quedar-nos a casa (parlem dels nois i noies i dels adults que no han de sortir a treballar).\u00a0<\/span><\/p>\n<p><span style=\"font-weight: 400;\">\u00c9s per aix\u00f2, que a castell\u00e0 us suggerim la lectura d\u2019aquest <a href=\"https:\/\/www.eltiempohoy.es\/salud\/vitamina-confinamiento-consejos-cuerpo_18_2924520107.html\" target=\"_blank\" rel=\"noopener noreferrer\">article sobre la vitamina D<\/a>, ara que no hem de sortir de casa. Potser hi haur\u00e0 coses que no enteneu, per\u00f2 hi haur\u00e0 MOLTES que s\u00ed.\u00a0<\/span><\/p>\n<p><span style=\"font-weight: 400;\">Us demanem que feu un resum d\u2019all\u00f2 que heu ent\u00e8s. Entre 10 i 15 l\u00ednies.\u00a0<\/span><\/p>\n<p><span style=\"font-weight: 400;\">Cliqueu per llegir-ho: <a href=\"https:\/\/www.eltiempohoy.es\/salud\/vitamina-confinamiento-consejos-cuerpo_18_2924520107.html\" target=\"_blank\" rel=\"noopener noreferrer\">article vitamina D<\/a><\/span><\/p>\n<p><strong>Data m\u00e0xima per enviar el resum a la vostra mestra de castell\u00e0: divendres 17 d\u2019abril.<\/strong><\/p>\n<p><span style=\"font-weight: 400;\">\u00a0\u00a0<\/span><\/p>\n<p><span style=\"color: #ff0000;\"><strong>Llengua anglesa<\/strong><\/span><\/p>\n<p><span style=\"font-weight: 400;\">Hello again class!! Here you have some activities for this week.\u00a0<\/span><\/p>\n<p><b>Activity number 1:<\/b><\/p>\n<p><span style=\"font-weight: 400;\">1-Enter this website <\/span><a href=\"https:\/\/www.gamestolearnenglish.com\/past-tense-game\/\" target=\"_blank\" rel=\"noopener noreferrer\"><span style=\"font-weight: 400;\">https:\/\/www.gamestolearnenglish.com\/past-tense-game\/<\/span><\/a><\/p>\n<p><span style=\"font-weight: 400;\">2-Click on <\/span><i><span style=\"font-weight: 400;\">REVIEW<\/span><\/i><\/p>\n<p><span style=\"font-weight: 400;\">3-Once you have reviewed the verbs, click <\/span><i><span style=\"font-weight: 400;\">START<\/span><\/i><\/p>\n<p>&nbsp;<\/p>\n<p><b>Activity number 2:<\/b><\/p>\n<p><span style=\"font-weight: 400;\">Last month we were learning interesting things about the UK and its traditions, it is time to learn about Easter.<\/span><\/p>\n<p><span style=\"font-weight: 400;\">Watch the video: <\/span><\/p>\n<div class=\"ast-oembed-container \" style=\"height: 100%;\"><iframe loading=\"lazy\" title=\"Easter in Britain avi\" width=\"500\" height=\"281\" src=\"https:\/\/www.youtube.com\/embed\/3fh6-C3S1hs?feature=oembed\" frameborder=\"0\" allow=\"accelerometer; autoplay; clipboard-write; encrypted-media; gyroscope; picture-in-picture; web-share\" referrerpolicy=\"strict-origin-when-cross-origin\" allowfullscreen><\/iframe><\/div>\n<p><span style=\"font-weight: 400;\">Then write what the video is about. (between 30- 40 words)<\/span><\/p>\n<p><strong>Please do the writing alone to be able to make a proper evaluation. Maximum date to send the writing to your teacher: Friday the 17th of April, 2020<\/strong><\/p>\n<p>&nbsp;<\/p>\n<p><span style=\"color: #ff0000;\"><b>Medi<\/b><\/span><\/p>\n<p><span style=\"font-weight: 400;\">Hola nois i noies, aquests dies esteu fent dibuixos molt \u201cxulos\u201d de les c\u00e8l\u00b7lules. Aix\u00ed que us seguim proposant fer una activitat on heu d\u2019utilitzar tota la vostra imaginaci\u00f3 i creativitat.<\/span><\/p>\n<p><span style=\"font-weight: 400;\">Com sabeu molt sobre el COVID-19, heu de fer un C\u00d3MIC que tingui de 5 a 8 vinyetes. Podeu fer-ho a la llibreta de natus, en un foli, en una cartolina, com m\u00e9s us agradi. <\/span><\/p>\n<p><strong>Pinteu-lo. Esperem les vostres produccions al padlet de 6\u00e8 de l\u2019escola.<\/strong><\/p>\n<p>&nbsp;<\/p>\n<p><span style=\"color: #ff0000;\"><strong>Matem\u00e0tiques<\/strong><\/span><\/p>\n<p><span style=\"font-weight: 400;\">Seguim amb les proves <strong>Cangur.<\/strong><\/span><\/p>\n<p><span style=\"font-weight: 400;\">Recordeu que vam comen\u00e7ar la setmana passada i vam fer una part?<\/span><\/p>\n<p><span style=\"font-weight: 400;\">Entreu en aquests enlla\u00e7: <strong><a href=\"https:\/\/www.cangur.org\/cangur\/cang2019\/informacions\/enusol\/\" target=\"_blank\" rel=\"noopener noreferrer\">proves cangur<\/a><\/strong><\/span><span style=\"font-weight: 400;\"><strong>\u00a0 \u00a0 \u00a0<\/strong> \u00a0 \u00a0 \u00a0 \u00a0 \u00a0 \u00a0 \u00a0 \u00a0 \u00a0 \u00a0 \u00a0 \u00a0 \u00a0 \u00a0 \u00a0 \u00a0 \u00a0<\/span><\/p>\n<p><span style=\"font-weight: 400;\">Trobareu el full de les Proves Cangur. <\/span><span style=\"font-weight: 400;\">Cliqueu 6\u00e8EP. S\u2019obrir\u00e0 un document XXIV CANGUR SCM 21 de mar\u00e7 de 2019\u00a0<\/span><\/p>\n<p><span style=\"font-weight: 400;\">Aquesta setmana podeu seguir amb els exercicis del <\/span><b><i>n\u00famero 13 al 24<\/i><\/b> <span style=\"font-weight: 400;\">a la llibreta de mates. <\/span><b>Escriviu el n\u00famero de la pregunta i la resposta (Tamb\u00e9 podeu copiar l\u2019enunciat per treballar l\u2019escriptura i l\u2019ortografia).\u00a0<\/b><\/p>\n<p><span style=\"font-weight: 400;\">Quan acabeu us podeu autoavaluar i fer les correccions a la mateixa llibreta. Com fem a classe. Aqu\u00ed teniu <a href=\"https:\/\/agora.xtec.cat\/ceiptarra\/wp-content\/uploads\/usu1004\/2020\/04\/cangur_2019_solucions-13-34.xls\" target=\"_blank\" rel=\"noopener noreferrer\">cangur 2019 solucions\u00a0problemes 13-24<\/a><\/span><\/p>\n<p>&nbsp;<\/p>\n<p><b>RACONS DE \u201cMATES\u201d\u00a0\u00a0\u00a0<\/b><\/p>\n<ul>\n<li><b>Desplegaments<\/b><\/li>\n<\/ul>\n<p>&nbsp;<\/p>\n<p><span style=\"font-weight: 400;\">Observa aquests desplegaments:<\/span><\/p>\n<p><a href=\"https:\/\/agora.xtec.cat\/ceiptarra\/wp-content\/uploads\/usu1004\/2020\/04\/Captura-de-pantalla-2020-04-09-a-las-13.52.34.png\"><img loading=\"lazy\" decoding=\"async\" class=\"alignnone wp-image-12420\" src=\"https:\/\/agora.xtec.cat\/ceiptarra\/wp-content\/uploads\/usu1004\/2020\/04\/Captura-de-pantalla-2020-04-09-a-las-13.52.34.png\" alt=\"\" width=\"685\" height=\"573\" srcset=\"https:\/\/agora.xtec.cat\/ceiptarra\/wp-content\/uploads\/usu1004\/2020\/04\/Captura-de-pantalla-2020-04-09-a-las-13.52.34.png 870w, https:\/\/agora.xtec.cat\/ceiptarra\/wp-content\/uploads\/usu1004\/2020\/04\/Captura-de-pantalla-2020-04-09-a-las-13.52.34-300x250.png 300w, https:\/\/agora.xtec.cat\/ceiptarra\/wp-content\/uploads\/usu1004\/2020\/04\/Captura-de-pantalla-2020-04-09-a-las-13.52.34-768x643.png 768w\" sizes=\"auto, (max-width: 685px) 100vw, 685px\" \/><\/a><\/p>\n<p><span style=\"font-weight: 400;\">De tots aquests exemples, quins creus que corresponen a un cub?\u00a0 <\/span><\/p>\n<p><span style=\"font-weight: 400;\">Pensa i selecciona un dels que ho siguin (hi ha 4 opcions correctes).\u00a0<\/span><\/p>\n<p>&nbsp;<\/p>\n<p><span style=\"font-weight: 400;\">Abans de continuar, llegeix tota la feina que has de fer amb atenci\u00f3:<\/span><\/p>\n<p><span style=\"font-weight: 400;\">A un full quadriculat, dibuixa la plantilla que has seleccionat. <\/span><b>Cada quadrat<\/b><span style=\"font-weight: 400;\"> del desplegament <\/span><b>ha de mesurar 3 cm de<\/b> <b>costat.<\/b><span style=\"font-weight: 400;\"> Fes primer l\u2019estimaci\u00f3 per decidir quants fulls necessites i prepara els materials. Per fer aquesta activitat necessitar\u00e0s paper, regle, llapis, tisores, pegament o cel\u00b7lo i materials per decorar-ho.<\/span><\/p>\n<p><span style=\"font-weight: 400;\">Tamb\u00e9 haur\u00e0s de dibuixar unes pestanyes per poder despr\u00e9s enganxar els cubs, com aquest exemple:<\/span><\/p>\n<p><a href=\"https:\/\/agora.xtec.cat\/ceiptarra\/wp-content\/uploads\/usu1004\/2020\/04\/Captura-de-pantalla-2020-04-09-a-las-13.53.19.png\"><img loading=\"lazy\" decoding=\"async\" class=\"alignnone wp-image-12421\" src=\"https:\/\/agora.xtec.cat\/ceiptarra\/wp-content\/uploads\/usu1004\/2020\/04\/Captura-de-pantalla-2020-04-09-a-las-13.53.19.png\" alt=\"\" width=\"302\" height=\"381\" srcset=\"https:\/\/agora.xtec.cat\/ceiptarra\/wp-content\/uploads\/usu1004\/2020\/04\/Captura-de-pantalla-2020-04-09-a-las-13.53.19.png 330w, https:\/\/agora.xtec.cat\/ceiptarra\/wp-content\/uploads\/usu1004\/2020\/04\/Captura-de-pantalla-2020-04-09-a-las-13.53.19-238x300.png 238w\" sizes=\"auto, (max-width: 302px) 100vw, 302px\" \/><\/a><\/p>\n<p><span style=\"font-weight: 400;\"><strong>Atenci\u00f3:<\/strong> en el cas que no tinguis regle, pots utilitzar un llibre per fer les l\u00ednies rectes, i en lloc de fer 3 cm de costat doncs haur\u00e0s de mesurar comptant quadradets del full i mirant d\u2019aconseguir quadrats exactes.<\/span><\/p>\n<p>&nbsp;<\/p>\n<p><span style=\"font-weight: 400;\">Un cop tinguis dibuixat el desplegament, decora\u2019l al teu gust (pensa abans de dibuixar com quedar\u00e0 quan el dobleguem), retalla\u2019l (vigila amb les pestanyes, pensa abans!) i fes-li una foto. A continuaci\u00f3 doblega\u2019l fins arribar a muntar el cub. <\/span><\/p>\n<p><span style=\"font-weight: 400;\">El darrer pas de tots ser\u00e0 enganxar per les zones de les pestanyes. Ja pots jugar amb ell!! Finalment, fes la foto definitiva del teu cub a la m\u00e0 (s\u2019ha de veure el teu palmell, per comprovar que les mides han estat correctes).<\/span><\/p>\n<p>Sort!<\/p>\n<p><strong>Has d&#8217;enviar les fotos del desplegament dibuixat i dels cubs resultants per correu o b\u00e9 penjar-les al padlet.<\/strong><\/p>\n<p>&nbsp;<\/p>\n<p><strong><span style=\"color: #ff0000;\">M\u00fasica<\/span><\/strong><\/p>\n<p><span style=\"font-weight: 400;\">Us convido a veure un espectacle de l\u2019Auditori de Barcelona que ha tingut molt \u00e8xit i va exhaurir entrades. L\u2019han obert perqu\u00e8 aquests dies de confinament el puguem veure. \u00c9s un espectacle de percussi\u00f3 en el que participa un dels professors de percussi\u00f3 de l\u2019escola d\u2019Arts en Viu del Prat. <\/span><\/p>\n<p><span style=\"font-weight: 400;\">Per veure\u2019l heu de tenir un paper i un llapis a la m\u00e0 ja que en un moment haureu de participar. Espero que us agradi!<\/span><\/p>\n<div class=\"ast-oembed-container \" style=\"height: 100%;\"><iframe loading=\"lazy\" title=\"OUT OF THE [CAGE]  \/ A partir de 6 anys\" width=\"500\" height=\"281\" src=\"https:\/\/www.youtube.com\/embed\/19lwAxypFPY?feature=oembed\" frameborder=\"0\" allow=\"accelerometer; autoplay; clipboard-write; encrypted-media; gyroscope; picture-in-picture; web-share\" referrerpolicy=\"strict-origin-when-cross-origin\" allowfullscreen><\/iframe><\/div>\n<p>&nbsp;<\/p>\n<p><strong><span style=\"color: #ff0000;\">Educaci\u00f3 f\u00edsica<\/span><\/strong><\/p>\n<p><span style=\"font-weight: 400;\">Recordeu les recomanacions:\u00a0<\/span><\/p>\n<ol>\n<li style=\"font-weight: 400;\"><span style=\"font-weight: 400;\">\u00c9s molt important <\/span><b>dormir <\/b><span style=\"font-weight: 400;\">8 hores per estar completament actiu i activa, per tant, intenta no anar a dormir gaire tard.\u00a0<\/span><\/li>\n<li style=\"font-weight: 400;\"><b>L&#8217;alimentaci\u00f3<\/b><span style=\"font-weight: 400;\"> \u00e9s molt important, no oblideu esmorzar. Aprofiteu per seguir amb la rutina de la fruita, recordeu que \u00e9s la millor manera de prevenir lesions.\u00a0<\/span><\/li>\n<li style=\"font-weight: 400;\"><span style=\"font-weight: 400;\">\u00c9s molt important realitzar, <\/span><b>com a m\u00ednim, una hora d\u2019activitat f\u00edsica diaria, <\/b><span style=\"font-weight: 400;\">especialment ara que passareu molt temps a casa. Aquesta ser\u00e0 una manera divertida i responsable de controlar el virus. Recordeu, els nostres actes s\u00f3n la millor vacuna!<\/span><\/li>\n<\/ol>\n<p><span style=\"font-weight: 400;\">Ja sabeu que des de la nostra \u00e0rea us proposarem una rutina di\u00e0ria de moviment i tamb\u00e9 un repte perqu\u00e8 pogueu fer per la tarda. Comencem:\u00a0<\/span><\/p>\n<p><b>Dilluns rutina: <\/b><span style=\"font-weight: 400;\">Comencem la setmana amb una can\u00e7\u00f3 molt actual i canyera. Espero les vostres gravacions:\u00a0<\/span><\/p>\n<div class=\"ast-oembed-container \" style=\"height: 100%;\"><iframe loading=\"lazy\" title=\"QUEDATE EN CASA Y BAILA - Alba Garz\u00f3n ZIN #QuedateEnCasa #Zumba #Coronavirus\" width=\"500\" height=\"281\" src=\"https:\/\/www.youtube.com\/embed\/QoY03ArIHDM?feature=oembed\" frameborder=\"0\" allow=\"accelerometer; autoplay; clipboard-write; encrypted-media; gyroscope; picture-in-picture; web-share\" referrerpolicy=\"strict-origin-when-cross-origin\" allowfullscreen><\/iframe><\/div>\n<p>&nbsp;<\/p>\n<p><b>Dilluns repte: <\/b>Podreu aconseguir-ho?<\/p>\n<p>https:\/\/youtu.be\/F5ZgR1f71V4<\/p>\n<p>&nbsp;<\/p>\n<p><b>Dimarts Rutina: <\/b>Avui farem una rutina de superhero\u00efnes i superherois com el THOR. Abans de comen\u00e7ar \u00e9s molt important l&#8217;escalfament. Farem 10 minuts caminant a bon ritme per tot el pis. I despr\u00e9s seguiu amb aquestes activitats:<\/p>\n<p><a href=\"https:\/\/agora.xtec.cat\/ceiptarra\/wp-content\/uploads\/usu1004\/2020\/04\/Captura-de-pantalla-2020-04-09-a-las-14.07.50.png\"><img loading=\"lazy\" decoding=\"async\" class=\"alignnone wp-image-12422\" src=\"https:\/\/agora.xtec.cat\/ceiptarra\/wp-content\/uploads\/usu1004\/2020\/04\/Captura-de-pantalla-2020-04-09-a-las-14.07.50-790x1024.png\" alt=\"\" width=\"601\" height=\"779\" srcset=\"https:\/\/agora.xtec.cat\/ceiptarra\/wp-content\/uploads\/usu1004\/2020\/04\/Captura-de-pantalla-2020-04-09-a-las-14.07.50-790x1024.png 790w, https:\/\/agora.xtec.cat\/ceiptarra\/wp-content\/uploads\/usu1004\/2020\/04\/Captura-de-pantalla-2020-04-09-a-las-14.07.50-232x300.png 232w, https:\/\/agora.xtec.cat\/ceiptarra\/wp-content\/uploads\/usu1004\/2020\/04\/Captura-de-pantalla-2020-04-09-a-las-14.07.50-768x995.png 768w, https:\/\/agora.xtec.cat\/ceiptarra\/wp-content\/uploads\/usu1004\/2020\/04\/Captura-de-pantalla-2020-04-09-a-las-14.07.50.png 1258w\" sizes=\"auto, (max-width: 601px) 100vw, 601px\" \/><\/a><\/p>\n<p>&nbsp;<\/p>\n<p><strong>Dimarts repte:<\/strong>\u00a0El repte d&#8217;avui tractar\u00e0 sobre les qualitats f\u00edsiques b\u00e0siques. Recordeu, ten\u00edem 4 i a les classes d&#8217;educaci\u00f3 f\u00edsica les practiquem i tamb\u00e9 fem unes proves per mesurar-les. <strong>Avui, el dijous i la propera setmana farem les quatre qualitats i ser\u00e0 una feina que haureu d&#8217;enviar al correu de la classe.<\/strong><\/p>\n<p>Us envio un enlla\u00e7 amb informaci\u00f3 sobre aquestes qualitat f\u00edsiques perqu\u00e8 recordeu tot el qu\u00e8 hem parlat: <a href=\"http:\/\/xtec.cat\/~rnietom\/mod6\/esports\/condicio%20fisica\/qualitats%20fisiques.htm\" target=\"_blank\" rel=\"noopener noreferrer\">Qualitats f\u00edsiques b\u00e0siques\u00a0<\/a><\/p>\n<p>Avui comen\u00e7arem per la <strong>resist\u00e8ncia, <\/strong>haureu de respondre aquestes preguntes:<\/p>\n<p>Quina es la prova que practiquem a l&#8217;escola per mesurar-la? Si no saps el nom, pots explicar-la.<\/p>\n<p>Digues dos jocs que fem a educaci\u00f3 f\u00edsica on treballem l<strong>a resist\u00e8ncia.<\/strong> Has de justificar la teva resposta.<\/p>\n<p>Explica un joc o una activitat (pot ser inventada o no) que tu faries per treballar <strong>la resist\u00e8ncia<\/strong> a l&#8217;escola.<\/p>\n<p><strong>Aquestes respostes les podeu enviar per correu de classe, amb l&#8217;assumpte Juanjo. Podeu fer-ho a mesura que les aneu fent , o enviar totes juntes (resist\u00e8ncia, for\u00e7a, flexibilitat i velocitat) com a molt tard, el divendres 24 d&#8217;abril. Per tant, teniu dues setmanes per fer-les.\u00a0<\/strong><\/p>\n<p>&nbsp;<\/p>\n<p><strong>Dimecres rutina: <\/strong>pels fans d&#8217;Star Wars, trieu un personatge i a fer activitat f\u00edsica:<\/p>\n<div class=\"ast-oembed-container \" style=\"height: 100%;\"><iframe loading=\"lazy\" title=\"STAR WARS\u2728 Brain Break | EXERCISE for KIDS WORKOUT video\" width=\"500\" height=\"281\" src=\"https:\/\/www.youtube.com\/embed\/yDrVooYXnl8?feature=oembed\" frameborder=\"0\" allow=\"accelerometer; autoplay; clipboard-write; encrypted-media; gyroscope; picture-in-picture; web-share\" referrerpolicy=\"strict-origin-when-cross-origin\" allowfullscreen><\/iframe><\/div>\n<p>&nbsp;<\/p>\n<p><strong>Dimecres repte: <\/strong>Avui us proposem una oca d&#8217;activitat f\u00edsica. Si podeu, jugueu en fam\u00edlia. Per cert, no es necessari imprimir-la ni res, podeu anar anotant on esteu casdac\u00fa en un paper. \u00a0A veure qui arriba abans i en millor estat a la meta. Molta sort: <a href=\"https:\/\/agora.xtec.cat\/ceiptarra\/wp-content\/uploads\/usu1004\/2020\/04\/IMG_20200401_152256.png\"><img loading=\"lazy\" decoding=\"async\" class=\"alignnone size-full wp-image-12447\" src=\"https:\/\/agora.xtec.cat\/ceiptarra\/wp-content\/uploads\/usu1004\/2020\/04\/IMG_20200401_152256.png\" alt=\"\" width=\"844\" height=\"592\" srcset=\"https:\/\/agora.xtec.cat\/ceiptarra\/wp-content\/uploads\/usu1004\/2020\/04\/IMG_20200401_152256.png 844w, https:\/\/agora.xtec.cat\/ceiptarra\/wp-content\/uploads\/usu1004\/2020\/04\/IMG_20200401_152256-300x210.png 300w, https:\/\/agora.xtec.cat\/ceiptarra\/wp-content\/uploads\/usu1004\/2020\/04\/IMG_20200401_152256-768x539.png 768w\" sizes=\"auto, (max-width: 844px) 100vw, 844px\" \/><\/a><\/p>\n<p>&nbsp;<\/p>\n<p><strong>Dijous rutina, <\/strong>avui toca una mica de Ioga:<\/p>\n<div class=\"ast-oembed-container \" style=\"height: 100%;\"><iframe loading=\"lazy\" title=\"Explicaci\u00f3n del saludo al sol \u2600\ufe0f y algunas posturas de yoga \ud83e\uddd8\u200d\u2640\ufe0f\" width=\"500\" height=\"281\" src=\"https:\/\/www.youtube.com\/embed\/Rt1BjRt2oaw?feature=oembed\" frameborder=\"0\" allow=\"accelerometer; autoplay; clipboard-write; encrypted-media; gyroscope; picture-in-picture; web-share\" referrerpolicy=\"strict-origin-when-cross-origin\" allowfullscreen><\/iframe><\/div>\n<p>&nbsp;<\/p>\n<p><strong>Dijous repte:<\/strong> Avui continuarem amb la tasca de les <a href=\"http:\/\/xtec.cat\/~rnietom\/mod6\/esports\/condicio%20fisica\/qualitats%20fisiques.htm\" target=\"_blank\" rel=\"noopener noreferrer\">qualitats f\u00edsiques b\u00e0siques.<\/a> I seguirem per la <strong>for\u00e7a, <\/strong>haureu de respondre aquestes preguntes:<\/p>\n<p>Quines s\u00f3n les dues proves que fem per mesurar l<strong>a for\u00e7a<\/strong> a l&#8217;escola? Explica-les.<\/p>\n<p>Digues dos jocs que fem a educaci\u00f3 f\u00edsica on treballem la <strong>for\u00e7a<\/strong>. Has de justificar la teva resposta.<\/p>\n<p>Explica un joc o una activitat (pot ser inventada o no) que tu faries per treballar <strong>la for\u00e7a<\/strong> a l&#8217;escola.<\/p>\n<p><strong>Recordeu: Aquestes respostes les podeu enviar per correu de classe, amb l&#8217;assumpte Juanjo. Podeu fer-ho a mesura que les aneu fent , o enviar totes juntes (resist\u00e8ncia, for\u00e7a, flexibilitat i velocitat) com a molt tard, el divendres 24 d&#8217;abril.\u00a0<\/strong><\/p>\n<p>&nbsp;<\/p>\n<p><strong>Divendres rutina: <\/strong>La rutina avui la fareu vosaltres: Us heu d&#8217;inventar una coreografia d&#8217;una can\u00e7\u00f3 que vulgueu, l&#8217;\u00fanica condici\u00f3 \u00e9s que duri, com a m\u00ednim, un minut. Podeu penjar-la al padlet i compartir-les amb la resta de companys i companyes. Despr\u00e9s farem un v\u00eddeo amb totes les coreografies!!!<\/p>\n<p><strong>Divendres repte:<\/strong>\u00a0Avui us proposem una activitat que ja hem fet a l&#8217;escola.<\/p>\n<p>Trieu objectes que tingueu a casa (tants com jugadors sigueu).<\/p>\n<p>Cada jugador haur\u00e0 de triar un objecte i en dos minuts, donar diferents usos als que t\u00e9 l&#8217;objecte. Per exemple, si agafo una escombra pot servir per: fer volar una bruixa o bruixot, com a bat de beisbol&#8230;<\/p>\n<p>La jugadora o jugador que m\u00e9s usos diferents aconsegueixi del seu objecte ser\u00e0 qui pugui triar al dia seg\u00fcent qui far\u00e0 l&#8217;esmorzar a casa.<\/p>\n<p>&nbsp;<\/p>\n<p><span style=\"color: #ff0000;\"><strong>Cultura digital<\/strong><\/span><\/p>\n<p>Primer de tot us volem felicitar als que vau hackejar la vostra habitaci\u00f3. Han quedat molt b\u00e9. De ben segur que aun tornem podrem veure-les totes. Si alg\u00fa o alguna encara no l&#8217;ha fet, podeu fer-la i pujar-la.<\/p>\n<p>Alguns de vosaltres esteu tenint problemes per accedir al compte d&#8217;scratch, us deixem un manual perqu\u00e8 pogueu fer-ho sense problema: <a href=\"https:\/\/agora.xtec.cat\/ceiptarra\/wp-content\/uploads\/usu1004\/2020\/04\/Tutorial-per-accedir-a-Scratch.pdf\" target=\"_blank\" rel=\"noopener noreferrer\">Tutorial per accedir a Scratch<\/a><\/p>\n<p>I per aquesta setmana us proposem un nou repte del Frank Sabat\u00e9, aquesta vegada fer un joc. Recordeu d&#8217;anar desant-lo als projectes, tal i com s&#8217;explica al manual.<\/p>\n<div class=\"ast-oembed-container \" style=\"height: 100%;\"><iframe loading=\"lazy\" title=\"Com fer un joc d&#039;endevinar un n\u00famero secret amb Scratch 2 en menys de 5 minuts!\" width=\"500\" height=\"281\" src=\"https:\/\/www.youtube.com\/embed\/YUBkw_CCf9Y?feature=oembed\" frameborder=\"0\" allow=\"accelerometer; autoplay; clipboard-write; encrypted-media; gyroscope; picture-in-picture; web-share\" referrerpolicy=\"strict-origin-when-cross-origin\" allowfullscreen><\/iframe><\/div>\n<p>&nbsp;<\/p>\n<p><span style=\"color: #ff0000;\"><strong>Religi\u00f3<\/strong><\/span><\/p>\n<p><span style=\"font-weight: 400;\">Aquests dies aprofundirem en els sagraments i cada setmana treballarem un. El primer en el que ens centrarem ser\u00e0 el Baptisme. Has de buscar informaci\u00f3 sobre aquesta festa i dir per qu\u00e8 es celebra, en qu\u00e8 consisteix, quines paraules diu el sacerdot i quins s\u00f3n els s\u00edmbols que es fan servir. Enrecordat d\u2019afegir imatges. Si has estat batejat o batejada pots posar fotografies d\u2019aquell moment.<\/span><\/p>\n<p><strong>Quan ho tingueu, l&#8217;heu d&#8217;enviar per correu de classe i poseu a assumpte Blanca. La data m\u00e0xima \u00e9s el 17 d&#8217;abril.\u00a0<\/strong><\/p>\n<p>&nbsp;<\/p>\n<p>Vinga nens i nenes, cada vegada queda menys per veure&#8217;ns!<\/p>\n<p>Molts \u00e0nims i for\u00e7a.<\/p>\n","protected":false},"excerpt":{"rendered":"<p>Llengua catalana En aquesta \u00e8poca que estem vivint, el suport entre les persones \u00e9s m\u00e9s necessari que mai. Les tutores de sis\u00e8 volem donar les gr\u00e0cies a totes i tots els que heu enviat els vostres escrits a la resid\u00e8ncia d\u2019avis i \u00e0vies del Prat.\u00a0 Seguim en aquesta l\u00ednia!!!!! Aprofitem que a sis\u00e8 tothom fa [&hellip;]<\/p>\n","protected":false},"author":3,"featured_media":12417,"comment_status":"open","ping_status":"closed","sticky":false,"template":"","format":"standard","meta":{"_bbp_topic_count":0,"_bbp_reply_count":0,"_bbp_total_topic_count":0,"_bbp_total_reply_count":0,"_bbp_voice_count":0,"_bbp_anonymous_reply_count":0,"_bbp_topic_count_hidden":0,"_bbp_reply_count_hidden":0,"_bbp_forum_subforum_count":0,"site-sidebar-layout":"default","site-content-layout":"","ast-site-content-layout":"","site-content-style":"default","site-sidebar-style":"default","ast-global-header-display":"","ast-banner-title-visibility":"","ast-main-header-display":"","ast-hfb-above-header-display":"","ast-hfb-below-header-display":"","ast-hfb-mobile-header-display":"","site-post-title":"","ast-breadcrumbs-content":"","ast-featured-img":"","footer-sml-layout":"","theme-transparent-header-meta":"","adv-header-id-meta":"","stick-header-meta":"","header-above-stick-meta":"","header-main-stick-meta":"","header-below-stick-meta":"","astra-migrate-meta-layouts":"default","ast-page-background-enabled":"default","ast-page-background-meta":{"desktop":{"background-color":"var(--ast-global-color-4)","background-image":"","background-repeat":"repeat","background-position":"center center","background-size":"auto","background-attachment":"scroll","background-type":"","background-media":"","overlay-type":"","overlay-color":"","overlay-opacity":"","overlay-gradient":""},"tablet":{"background-color":"","background-image":"","background-repeat":"repeat","background-position":"center center","background-size":"auto","background-attachment":"scroll","background-type":"","background-media":"","overlay-type":"","overlay-color":"","overlay-opacity":"","overlay-gradient":""},"mobile":{"background-color":"","background-image":"","background-repeat":"repeat","background-position":"center center","background-size":"auto","background-attachment":"scroll","background-type":"","background-media":"","overlay-type":"","overlay-color":"","overlay-opacity":"","overlay-gradient":""}},"ast-content-background-meta":{"desktop":{"background-color":"var(--ast-global-color-5)","background-image":"","background-repeat":"repeat","background-position":"center center","background-size":"auto","background-attachment":"scroll","background-type":"","background-media":"","overlay-type":"","overlay-color":"","overlay-opacity":"","overlay-gradient":""},"tablet":{"background-color":"var(--ast-global-color-5)","background-image":"","background-repeat":"repeat","background-position":"center center","background-size":"auto","background-attachment":"scroll","background-type":"","background-media":"","overlay-type":"","overlay-color":"","overlay-opacity":"","overlay-gradient":""},"mobile":{"background-color":"var(--ast-global-color-5)","background-image":"","background-repeat":"repeat","background-position":"center center","background-size":"auto","background-attachment":"scroll","background-type":"","background-media":"","overlay-type":"","overlay-color":"","overlay-opacity":"","overlay-gradient":""}},"footnotes":""},"categories":[15],"tags":[327],"class_list":["post-12416","post","type-post","status-publish","format-standard","has-post-thumbnail","hentry","category-6e","tag-ens-quedem-a-casa"],"post_mailing_queue_ids":[],"_links":{"self":[{"href":"https:\/\/agora.xtec.cat\/ceiptarra\/wp-json\/wp\/v2\/posts\/12416","targetHints":{"allow":["GET"]}}],"collection":[{"href":"https:\/\/agora.xtec.cat\/ceiptarra\/wp-json\/wp\/v2\/posts"}],"about":[{"href":"https:\/\/agora.xtec.cat\/ceiptarra\/wp-json\/wp\/v2\/types\/post"}],"author":[{"embeddable":true,"href":"https:\/\/agora.xtec.cat\/ceiptarra\/wp-json\/wp\/v2\/users\/3"}],"replies":[{"embeddable":true,"href":"https:\/\/agora.xtec.cat\/ceiptarra\/wp-json\/wp\/v2\/comments?post=12416"}],"version-history":[{"count":3,"href":"https:\/\/agora.xtec.cat\/ceiptarra\/wp-json\/wp\/v2\/posts\/12416\/revisions"}],"predecessor-version":[{"id":12502,"href":"https:\/\/agora.xtec.cat\/ceiptarra\/wp-json\/wp\/v2\/posts\/12416\/revisions\/12502"}],"wp:featuredmedia":[{"embeddable":true,"href":"https:\/\/agora.xtec.cat\/ceiptarra\/wp-json\/wp\/v2\/media\/12417"}],"wp:attachment":[{"href":"https:\/\/agora.xtec.cat\/ceiptarra\/wp-json\/wp\/v2\/media?parent=12416"}],"wp:term":[{"taxonomy":"category","embeddable":true,"href":"https:\/\/agora.xtec.cat\/ceiptarra\/wp-json\/wp\/v2\/categories?post=12416"},{"taxonomy":"post_tag","embeddable":true,"href":"https:\/\/agora.xtec.cat\/ceiptarra\/wp-json\/wp\/v2\/tags?post=12416"}],"curies":[{"name":"wp","href":"https:\/\/api.w.org\/{rel}","templated":true}]}}