{"id":993,"date":"2019-09-10T12:45:07","date_gmt":"2019-09-10T10:45:07","guid":{"rendered":"http:\/\/agora.xtec.cat\/ceiptallo\/?p=993"},"modified":"2019-09-12T09:36:15","modified_gmt":"2019-09-12T07:36:15","slug":"reunio-inici-de-curs","status":"publish","type":"post","link":"https:\/\/agora.xtec.cat\/ceiptallo\/portada\/reunio-inici-de-curs\/","title":{"rendered":"REUNI\u00d3 INICI DE CURS"},"content":{"rendered":"<p>El proper<span style=\"color: #000000;\"><strong> DIMARTS 17 DE SETEMBRE A LES 16.45h<\/strong> <\/span>es far\u00e0 la reuni\u00f3 d&#8217;inici de curs on es presentar\u00e0 el nou Equip Directiu i el claustre de mestres d&#8217;aquest curs 2019-2020.<\/p>\n<p>A part de la reuni\u00f3 general d&#8217;inici de curs, cada tutor\/a far\u00e0 una reuni\u00f3 amb les fam\u00edlies del seu grup classe.<\/p>\n<p>A continuaci\u00f3 us deixem les dates:<\/p>\n<p style=\"text-align: center;\"><strong>P3:<\/strong> Dimarts 10 de setembre a les 12.00h<\/p>\n<p style=\"text-align: center;\"><strong>P4:<\/strong> Dimecres 18 de setembre a les 16.30h<\/p>\n<p style=\"text-align: center;\"><strong>P5:<\/strong> Dimarts 17 de setembre, al finalitzar la reuni\u00f3 general<\/p>\n<p style=\"text-align: center;\"><strong>1r:<\/strong> Dimarts 17 de setembre, al finalitzar la reuni\u00f3 general<\/p>\n<p style=\"text-align: center;\"><strong>2n:<\/strong> Dimecres 25 de setembre a les 16.30h<\/p>\n<p style=\"text-align: center;\"><strong>3r:<\/strong> Dimecres 18 de setembre a les 16.30h<\/p>\n<p style=\"text-align: center;\"><strong>4t:<\/strong> Dijous 19 de setembre a les 16.30h<\/p>\n<p style=\"text-align: center;\"><strong>5\u00e8:<\/strong> Dijous 19 de setembre a les 16.30h<\/p>\n<p style=\"text-align: center;\"><strong>6\u00e8:<\/strong> Dilluns 23 de setembre a les 16.30h<\/p>\n<p>&nbsp;<\/p>\n","protected":false},"excerpt":{"rendered":"<p>El proper DIMARTS 17 DE SETEMBRE A LES 16.45h es far\u00e0 la reuni\u00f3 d&#8217;inici de curs on es presentar\u00e0 el nou Equip Directiu i el claustre de mestres d&#8217;aquest curs 2019-2020.<br \/>\nA part de la reuni\u00f3 general d&#8217;inici de curs, cada tutor\/a far\u00e0 una reuni\u00f3 amb&hellip;  <a href=\"https:\/\/agora.xtec.cat\/ceiptallo\/portada\/reunio-inici-de-curs\/\" title=\"Read REUNI\u00d3 INICI DE CURS\">Llegeix m\u00e9s\u00bb<\/a><\/p>\n","protected":false},"author":1,"featured_media":0,"comment_status":"open","ping_status":"closed","sticky":false,"template":"","format":"standard","meta":{"_bbp_topic_count":0,"_bbp_reply_count":0,"_bbp_total_topic_count":0,"_bbp_total_reply_count":0,"_bbp_voice_count":0,"_bbp_anonymous_reply_count":0,"_bbp_topic_count_hidden":0,"_bbp_reply_count_hidden":0,"_bbp_forum_subforum_count":0,"footnotes":""},"categories":[4],"tags":[],"class_list":["post-993","post","type-post","status-publish","format-standard","hentry","category-portada"],"post_mailing_queue_ids":[],"_links":{"self":[{"href":"https:\/\/agora.xtec.cat\/ceiptallo\/wp-json\/wp\/v2\/posts\/993","targetHints":{"allow":["GET"]}}],"collection":[{"href":"https:\/\/agora.xtec.cat\/ceiptallo\/wp-json\/wp\/v2\/posts"}],"about":[{"href":"https:\/\/agora.xtec.cat\/ceiptallo\/wp-json\/wp\/v2\/types\/post"}],"author":[{"embeddable":true,"href":"https:\/\/agora.xtec.cat\/ceiptallo\/wp-json\/wp\/v2\/users\/1"}],"replies":[{"embeddable":true,"href":"https:\/\/agora.xtec.cat\/ceiptallo\/wp-json\/wp\/v2\/comments?post=993"}],"version-history":[{"count":2,"href":"https:\/\/agora.xtec.cat\/ceiptallo\/wp-json\/wp\/v2\/posts\/993\/revisions"}],"predecessor-version":[{"id":995,"href":"https:\/\/agora.xtec.cat\/ceiptallo\/wp-json\/wp\/v2\/posts\/993\/revisions\/995"}],"wp:attachment":[{"href":"https:\/\/agora.xtec.cat\/ceiptallo\/wp-json\/wp\/v2\/media?parent=993"}],"wp:term":[{"taxonomy":"category","embeddable":true,"href":"https:\/\/agora.xtec.cat\/ceiptallo\/wp-json\/wp\/v2\/categories?post=993"},{"taxonomy":"post_tag","embeddable":true,"href":"https:\/\/agora.xtec.cat\/ceiptallo\/wp-json\/wp\/v2\/tags?post=993"}],"curies":[{"name":"wp","href":"https:\/\/api.w.org\/{rel}","templated":true}]}}