{"id":979,"date":"2019-06-28T12:04:32","date_gmt":"2019-06-28T10:04:32","guid":{"rendered":"http:\/\/agora.xtec.cat\/ceiptallo\/?p=979"},"modified":"2019-06-28T12:05:15","modified_gmt":"2019-06-28T10:05:15","slug":"un-cop-mes-hem-arribat-a-final-de-curs","status":"publish","type":"post","link":"https:\/\/agora.xtec.cat\/ceiptallo\/general\/un-cop-mes-hem-arribat-a-final-de-curs\/","title":{"rendered":"Un cop m\u00e9s hem arribat a final de curs!!"},"content":{"rendered":"<p>L&#8217;\u00faltim dia de curs, com cada any, vam anar al Centre C\u00edvic per despedir-nos de tot l&#8217;alumnat de 6\u00e8. Va ser un comiat emotiu, on cada curs va oferir una actuaci\u00f3 als m\u00e9s grans que de ben segur recordaran sempre&#8230; Molta sort en aquesta nova etapa!<\/p>\n<p><a href=\"https:\/\/agora.xtec.cat\/ceiptallo\/wp-content\/uploads\/usu875\/2019\/06\/IMG-20190628-WA0003.jpg\"><img loading=\"lazy\" decoding=\"async\" class=\"alignnone size-full wp-image-980\" src=\"https:\/\/agora.xtec.cat\/ceiptallo\/wp-content\/uploads\/usu875\/2019\/06\/IMG-20190628-WA0003.jpg\" alt=\"\" width=\"1600\" height=\"900\" srcset=\"https:\/\/agora.xtec.cat\/ceiptallo\/wp-content\/uploads\/usu875\/2019\/06\/IMG-20190628-WA0003.jpg 1600w, https:\/\/agora.xtec.cat\/ceiptallo\/wp-content\/uploads\/usu875\/2019\/06\/IMG-20190628-WA0003-300x169.jpg 300w, https:\/\/agora.xtec.cat\/ceiptallo\/wp-content\/uploads\/usu875\/2019\/06\/IMG-20190628-WA0003-768x432.jpg 768w, https:\/\/agora.xtec.cat\/ceiptallo\/wp-content\/uploads\/usu875\/2019\/06\/IMG-20190628-WA0003-1024x576.jpg 1024w\" sizes=\"auto, (max-width: 1600px) 100vw, 1600px\" \/><\/a><\/p>\n<p>Us desitgem a bon estiu i ens retrobem al setembre!<\/p>\n<p><a href=\"https:\/\/agora.xtec.cat\/ceiptallo\/wp-content\/uploads\/usu875\/2019\/06\/Bon-estiu.jpg\"><img loading=\"lazy\" decoding=\"async\" class=\"alignnone size-full wp-image-981\" src=\"https:\/\/agora.xtec.cat\/ceiptallo\/wp-content\/uploads\/usu875\/2019\/06\/Bon-estiu.jpg\" alt=\"\" width=\"960\" height=\"667\" srcset=\"https:\/\/agora.xtec.cat\/ceiptallo\/wp-content\/uploads\/usu875\/2019\/06\/Bon-estiu.jpg 960w, https:\/\/agora.xtec.cat\/ceiptallo\/wp-content\/uploads\/usu875\/2019\/06\/Bon-estiu-300x208.jpg 300w, https:\/\/agora.xtec.cat\/ceiptallo\/wp-content\/uploads\/usu875\/2019\/06\/Bon-estiu-768x534.jpg 768w\" sizes=\"auto, (max-width: 960px) 100vw, 960px\" \/><\/a><\/p>\n","protected":false},"excerpt":{"rendered":"<p>L&#8217;\u00faltim dia de curs, com cada any, vam anar al Centre C\u00edvic per despedir-nos de tot l&#8217;alumnat de 6\u00e8. &hellip;  <a href=\"https:\/\/agora.xtec.cat\/ceiptallo\/general\/un-cop-mes-hem-arribat-a-final-de-curs\/\" title=\"Read Un cop m\u00e9s hem arribat a final de curs!!\">Llegeix m\u00e9s\u00bb<\/a><\/p>\n","protected":false},"author":1,"featured_media":981,"comment_status":"open","ping_status":"closed","sticky":false,"template":"","format":"standard","meta":{"_bbp_topic_count":0,"_bbp_reply_count":0,"_bbp_total_topic_count":0,"_bbp_total_reply_count":0,"_bbp_voice_count":0,"_bbp_anonymous_reply_count":0,"_bbp_topic_count_hidden":0,"_bbp_reply_count_hidden":0,"_bbp_forum_subforum_count":0,"footnotes":""},"categories":[1,4],"tags":[],"class_list":["post-979","post","type-post","status-publish","format-standard","has-post-thumbnail","hentry","category-general","category-portada"],"post_mailing_queue_ids":[],"_links":{"self":[{"href":"https:\/\/agora.xtec.cat\/ceiptallo\/wp-json\/wp\/v2\/posts\/979","targetHints":{"allow":["GET"]}}],"collection":[{"href":"https:\/\/agora.xtec.cat\/ceiptallo\/wp-json\/wp\/v2\/posts"}],"about":[{"href":"https:\/\/agora.xtec.cat\/ceiptallo\/wp-json\/wp\/v2\/types\/post"}],"author":[{"embeddable":true,"href":"https:\/\/agora.xtec.cat\/ceiptallo\/wp-json\/wp\/v2\/users\/1"}],"replies":[{"embeddable":true,"href":"https:\/\/agora.xtec.cat\/ceiptallo\/wp-json\/wp\/v2\/comments?post=979"}],"version-history":[{"count":3,"href":"https:\/\/agora.xtec.cat\/ceiptallo\/wp-json\/wp\/v2\/posts\/979\/revisions"}],"predecessor-version":[{"id":984,"href":"https:\/\/agora.xtec.cat\/ceiptallo\/wp-json\/wp\/v2\/posts\/979\/revisions\/984"}],"wp:featuredmedia":[{"embeddable":true,"href":"https:\/\/agora.xtec.cat\/ceiptallo\/wp-json\/wp\/v2\/media\/981"}],"wp:attachment":[{"href":"https:\/\/agora.xtec.cat\/ceiptallo\/wp-json\/wp\/v2\/media?parent=979"}],"wp:term":[{"taxonomy":"category","embeddable":true,"href":"https:\/\/agora.xtec.cat\/ceiptallo\/wp-json\/wp\/v2\/categories?post=979"},{"taxonomy":"post_tag","embeddable":true,"href":"https:\/\/agora.xtec.cat\/ceiptallo\/wp-json\/wp\/v2\/tags?post=979"}],"curies":[{"name":"wp","href":"https:\/\/api.w.org\/{rel}","templated":true}]}}