{"id":9677,"date":"2025-02-20T11:57:07","date_gmt":"2025-02-20T10:57:07","guid":{"rendered":"https:\/\/agora.xtec.cat\/ceiptallo\/?p=9677"},"modified":"2025-02-20T12:01:16","modified_gmt":"2025-02-20T11:01:16","slug":"portes-obertes","status":"publish","type":"post","link":"https:\/\/agora.xtec.cat\/ceiptallo\/portada\/portes-obertes\/","title":{"rendered":""},"content":{"rendered":"\n<figure class=\"wp-block-gallery has-nested-images columns-default is-cropped wp-block-gallery-1 is-layout-flex wp-block-gallery-is-layout-flex\">\n<figure class=\"wp-block-image size-large is-style-default\"><a href=\"https:\/\/agora.xtec.cat\/ceiptallo\/wp-content\/uploads\/usu875\/2025\/02\/Portes-obertes-Institut-Escola-Bellver-1.png\"><img loading=\"lazy\" decoding=\"async\" width=\"1024\" height=\"1024\" data-id=\"9678\" src=\"https:\/\/agora.xtec.cat\/ceiptallo\/wp-content\/uploads\/usu875\/2025\/02\/Portes-obertes-Institut-Escola-Bellver-1-1024x1024.png\" alt=\"\" class=\"wp-image-9678\" srcset=\"https:\/\/agora.xtec.cat\/ceiptallo\/wp-content\/uploads\/usu875\/2025\/02\/Portes-obertes-Institut-Escola-Bellver-1-1024x1024.png 1024w, https:\/\/agora.xtec.cat\/ceiptallo\/wp-content\/uploads\/usu875\/2025\/02\/Portes-obertes-Institut-Escola-Bellver-1-300x300.png 300w, https:\/\/agora.xtec.cat\/ceiptallo\/wp-content\/uploads\/usu875\/2025\/02\/Portes-obertes-Institut-Escola-Bellver-1-150x150.png 150w, https:\/\/agora.xtec.cat\/ceiptallo\/wp-content\/uploads\/usu875\/2025\/02\/Portes-obertes-Institut-Escola-Bellver-1-768x768.png 768w, https:\/\/agora.xtec.cat\/ceiptallo\/wp-content\/uploads\/usu875\/2025\/02\/Portes-obertes-Institut-Escola-Bellver-1-1536x1536.png 1536w, https:\/\/agora.xtec.cat\/ceiptallo\/wp-content\/uploads\/usu875\/2025\/02\/Portes-obertes-Institut-Escola-Bellver-1.png 1654w\" sizes=\"auto, (max-width: 1024px) 100vw, 1024px\" \/><\/a><\/figure>\n<\/figure>\n\n\n\n<p>El dilluns 10 de mar\u00e7 realitzarem el &#8220;portes obertes&#8221; de l&#8217;Institut Escola Bellver. <\/p>\n\n\n\n<p>Educaci\u00f3 infantil i prim\u00e0ria: 17h. <\/p>\n\n\n\n<p>Educaci\u00f3 secund\u00e0ria: 18h. <\/p>\n\n\n\n<p>Agrair\u00edem que confirm\u00e9ssiu l&#8217;assist\u00e8ncia enviant un correu a: c5001059@xtec.cat. <\/p>\n\n\n\n<p>Us esprem a tots i totes!<\/p>\n\n\n\n<p><\/p>\n","protected":false},"excerpt":{"rendered":"<p>El dilluns 10 de mar\u00e7 realitzarem el &#8220;portes obertes&#8221; de l&#8217;Institut Escola Bellver. <\/p>\n<p>A les 17h: Educaci\u00f3 infantil i prim\u00e0ria<\/p>\n<p>A les 18h: Educaci\u00f3 secund\u00e0ria<\/p>\n<p>Agrair\u00edem que confirm\u00e9ssiu l&#8217;assist\u00e8ncia enviant un correu a: c5001059@xtec.cat.&hellip;  <a href=\"https:\/\/agora.xtec.cat\/ceiptallo\/portada\/portes-obertes\/\" title=\"Read \">Llegeix m\u00e9s\u00bb<\/a><\/p>\n","protected":false},"author":1,"featured_media":9678,"comment_status":"open","ping_status":"open","sticky":false,"template":"","format":"standard","meta":{"_bbp_topic_count":0,"_bbp_reply_count":0,"_bbp_total_topic_count":0,"_bbp_total_reply_count":0,"_bbp_voice_count":0,"_bbp_anonymous_reply_count":0,"_bbp_topic_count_hidden":0,"_bbp_reply_count_hidden":0,"_bbp_forum_subforum_count":0,"footnotes":""},"categories":[4],"tags":[],"class_list":["post-9677","post","type-post","status-publish","format-standard","has-post-thumbnail","hentry","category-portada"],"post_mailing_queue_ids":[],"_links":{"self":[{"href":"https:\/\/agora.xtec.cat\/ceiptallo\/wp-json\/wp\/v2\/posts\/9677","targetHints":{"allow":["GET"]}}],"collection":[{"href":"https:\/\/agora.xtec.cat\/ceiptallo\/wp-json\/wp\/v2\/posts"}],"about":[{"href":"https:\/\/agora.xtec.cat\/ceiptallo\/wp-json\/wp\/v2\/types\/post"}],"author":[{"embeddable":true,"href":"https:\/\/agora.xtec.cat\/ceiptallo\/wp-json\/wp\/v2\/users\/1"}],"replies":[{"embeddable":true,"href":"https:\/\/agora.xtec.cat\/ceiptallo\/wp-json\/wp\/v2\/comments?post=9677"}],"version-history":[{"count":4,"href":"https:\/\/agora.xtec.cat\/ceiptallo\/wp-json\/wp\/v2\/posts\/9677\/revisions"}],"predecessor-version":[{"id":9682,"href":"https:\/\/agora.xtec.cat\/ceiptallo\/wp-json\/wp\/v2\/posts\/9677\/revisions\/9682"}],"wp:featuredmedia":[{"embeddable":true,"href":"https:\/\/agora.xtec.cat\/ceiptallo\/wp-json\/wp\/v2\/media\/9678"}],"wp:attachment":[{"href":"https:\/\/agora.xtec.cat\/ceiptallo\/wp-json\/wp\/v2\/media?parent=9677"}],"wp:term":[{"taxonomy":"category","embeddable":true,"href":"https:\/\/agora.xtec.cat\/ceiptallo\/wp-json\/wp\/v2\/categories?post=9677"},{"taxonomy":"post_tag","embeddable":true,"href":"https:\/\/agora.xtec.cat\/ceiptallo\/wp-json\/wp\/v2\/tags?post=9677"}],"curies":[{"name":"wp","href":"https:\/\/api.w.org\/{rel}","templated":true}]}}