{"id":9669,"date":"2025-01-30T11:23:50","date_gmt":"2025-01-30T10:23:50","guid":{"rendered":"https:\/\/agora.xtec.cat\/ceiptallo\/?p=9669"},"modified":"2025-01-30T11:33:09","modified_gmt":"2025-01-30T10:33:09","slug":"9669","status":"publish","type":"post","link":"https:\/\/agora.xtec.cat\/ceiptallo\/general\/9669\/","title":{"rendered":"Preinscripci\u00f3 2025-2026"},"content":{"rendered":"\n<figure class=\"wp-block-image size-full\"><a href=\"https:\/\/agora.xtec.cat\/ceiptallo\/wp-content\/uploads\/usu875\/2025\/01\/image.png\"><img loading=\"lazy\" decoding=\"async\" width=\"839\" height=\"463\" src=\"https:\/\/agora.xtec.cat\/ceiptallo\/wp-content\/uploads\/usu875\/2025\/01\/image.png\" alt=\"\" class=\"wp-image-9670\" srcset=\"https:\/\/agora.xtec.cat\/ceiptallo\/wp-content\/uploads\/usu875\/2025\/01\/image.png 839w, https:\/\/agora.xtec.cat\/ceiptallo\/wp-content\/uploads\/usu875\/2025\/01\/image-300x166.png 300w, https:\/\/agora.xtec.cat\/ceiptallo\/wp-content\/uploads\/usu875\/2025\/01\/image-768x424.png 768w\" sizes=\"auto, (max-width: 839px) 100vw, 839px\" \/><\/a><\/figure>\n\n\n\n<p>Preinscripci\u00f3 a l&#8217;Institut Escola Bellver. Preinscripci\u00f3 2025-2026. Educaci\u00f3 infantil del 12 al 26 de mar\u00e7. Educaci\u00f3 prim\u00e0ria del 12 al 26 de mar\u00e7. Educaci\u00f3 secund\u00e0ria 14 al 26 de mar\u00e7.<\/p>\n","protected":false},"excerpt":{"rendered":"<p>Preinscripci\u00f3 2025-2026. Educaci\u00f3 infantil del 12 al 26 de mar\u00e7. Educaci\u00f3 prim\u00e0ria del 12 al 26 de mar\u00e7. Educaci\u00f3 secund\u00e0ria 14 al 26 de mar\u00e7.&hellip;  <a href=\"https:\/\/agora.xtec.cat\/ceiptallo\/general\/9669\/\" title=\"Read Preinscripci\u00f3 2025-2026\">Llegeix m\u00e9s\u00bb<\/a><\/p>\n","protected":false},"author":1,"featured_media":9670,"comment_status":"open","ping_status":"open","sticky":false,"template":"","format":"standard","meta":{"_bbp_topic_count":0,"_bbp_reply_count":0,"_bbp_total_topic_count":0,"_bbp_total_reply_count":0,"_bbp_voice_count":0,"_bbp_anonymous_reply_count":0,"_bbp_topic_count_hidden":0,"_bbp_reply_count_hidden":0,"_bbp_forum_subforum_count":0,"footnotes":""},"categories":[1,4],"tags":[],"class_list":["post-9669","post","type-post","status-publish","format-standard","has-post-thumbnail","hentry","category-general","category-portada"],"post_mailing_queue_ids":[],"_links":{"self":[{"href":"https:\/\/agora.xtec.cat\/ceiptallo\/wp-json\/wp\/v2\/posts\/9669","targetHints":{"allow":["GET"]}}],"collection":[{"href":"https:\/\/agora.xtec.cat\/ceiptallo\/wp-json\/wp\/v2\/posts"}],"about":[{"href":"https:\/\/agora.xtec.cat\/ceiptallo\/wp-json\/wp\/v2\/types\/post"}],"author":[{"embeddable":true,"href":"https:\/\/agora.xtec.cat\/ceiptallo\/wp-json\/wp\/v2\/users\/1"}],"replies":[{"embeddable":true,"href":"https:\/\/agora.xtec.cat\/ceiptallo\/wp-json\/wp\/v2\/comments?post=9669"}],"version-history":[{"count":4,"href":"https:\/\/agora.xtec.cat\/ceiptallo\/wp-json\/wp\/v2\/posts\/9669\/revisions"}],"predecessor-version":[{"id":9674,"href":"https:\/\/agora.xtec.cat\/ceiptallo\/wp-json\/wp\/v2\/posts\/9669\/revisions\/9674"}],"wp:featuredmedia":[{"embeddable":true,"href":"https:\/\/agora.xtec.cat\/ceiptallo\/wp-json\/wp\/v2\/media\/9670"}],"wp:attachment":[{"href":"https:\/\/agora.xtec.cat\/ceiptallo\/wp-json\/wp\/v2\/media?parent=9669"}],"wp:term":[{"taxonomy":"category","embeddable":true,"href":"https:\/\/agora.xtec.cat\/ceiptallo\/wp-json\/wp\/v2\/categories?post=9669"},{"taxonomy":"post_tag","embeddable":true,"href":"https:\/\/agora.xtec.cat\/ceiptallo\/wp-json\/wp\/v2\/tags?post=9669"}],"curies":[{"name":"wp","href":"https:\/\/api.w.org\/{rel}","templated":true}]}}