{"id":9427,"date":"2024-04-29T12:21:13","date_gmt":"2024-04-29T10:21:13","guid":{"rendered":"https:\/\/agora.xtec.cat\/ceiptallo\/?p=9427"},"modified":"2024-04-30T12:52:03","modified_gmt":"2024-04-30T10:52:03","slug":"confirmada-la-creacio-de-linstitut-escola-per-al-curs-25-26","status":"publish","type":"post","link":"https:\/\/agora.xtec.cat\/ceiptallo\/portada\/confirmada-la-creacio-de-linstitut-escola-per-al-curs-25-26\/","title":{"rendered":"Confirmada la creaci\u00f3 de l&#8217;Institut-Escola per al curs 25-26"},"content":{"rendered":"<p>El passat divendres van venir a l&#8217;escola en Sim\u00f3 L\u00f3pez, director general de centres p\u00fablics de Catalunya, en Ramon Jordana, director territorial d&#8217;Educaci\u00f3 a l&#8217;Alt Pirineu i Aran, la Rosa Marsol, cap d&#8217;\u00e0rea per la coordinaci\u00f3 i planificaci\u00f3 escolar a l&#8217;Alt Pirineu i Aran, per comunicar-nos que l&#8217;Institut-Escola ser\u00e0 una realitat el curs 25-26. Durant la visita ens va acompanyar l&#8217;equip de govern de Bellver.<\/p>\n<p><a href=\"https:\/\/agora.xtec.cat\/ceiptallo\/wp-content\/uploads\/usu875\/2024\/04\/1714154760671.jpg\"><img loading=\"lazy\" decoding=\"async\" class=\"alignnone size-medium wp-image-9429\" src=\"https:\/\/agora.xtec.cat\/ceiptallo\/wp-content\/uploads\/usu875\/2024\/04\/1714154760671-300x225.jpg\" alt=\"\" width=\"300\" height=\"225\" srcset=\"https:\/\/agora.xtec.cat\/ceiptallo\/wp-content\/uploads\/usu875\/2024\/04\/1714154760671-300x225.jpg 300w, https:\/\/agora.xtec.cat\/ceiptallo\/wp-content\/uploads\/usu875\/2024\/04\/1714154760671-1024x768.jpg 1024w, https:\/\/agora.xtec.cat\/ceiptallo\/wp-content\/uploads\/usu875\/2024\/04\/1714154760671-768x576.jpg 768w, https:\/\/agora.xtec.cat\/ceiptallo\/wp-content\/uploads\/usu875\/2024\/04\/1714154760671-1536x1152.jpg 1536w, https:\/\/agora.xtec.cat\/ceiptallo\/wp-content\/uploads\/usu875\/2024\/04\/1714154760671-200x150.jpg 200w, https:\/\/agora.xtec.cat\/ceiptallo\/wp-content\/uploads\/usu875\/2024\/04\/1714154760671.jpg 2048w\" sizes=\"auto, (max-width: 300px) 100vw, 300px\" \/><\/a><\/p>\n","protected":false},"excerpt":{"rendered":"<p>El passat divendres van venir a l&#8217;escola en Sim\u00f3 L\u00f3pez, director general de centres p\u00fablics de Catalunya, en Ramon Jordana, director territorial d&#8217;Educaci\u00f3 a l&#8217;Alt Pirineu i Aran, la Rosa Marsol, cap d&#8217;\u00e0rea per la coordinaci\u00f3 i planificaci\u00f3 escolar a l&#8217;Alt Pirineu i Aran, per comunicar-nos que l&#8217;Institut-Escola ser\u00e0 una realitat el curs 25-26. Durant la visita ens va acompanyar l&#8217;equip de govern de Bellver.&hellip;  <a href=\"https:\/\/agora.xtec.cat\/ceiptallo\/portada\/confirmada-la-creacio-de-linstitut-escola-per-al-curs-25-26\/\" title=\"Read Confirmada la creaci\u00f3 de l&#8217;Institut-Escola per al curs 25-26\">Llegeix m\u00e9s\u00bb<\/a><\/p>\n","protected":false},"author":1,"featured_media":9429,"comment_status":"open","ping_status":"closed","sticky":false,"template":"","format":"standard","meta":{"_bbp_topic_count":0,"_bbp_reply_count":0,"_bbp_total_topic_count":0,"_bbp_total_reply_count":0,"_bbp_voice_count":0,"_bbp_anonymous_reply_count":0,"_bbp_topic_count_hidden":0,"_bbp_reply_count_hidden":0,"_bbp_forum_subforum_count":0,"footnotes":""},"categories":[4],"tags":[],"class_list":["post-9427","post","type-post","status-publish","format-standard","has-post-thumbnail","hentry","category-portada"],"post_mailing_queue_ids":[],"_links":{"self":[{"href":"https:\/\/agora.xtec.cat\/ceiptallo\/wp-json\/wp\/v2\/posts\/9427","targetHints":{"allow":["GET"]}}],"collection":[{"href":"https:\/\/agora.xtec.cat\/ceiptallo\/wp-json\/wp\/v2\/posts"}],"about":[{"href":"https:\/\/agora.xtec.cat\/ceiptallo\/wp-json\/wp\/v2\/types\/post"}],"author":[{"embeddable":true,"href":"https:\/\/agora.xtec.cat\/ceiptallo\/wp-json\/wp\/v2\/users\/1"}],"replies":[{"embeddable":true,"href":"https:\/\/agora.xtec.cat\/ceiptallo\/wp-json\/wp\/v2\/comments?post=9427"}],"version-history":[{"count":1,"href":"https:\/\/agora.xtec.cat\/ceiptallo\/wp-json\/wp\/v2\/posts\/9427\/revisions"}],"predecessor-version":[{"id":9430,"href":"https:\/\/agora.xtec.cat\/ceiptallo\/wp-json\/wp\/v2\/posts\/9427\/revisions\/9430"}],"wp:featuredmedia":[{"embeddable":true,"href":"https:\/\/agora.xtec.cat\/ceiptallo\/wp-json\/wp\/v2\/media\/9429"}],"wp:attachment":[{"href":"https:\/\/agora.xtec.cat\/ceiptallo\/wp-json\/wp\/v2\/media?parent=9427"}],"wp:term":[{"taxonomy":"category","embeddable":true,"href":"https:\/\/agora.xtec.cat\/ceiptallo\/wp-json\/wp\/v2\/categories?post=9427"},{"taxonomy":"post_tag","embeddable":true,"href":"https:\/\/agora.xtec.cat\/ceiptallo\/wp-json\/wp\/v2\/tags?post=9427"}],"curies":[{"name":"wp","href":"https:\/\/api.w.org\/{rel}","templated":true}]}}