{"id":9291,"date":"2024-02-25T11:48:44","date_gmt":"2024-02-25T10:48:44","guid":{"rendered":"https:\/\/agora.xtec.cat\/ceiptallo\/?p=9291"},"modified":"2024-02-26T14:56:01","modified_gmt":"2024-02-26T13:56:01","slug":"preinscripcions","status":"publish","type":"post","link":"https:\/\/agora.xtec.cat\/ceiptallo\/general\/preinscripcions\/","title":{"rendered":"Preinscripcions"},"content":{"rendered":"<p>A partir del dia 6 i fins el 20 de mar\u00e7 podeu realitzar la preinscripci\u00f3 escolar telem\u00e0tica pel curs 2024-2025.<\/p>\n<p><a href=\"https:\/\/preinscripcio.gencat.cat\/ca\/estudis\/infantil-3-6\/inici\/\" target=\"_blank\" rel=\"noopener\"><img loading=\"lazy\" decoding=\"async\" class=\"alignnone wp-image-9297\" src=\"https:\/\/agora.xtec.cat\/ceiptallo\/wp-content\/uploads\/usu875\/2024\/02\/Cartell-Preinscripcio-23-24-724x1024.jpg\" alt=\"\" width=\"373\" height=\"527\" srcset=\"https:\/\/agora.xtec.cat\/ceiptallo\/wp-content\/uploads\/usu875\/2024\/02\/Cartell-Preinscripcio-23-24-724x1024.jpg 724w, https:\/\/agora.xtec.cat\/ceiptallo\/wp-content\/uploads\/usu875\/2024\/02\/Cartell-Preinscripcio-23-24-212x300.jpg 212w, https:\/\/agora.xtec.cat\/ceiptallo\/wp-content\/uploads\/usu875\/2024\/02\/Cartell-Preinscripcio-23-24-768x1086.jpg 768w, https:\/\/agora.xtec.cat\/ceiptallo\/wp-content\/uploads\/usu875\/2024\/02\/Cartell-Preinscripcio-23-24-1086x1536.jpg 1086w, https:\/\/agora.xtec.cat\/ceiptallo\/wp-content\/uploads\/usu875\/2024\/02\/Cartell-Preinscripcio-23-24-1448x2048.jpg 1448w, https:\/\/agora.xtec.cat\/ceiptallo\/wp-content\/uploads\/usu875\/2024\/02\/Cartell-Preinscripcio-23-24.jpg 1587w\" sizes=\"auto, (max-width: 373px) 100vw, 373px\" \/><\/a><\/p>\n<p>&nbsp;<\/p>\n","protected":false},"excerpt":{"rendered":"<p>A partir del dia 6 i fins el 20 de mar\u00e7 podeu realitzar la preinscripci\u00f3 escolar telem\u00e0tica pel curs 2024-2025.&hellip;  <a href=\"https:\/\/agora.xtec.cat\/ceiptallo\/general\/preinscripcions\/\" title=\"Read Preinscripcions\">Llegeix m\u00e9s\u00bb<\/a><\/p>\n","protected":false},"author":4,"featured_media":9297,"comment_status":"open","ping_status":"closed","sticky":false,"template":"","format":"standard","meta":{"_bbp_topic_count":0,"_bbp_reply_count":0,"_bbp_total_topic_count":0,"_bbp_total_reply_count":0,"_bbp_voice_count":0,"_bbp_anonymous_reply_count":0,"_bbp_topic_count_hidden":0,"_bbp_reply_count_hidden":0,"_bbp_forum_subforum_count":0,"footnotes":""},"categories":[1,4],"tags":[],"class_list":["post-9291","post","type-post","status-publish","format-standard","has-post-thumbnail","hentry","category-general","category-portada"],"post_mailing_queue_ids":[],"_links":{"self":[{"href":"https:\/\/agora.xtec.cat\/ceiptallo\/wp-json\/wp\/v2\/posts\/9291","targetHints":{"allow":["GET"]}}],"collection":[{"href":"https:\/\/agora.xtec.cat\/ceiptallo\/wp-json\/wp\/v2\/posts"}],"about":[{"href":"https:\/\/agora.xtec.cat\/ceiptallo\/wp-json\/wp\/v2\/types\/post"}],"author":[{"embeddable":true,"href":"https:\/\/agora.xtec.cat\/ceiptallo\/wp-json\/wp\/v2\/users\/4"}],"replies":[{"embeddable":true,"href":"https:\/\/agora.xtec.cat\/ceiptallo\/wp-json\/wp\/v2\/comments?post=9291"}],"version-history":[{"count":6,"href":"https:\/\/agora.xtec.cat\/ceiptallo\/wp-json\/wp\/v2\/posts\/9291\/revisions"}],"predecessor-version":[{"id":9303,"href":"https:\/\/agora.xtec.cat\/ceiptallo\/wp-json\/wp\/v2\/posts\/9291\/revisions\/9303"}],"wp:featuredmedia":[{"embeddable":true,"href":"https:\/\/agora.xtec.cat\/ceiptallo\/wp-json\/wp\/v2\/media\/9297"}],"wp:attachment":[{"href":"https:\/\/agora.xtec.cat\/ceiptallo\/wp-json\/wp\/v2\/media?parent=9291"}],"wp:term":[{"taxonomy":"category","embeddable":true,"href":"https:\/\/agora.xtec.cat\/ceiptallo\/wp-json\/wp\/v2\/categories?post=9291"},{"taxonomy":"post_tag","embeddable":true,"href":"https:\/\/agora.xtec.cat\/ceiptallo\/wp-json\/wp\/v2\/tags?post=9291"}],"curies":[{"name":"wp","href":"https:\/\/api.w.org\/{rel}","templated":true}]}}