{"id":9246,"date":"2024-02-01T13:19:58","date_gmt":"2024-02-01T12:19:58","guid":{"rendered":"https:\/\/agora.xtec.cat\/ceiptallo\/?p=9246"},"modified":"2024-02-05T13:21:11","modified_gmt":"2024-02-05T12:21:11","slug":"festa-de-carnestoltes-2","status":"publish","type":"post","link":"https:\/\/agora.xtec.cat\/ceiptallo\/portada\/festa-de-carnestoltes-2\/","title":{"rendered":"Festa de Carnestoltes"},"content":{"rendered":"<p>Aquesta propera setmana a l&#8217;escola celebrem Carnestoltes.<\/p>\n<p>El dilluns, dimarts i dimecres seguirem les ordres del Rei Carnestoltes.<\/p>\n<p>El dijous 8 cel\u00b7lebrarem el Carnestoltes. Al mat\u00ed a les 10 sortirem, juntament amb la llar d&#8217;infants, a fer la rua de Carnaval pels carrers del poble i a demanar la Rostita pels comer\u00e7os. A la tarda, farem una desfilada de disfresses a la pista del poliesportiu i despr\u00e9s berenarem la Rostita. Aquesta festa estar\u00e0 oberta a les fam\u00edlies partir de les 15.15h. El dimecres de cendra dia 14, a la tarda, farem la crema del Rei Carnestoltes.<\/p>\n<p><a href=\"https:\/\/agora.xtec.cat\/ceiptallo\/wp-content\/uploads\/usu875\/2024\/02\/Consignes.png\"><img loading=\"lazy\" decoding=\"async\" class=\"alignnone wp-image-9247\" src=\"https:\/\/agora.xtec.cat\/ceiptallo\/wp-content\/uploads\/usu875\/2024\/02\/Consignes-724x1024.png\" alt=\"\" width=\"498\" height=\"704\" srcset=\"https:\/\/agora.xtec.cat\/ceiptallo\/wp-content\/uploads\/usu875\/2024\/02\/Consignes-724x1024.png 724w, https:\/\/agora.xtec.cat\/ceiptallo\/wp-content\/uploads\/usu875\/2024\/02\/Consignes-212x300.png 212w, https:\/\/agora.xtec.cat\/ceiptallo\/wp-content\/uploads\/usu875\/2024\/02\/Consignes-768x1086.png 768w, https:\/\/agora.xtec.cat\/ceiptallo\/wp-content\/uploads\/usu875\/2024\/02\/Consignes-1087x1536.png 1087w, https:\/\/agora.xtec.cat\/ceiptallo\/wp-content\/uploads\/usu875\/2024\/02\/Consignes.png 1415w\" sizes=\"auto, (max-width: 498px) 100vw, 498px\" \/><\/a><\/p>\n","protected":false},"excerpt":{"rendered":"<p>Aquesta propera setmana a l&#8217;escola celebrem Carnestoltes.&hellip;  <a href=\"https:\/\/agora.xtec.cat\/ceiptallo\/portada\/festa-de-carnestoltes-2\/\" title=\"Read Festa de Carnestoltes\">Llegeix m\u00e9s\u00bb<\/a><\/p>\n","protected":false},"author":1,"featured_media":9247,"comment_status":"open","ping_status":"closed","sticky":false,"template":"","format":"standard","meta":{"_bbp_topic_count":0,"_bbp_reply_count":0,"_bbp_total_topic_count":0,"_bbp_total_reply_count":0,"_bbp_voice_count":0,"_bbp_anonymous_reply_count":0,"_bbp_topic_count_hidden":0,"_bbp_reply_count_hidden":0,"_bbp_forum_subforum_count":0,"footnotes":""},"categories":[4],"tags":[],"class_list":["post-9246","post","type-post","status-publish","format-standard","has-post-thumbnail","hentry","category-portada"],"post_mailing_queue_ids":[],"_links":{"self":[{"href":"https:\/\/agora.xtec.cat\/ceiptallo\/wp-json\/wp\/v2\/posts\/9246","targetHints":{"allow":["GET"]}}],"collection":[{"href":"https:\/\/agora.xtec.cat\/ceiptallo\/wp-json\/wp\/v2\/posts"}],"about":[{"href":"https:\/\/agora.xtec.cat\/ceiptallo\/wp-json\/wp\/v2\/types\/post"}],"author":[{"embeddable":true,"href":"https:\/\/agora.xtec.cat\/ceiptallo\/wp-json\/wp\/v2\/users\/1"}],"replies":[{"embeddable":true,"href":"https:\/\/agora.xtec.cat\/ceiptallo\/wp-json\/wp\/v2\/comments?post=9246"}],"version-history":[{"count":4,"href":"https:\/\/agora.xtec.cat\/ceiptallo\/wp-json\/wp\/v2\/posts\/9246\/revisions"}],"predecessor-version":[{"id":9251,"href":"https:\/\/agora.xtec.cat\/ceiptallo\/wp-json\/wp\/v2\/posts\/9246\/revisions\/9251"}],"wp:featuredmedia":[{"embeddable":true,"href":"https:\/\/agora.xtec.cat\/ceiptallo\/wp-json\/wp\/v2\/media\/9247"}],"wp:attachment":[{"href":"https:\/\/agora.xtec.cat\/ceiptallo\/wp-json\/wp\/v2\/media?parent=9246"}],"wp:term":[{"taxonomy":"category","embeddable":true,"href":"https:\/\/agora.xtec.cat\/ceiptallo\/wp-json\/wp\/v2\/categories?post=9246"},{"taxonomy":"post_tag","embeddable":true,"href":"https:\/\/agora.xtec.cat\/ceiptallo\/wp-json\/wp\/v2\/tags?post=9246"}],"curies":[{"name":"wp","href":"https:\/\/api.w.org\/{rel}","templated":true}]}}