{"id":9238,"date":"2024-02-01T14:51:42","date_gmt":"2024-02-01T13:51:42","guid":{"rendered":"https:\/\/agora.xtec.cat\/ceiptallo\/?p=9238"},"modified":"2024-02-05T13:22:52","modified_gmt":"2024-02-05T12:22:52","slug":"us-dels-telefons-mobils-als-centres-educatius","status":"publish","type":"post","link":"https:\/\/agora.xtec.cat\/ceiptallo\/portada\/us-dels-telefons-mobils-als-centres-educatius\/","title":{"rendered":"\u00das dels tel\u00e8fons m\u00f2bils als centres educatius"},"content":{"rendered":"<p>El Departament d&#8217;Educaci\u00f3 ha establert unes directrius clares per assegurar que l&#8217;\u00fas dels m\u00f2bils no interfereix amb el proc\u00e9s d&#8217;aprenentatge de l&#8217;alumnat i la conviv\u00e8ncia entre els membres de la comunitat educativa.<\/p>\n<p>La regulaci\u00f3 de l&#8217;\u00fas dels tel\u00e8fons m\u00f2bils no nom\u00e9s preserva l&#8217;entorn d&#8217;aprenentatge, sin\u00f3 que tamb\u00e9 contribueix al desenvolupament integral dels estudiants i fomenta l&#8217;assoliment de la compet\u00e8ncia digital d&#8217;una manera responsable i ben orientada.<\/p>\n<p>Podeu trobar m\u00e9s informaci\u00f3 a: <a href=\"https:\/\/educacio.gencat.cat\/ca\/arees-actuacio\/centres-serveis-educatius\/centres\/mobils\/\">https:\/\/educacio.gencat.cat\/ca\/arees-actuacio\/centres-serveis-educatius\/centres\/mobils\/<\/a><\/p>\n<p><a href=\"https:\/\/agora.xtec.cat\/ceiptallo\/wp-content\/uploads\/usu875\/2024\/02\/Instruccions-sobre-lus-dels-mobils-als-centres-educatius.jpg\"><img loading=\"lazy\" decoding=\"async\" class=\"alignnone wp-image-9241\" src=\"https:\/\/agora.xtec.cat\/ceiptallo\/wp-content\/uploads\/usu875\/2024\/02\/Instruccions-sobre-lus-dels-mobils-als-centres-educatius.jpg\" alt=\"\" width=\"451\" height=\"601\" srcset=\"https:\/\/agora.xtec.cat\/ceiptallo\/wp-content\/uploads\/usu875\/2024\/02\/Instruccions-sobre-lus-dels-mobils-als-centres-educatius.jpg 720w, https:\/\/agora.xtec.cat\/ceiptallo\/wp-content\/uploads\/usu875\/2024\/02\/Instruccions-sobre-lus-dels-mobils-als-centres-educatius-225x300.jpg 225w\" sizes=\"auto, (max-width: 451px) 100vw, 451px\" \/><\/a><\/p>\n","protected":false},"excerpt":{"rendered":"<p>El Departament d&#8217;Educaci\u00f3 ha establert unes directrius clares per assegurar que l&#8217;\u00fas dels m\u00f2bils no interfereix amb el proc\u00e9s d&#8217;aprenentatge&hellip;  <a href=\"https:\/\/agora.xtec.cat\/ceiptallo\/portada\/us-dels-telefons-mobils-als-centres-educatius\/\" title=\"Read \u00das dels tel\u00e8fons m\u00f2bils als centres educatius\">Llegeix m\u00e9s\u00bb<\/a><\/p>\n","protected":false},"author":1,"featured_media":9241,"comment_status":"open","ping_status":"closed","sticky":false,"template":"","format":"standard","meta":{"_bbp_topic_count":0,"_bbp_reply_count":0,"_bbp_total_topic_count":0,"_bbp_total_reply_count":0,"_bbp_voice_count":0,"_bbp_anonymous_reply_count":0,"_bbp_topic_count_hidden":0,"_bbp_reply_count_hidden":0,"_bbp_forum_subforum_count":0,"footnotes":""},"categories":[4],"tags":[],"class_list":["post-9238","post","type-post","status-publish","format-standard","has-post-thumbnail","hentry","category-portada"],"post_mailing_queue_ids":[],"_links":{"self":[{"href":"https:\/\/agora.xtec.cat\/ceiptallo\/wp-json\/wp\/v2\/posts\/9238","targetHints":{"allow":["GET"]}}],"collection":[{"href":"https:\/\/agora.xtec.cat\/ceiptallo\/wp-json\/wp\/v2\/posts"}],"about":[{"href":"https:\/\/agora.xtec.cat\/ceiptallo\/wp-json\/wp\/v2\/types\/post"}],"author":[{"embeddable":true,"href":"https:\/\/agora.xtec.cat\/ceiptallo\/wp-json\/wp\/v2\/users\/1"}],"replies":[{"embeddable":true,"href":"https:\/\/agora.xtec.cat\/ceiptallo\/wp-json\/wp\/v2\/comments?post=9238"}],"version-history":[{"count":6,"href":"https:\/\/agora.xtec.cat\/ceiptallo\/wp-json\/wp\/v2\/posts\/9238\/revisions"}],"predecessor-version":[{"id":9254,"href":"https:\/\/agora.xtec.cat\/ceiptallo\/wp-json\/wp\/v2\/posts\/9238\/revisions\/9254"}],"wp:featuredmedia":[{"embeddable":true,"href":"https:\/\/agora.xtec.cat\/ceiptallo\/wp-json\/wp\/v2\/media\/9241"}],"wp:attachment":[{"href":"https:\/\/agora.xtec.cat\/ceiptallo\/wp-json\/wp\/v2\/media?parent=9238"}],"wp:term":[{"taxonomy":"category","embeddable":true,"href":"https:\/\/agora.xtec.cat\/ceiptallo\/wp-json\/wp\/v2\/categories?post=9238"},{"taxonomy":"post_tag","embeddable":true,"href":"https:\/\/agora.xtec.cat\/ceiptallo\/wp-json\/wp\/v2\/tags?post=9238"}],"curies":[{"name":"wp","href":"https:\/\/api.w.org\/{rel}","templated":true}]}}