{"id":906,"date":"2019-06-03T08:50:08","date_gmt":"2019-06-03T06:50:08","guid":{"rendered":"http:\/\/agora.xtec.cat\/ceiptallo\/?p=906"},"modified":"2019-06-06T09:59:22","modified_gmt":"2019-06-06T07:59:22","slug":"comenca-la-setmana-natura","status":"publish","type":"post","link":"https:\/\/agora.xtec.cat\/ceiptallo\/portada\/comenca-la-setmana-natura\/","title":{"rendered":"Comen\u00e7a la Setmana Natura"},"content":{"rendered":"<p><span style=\"color: #99cc00;\"><strong>QU\u00c8 \u00c9S?<\/strong><\/span><\/p>\n<p>La Setmana de la Natura \u00e9s un moment de l\u2019any per prendre consci\u00e8ncia de la necessitat de conservar el medi ambient i el nostre patrimoni natural.<\/p>\n<p>Durant 9 dies, s\u2019organitzaran m\u00e9s de 300 activitats arreu de Catalunya per la conservaci\u00f3 de la natura i el medi ambient, per a joves i per a grans, al mar, a la muntanya i a la ciutat.<\/p>\n<p>Nosaltres com a escola tamb\u00e9 hi participarem i hem preparat diferents activitats al llarg d&#8217;aquesta setmana i la vinent.<\/p>\n<p><span style=\"color: #99cc00;\"><strong>QU\u00c8 FAREM?<\/strong><\/span><\/p>\n<p>Cada dia al mat\u00ed una classe s&#8217;encarregar\u00e0 de fer una lectura relacionada amb el tema i l&#8217;hora del pati els nens\/es podran mirar diferents llibres relacionats amb el medi ambient. Al llarg de la setmana cada grup tamb\u00e9 passar\u00e0 per l&#8217;hort i mirar\u00e0 i reflexionar\u00e0 a partir d&#8217;un recull de v\u00eddeos.<\/p>\n<p>Despr\u00e9s es faran diferents activitats segons els cursos:<\/p>\n<ul>\n<li>DILLUNS 3:<\/li>\n<\/ul>\n<p>1r i 2n &#8211; Visita guiada al sequer de les pinyes<\/p>\n<ul>\n<li>DIMARTS 4:<\/li>\n<\/ul>\n<p>3r &#8211; Visita a Ca les monges (animals naturalitzats i jard\u00ed bot\u00e0nic)<\/p>\n<ul>\n<li>DIMECRES 5:<\/li>\n<\/ul>\n<p>Tots &#8211; Foto residu 0 i cantarem la can\u00e7\u00f3 de la Greta Thunberg<\/p>\n<ul>\n<li>DIJOUS 6:<\/li>\n<\/ul>\n<p>Infantil &#8211; Sortida al centre de Tall\u00f3 (exposici\u00f3 papallones)<\/p>\n<p>5\u00e8 i 6\u00e8 &#8211; Sortida activista pel poble<\/p>\n<ul>\n<li>DIMARTS 11:<\/li>\n<\/ul>\n<p>4t i 5\u00e8 &#8211; Visita hivernacle i tur\u00f3 de Galliss\u00e0<\/p>\n<p>&nbsp;<\/p>\n<p><span style=\"color: #99cc00;\"><strong>VOLEU SABER-NE M\u00c9S?<\/strong><\/span><\/p>\n<p><a href=\"https:\/\/setmananatura.cat\">https:\/\/setmananatura.cat<\/a><\/p>\n<p>&nbsp;<\/p>\n<p><strong><span style=\"color: #99cc00;\">SABEU QU\u00c8?<\/span><\/strong><\/p>\n<p>La setmana passada alguns nens\/es ja van comen\u00e7ar a &#8220;treballar&#8221; pel Planeta de forma volunt\u00e0ria.<\/p>\n<p>Enhorabona per la iniciativa!<\/p>\n<p><a href=\"https:\/\/agora.xtec.cat\/ceiptallo\/wp-content\/uploads\/usu875\/2019\/06\/IMG_20190529_172337-1216-x-684.jpg\"><img loading=\"lazy\" decoding=\"async\" class=\"alignnone size-full wp-image-910\" src=\"https:\/\/agora.xtec.cat\/ceiptallo\/wp-content\/uploads\/usu875\/2019\/06\/IMG_20190529_172337-1216-x-684.jpg\" alt=\"\" width=\"1216\" height=\"684\" srcset=\"https:\/\/agora.xtec.cat\/ceiptallo\/wp-content\/uploads\/usu875\/2019\/06\/IMG_20190529_172337-1216-x-684.jpg 1216w, https:\/\/agora.xtec.cat\/ceiptallo\/wp-content\/uploads\/usu875\/2019\/06\/IMG_20190529_172337-1216-x-684-300x169.jpg 300w, https:\/\/agora.xtec.cat\/ceiptallo\/wp-content\/uploads\/usu875\/2019\/06\/IMG_20190529_172337-1216-x-684-768x432.jpg 768w, https:\/\/agora.xtec.cat\/ceiptallo\/wp-content\/uploads\/usu875\/2019\/06\/IMG_20190529_172337-1216-x-684-1024x576.jpg 1024w\" sizes=\"auto, (max-width: 1216px) 100vw, 1216px\" \/><\/a><\/p>\n<p>&nbsp;<\/p>\n<p>&nbsp;<\/p>\n","protected":false},"excerpt":{"rendered":"<p>QU\u00c8 \u00c9S?<br \/>\nLa Setmana de la Natura \u00e9s un moment de l\u2019any per prendre consci\u00e8ncia de la necessitat de conservar el medi ambient i el nostre patrimoni natural.<br \/>\nDurant 9 dies, s\u2019organitzaran m\u00e9s de 300 activitats arreu de Catalunya per la conservaci\u00f3 de la natura i el&hellip;  <a href=\"https:\/\/agora.xtec.cat\/ceiptallo\/portada\/comenca-la-setmana-natura\/\" title=\"Read Comen\u00e7a la Setmana Natura\">Llegeix m\u00e9s\u00bb<\/a><\/p>\n","protected":false},"author":1,"featured_media":907,"comment_status":"open","ping_status":"closed","sticky":false,"template":"","format":"standard","meta":{"_bbp_topic_count":0,"_bbp_reply_count":0,"_bbp_total_topic_count":0,"_bbp_total_reply_count":0,"_bbp_voice_count":0,"_bbp_anonymous_reply_count":0,"_bbp_topic_count_hidden":0,"_bbp_reply_count_hidden":0,"_bbp_forum_subforum_count":0,"footnotes":""},"categories":[4],"tags":[],"class_list":["post-906","post","type-post","status-publish","format-standard","has-post-thumbnail","hentry","category-portada"],"post_mailing_queue_ids":[],"_links":{"self":[{"href":"https:\/\/agora.xtec.cat\/ceiptallo\/wp-json\/wp\/v2\/posts\/906","targetHints":{"allow":["GET"]}}],"collection":[{"href":"https:\/\/agora.xtec.cat\/ceiptallo\/wp-json\/wp\/v2\/posts"}],"about":[{"href":"https:\/\/agora.xtec.cat\/ceiptallo\/wp-json\/wp\/v2\/types\/post"}],"author":[{"embeddable":true,"href":"https:\/\/agora.xtec.cat\/ceiptallo\/wp-json\/wp\/v2\/users\/1"}],"replies":[{"embeddable":true,"href":"https:\/\/agora.xtec.cat\/ceiptallo\/wp-json\/wp\/v2\/comments?post=906"}],"version-history":[{"count":3,"href":"https:\/\/agora.xtec.cat\/ceiptallo\/wp-json\/wp\/v2\/posts\/906\/revisions"}],"predecessor-version":[{"id":912,"href":"https:\/\/agora.xtec.cat\/ceiptallo\/wp-json\/wp\/v2\/posts\/906\/revisions\/912"}],"wp:featuredmedia":[{"embeddable":true,"href":"https:\/\/agora.xtec.cat\/ceiptallo\/wp-json\/wp\/v2\/media\/907"}],"wp:attachment":[{"href":"https:\/\/agora.xtec.cat\/ceiptallo\/wp-json\/wp\/v2\/media?parent=906"}],"wp:term":[{"taxonomy":"category","embeddable":true,"href":"https:\/\/agora.xtec.cat\/ceiptallo\/wp-json\/wp\/v2\/categories?post=906"},{"taxonomy":"post_tag","embeddable":true,"href":"https:\/\/agora.xtec.cat\/ceiptallo\/wp-json\/wp\/v2\/tags?post=906"}],"curies":[{"name":"wp","href":"https:\/\/api.w.org\/{rel}","templated":true}]}}