{"id":901,"date":"2019-05-31T11:49:25","date_gmt":"2019-05-31T09:49:25","guid":{"rendered":"http:\/\/agora.xtec.cat\/ceiptallo\/?p=901"},"modified":"2019-05-31T12:13:02","modified_gmt":"2019-05-31T10:13:02","slug":"dia-de-les-llengues","status":"publish","type":"post","link":"https:\/\/agora.xtec.cat\/ceiptallo\/portada\/dia-de-les-llengues\/","title":{"rendered":"Dia de les lleng\u00fces"},"content":{"rendered":"<p>Ahir dijous 30 de maig els cursos de cicle superior van anar a al dia de les lleng\u00fces al llac de Puigcerd\u00e0. All\u00e0 es van trobar amb totes les escoles de Cerdanya i van compartir un dia ple d&#8217;activitats en catal\u00e0, castell\u00e0, angl\u00e8s i franc\u00e8s.<\/p>\n<p>A m\u00e9s de retrobar-se amb amics i amigues coneguts, tamb\u00e9 en van fer de nous.<\/p>\n<p>Una jornada molt divertida, profitosa, en un entorn perfecte i amb un temps que va acompanyar tot el dia.<\/p>\n<p><a href=\"https:\/\/agora.xtec.cat\/ceiptallo\/wp-content\/uploads\/usu875\/2019\/05\/20190530_153020-1152-x-864.jpg\"><img loading=\"lazy\" decoding=\"async\" class=\"alignnone size-full wp-image-902\" src=\"https:\/\/agora.xtec.cat\/ceiptallo\/wp-content\/uploads\/usu875\/2019\/05\/20190530_153020-1152-x-864.jpg\" alt=\"\" width=\"1152\" height=\"864\" srcset=\"https:\/\/agora.xtec.cat\/ceiptallo\/wp-content\/uploads\/usu875\/2019\/05\/20190530_153020-1152-x-864.jpg 1152w, https:\/\/agora.xtec.cat\/ceiptallo\/wp-content\/uploads\/usu875\/2019\/05\/20190530_153020-1152-x-864-300x225.jpg 300w, https:\/\/agora.xtec.cat\/ceiptallo\/wp-content\/uploads\/usu875\/2019\/05\/20190530_153020-1152-x-864-768x576.jpg 768w, https:\/\/agora.xtec.cat\/ceiptallo\/wp-content\/uploads\/usu875\/2019\/05\/20190530_153020-1152-x-864-1024x768.jpg 1024w, https:\/\/agora.xtec.cat\/ceiptallo\/wp-content\/uploads\/usu875\/2019\/05\/20190530_153020-1152-x-864-200x150.jpg 200w\" sizes=\"auto, (max-width: 1152px) 100vw, 1152px\" \/><\/a><\/p>\n<p><a href=\"https:\/\/photos.app.goo.gl\/wRGrcDj5aasLvP5s8\" target=\"_blank\" rel=\"noopener noreferrer\">Aqu\u00ed teniu m\u00e9s fotos<\/a><\/p>\n","protected":false},"excerpt":{"rendered":"<p>Ahir dijous 30 de maig els cursos de cicle superior van anar a al dia de les lleng\u00fces al llac de Puigcerd\u00e0. &hellip;  <a href=\"https:\/\/agora.xtec.cat\/ceiptallo\/portada\/dia-de-les-llengues\/\" title=\"Read Dia de les lleng\u00fces\">Llegeix m\u00e9s\u00bb<\/a><\/p>\n","protected":false},"author":1,"featured_media":902,"comment_status":"open","ping_status":"closed","sticky":false,"template":"","format":"standard","meta":{"_bbp_topic_count":0,"_bbp_reply_count":0,"_bbp_total_topic_count":0,"_bbp_total_reply_count":0,"_bbp_voice_count":0,"_bbp_anonymous_reply_count":0,"_bbp_topic_count_hidden":0,"_bbp_reply_count_hidden":0,"_bbp_forum_subforum_count":0,"footnotes":""},"categories":[4],"tags":[],"class_list":["post-901","post","type-post","status-publish","format-standard","has-post-thumbnail","hentry","category-portada"],"post_mailing_queue_ids":[],"_links":{"self":[{"href":"https:\/\/agora.xtec.cat\/ceiptallo\/wp-json\/wp\/v2\/posts\/901","targetHints":{"allow":["GET"]}}],"collection":[{"href":"https:\/\/agora.xtec.cat\/ceiptallo\/wp-json\/wp\/v2\/posts"}],"about":[{"href":"https:\/\/agora.xtec.cat\/ceiptallo\/wp-json\/wp\/v2\/types\/post"}],"author":[{"embeddable":true,"href":"https:\/\/agora.xtec.cat\/ceiptallo\/wp-json\/wp\/v2\/users\/1"}],"replies":[{"embeddable":true,"href":"https:\/\/agora.xtec.cat\/ceiptallo\/wp-json\/wp\/v2\/comments?post=901"}],"version-history":[{"count":2,"href":"https:\/\/agora.xtec.cat\/ceiptallo\/wp-json\/wp\/v2\/posts\/901\/revisions"}],"predecessor-version":[{"id":904,"href":"https:\/\/agora.xtec.cat\/ceiptallo\/wp-json\/wp\/v2\/posts\/901\/revisions\/904"}],"wp:featuredmedia":[{"embeddable":true,"href":"https:\/\/agora.xtec.cat\/ceiptallo\/wp-json\/wp\/v2\/media\/902"}],"wp:attachment":[{"href":"https:\/\/agora.xtec.cat\/ceiptallo\/wp-json\/wp\/v2\/media?parent=901"}],"wp:term":[{"taxonomy":"category","embeddable":true,"href":"https:\/\/agora.xtec.cat\/ceiptallo\/wp-json\/wp\/v2\/categories?post=901"},{"taxonomy":"post_tag","embeddable":true,"href":"https:\/\/agora.xtec.cat\/ceiptallo\/wp-json\/wp\/v2\/tags?post=901"}],"curies":[{"name":"wp","href":"https:\/\/api.w.org\/{rel}","templated":true}]}}