{"id":8793,"date":"2023-04-26T16:25:48","date_gmt":"2023-04-26T14:25:48","guid":{"rendered":"https:\/\/agora.xtec.cat\/ceiptallo\/?p=8793"},"modified":"2023-04-26T16:25:48","modified_gmt":"2023-04-26T14:25:48","slug":"dia-de-les-llengues-2","status":"publish","type":"post","link":"https:\/\/agora.xtec.cat\/ceiptallo\/portada\/dia-de-les-llengues-2\/","title":{"rendered":"DIA DE LES LLENG\u00dcES"},"content":{"rendered":"<p>El dia 27 de abril anirem al\u00a0 dia de les lleng\u00fces a Puigcerd\u00e0. All\u00e0 hi anirem amb els nens i nenes de 5\u00e8 i 6\u00e8 de totes les escoles de la comarca.<\/p>\n<p>Estic molt emocionat. per veure qui guanya el concurs del cartell sobre les lleng\u00fces que vam fer.<\/p>\n<p>El dia de les lleng\u00fces farem una gimcama amb diferents proves que m\u00e9s o menys duren de 5 a 10 minuts cadascuna i les proves s\u00f3n en diferents idiomes: cat\u00e0la, angl\u00e8s, espanyol,franc\u00e8s i un que no sabem.<\/p>\n<p>&nbsp;<\/p>\n<p>Segur que ens ho passem molt b\u00e9!<\/p>\n<p>Gonzalo Pereira<\/p>\n","protected":false},"excerpt":{"rendered":"<p>El dia 27 de abril anirem al\u00a0 dia de les lleng\u00fces a Puigcerd\u00e0. All\u00e0 hi anirem amb els nens i nenes de 5\u00e8 i 6\u00e8 de totes les escoles de la comarca.&hellip;  <a href=\"https:\/\/agora.xtec.cat\/ceiptallo\/portada\/dia-de-les-llengues-2\/\" title=\"Read DIA DE LES LLENG\u00dcES\">Llegeix m\u00e9s\u00bb<\/a><\/p>\n","protected":false},"author":4,"featured_media":0,"comment_status":"open","ping_status":"closed","sticky":false,"template":"","format":"standard","meta":{"_bbp_topic_count":0,"_bbp_reply_count":0,"_bbp_total_topic_count":0,"_bbp_total_reply_count":0,"_bbp_voice_count":0,"_bbp_anonymous_reply_count":0,"_bbp_topic_count_hidden":0,"_bbp_reply_count_hidden":0,"_bbp_forum_subforum_count":0,"footnotes":""},"categories":[14,4],"tags":[],"class_list":["post-8793","post","type-post","status-publish","format-standard","hentry","category-5e","category-portada"],"post_mailing_queue_ids":[],"_links":{"self":[{"href":"https:\/\/agora.xtec.cat\/ceiptallo\/wp-json\/wp\/v2\/posts\/8793","targetHints":{"allow":["GET"]}}],"collection":[{"href":"https:\/\/agora.xtec.cat\/ceiptallo\/wp-json\/wp\/v2\/posts"}],"about":[{"href":"https:\/\/agora.xtec.cat\/ceiptallo\/wp-json\/wp\/v2\/types\/post"}],"author":[{"embeddable":true,"href":"https:\/\/agora.xtec.cat\/ceiptallo\/wp-json\/wp\/v2\/users\/4"}],"replies":[{"embeddable":true,"href":"https:\/\/agora.xtec.cat\/ceiptallo\/wp-json\/wp\/v2\/comments?post=8793"}],"version-history":[{"count":1,"href":"https:\/\/agora.xtec.cat\/ceiptallo\/wp-json\/wp\/v2\/posts\/8793\/revisions"}],"predecessor-version":[{"id":8795,"href":"https:\/\/agora.xtec.cat\/ceiptallo\/wp-json\/wp\/v2\/posts\/8793\/revisions\/8795"}],"wp:attachment":[{"href":"https:\/\/agora.xtec.cat\/ceiptallo\/wp-json\/wp\/v2\/media?parent=8793"}],"wp:term":[{"taxonomy":"category","embeddable":true,"href":"https:\/\/agora.xtec.cat\/ceiptallo\/wp-json\/wp\/v2\/categories?post=8793"},{"taxonomy":"post_tag","embeddable":true,"href":"https:\/\/agora.xtec.cat\/ceiptallo\/wp-json\/wp\/v2\/tags?post=8793"}],"curies":[{"name":"wp","href":"https:\/\/api.w.org\/{rel}","templated":true}]}}