{"id":8551,"date":"2023-03-03T09:29:18","date_gmt":"2023-03-03T08:29:18","guid":{"rendered":"https:\/\/agora.xtec.cat\/ceiptallo\/?p=8551"},"modified":"2023-03-03T09:29:18","modified_gmt":"2023-03-03T08:29:18","slug":"preinscripcio-nou-alumnat-curs-23-24","status":"publish","type":"post","link":"https:\/\/agora.xtec.cat\/ceiptallo\/portada\/preinscripcio-nou-alumnat-curs-23-24\/","title":{"rendered":"PREINSCRIPCI\u00d3 NOU ALUMNAT CURS 23-24"},"content":{"rendered":"<div>\n<p dir=\"ltr\">En breu comen\u00e7a el per\u00edode de preinscripci\u00f3 pel nou alumnat del curs 23-24 i les fam\u00edlies hauran de fer el proc\u00e9s de preinscripci\u00f3 de manera telem\u00e0tica a trav\u00e9s de la web del Departament d&#8217;Educaci\u00f3.<\/p>\n<p dir=\"ltr\">La data ser\u00e0 a partir <strong>del 6 fins al 20 de mar\u00e7<\/strong>, detallem el link per poder realitzar-la:<\/p>\n<p><a href=\"https:\/\/preinscripcio.gencat.cat\/ca\/estudis\/infantil-3-6\/inici\/\" target=\"_blank\" rel=\"noopener\" data-saferedirecturl=\"https:\/\/www.google.com\/url?q=https:\/\/preinscripcio.gencat.cat\/ca\/estudis\/infantil-3-6\/inici\/&amp;source=gmail&amp;ust=1677917589444000&amp;usg=AOvVaw1go81Ll_lnGSzLWuh5q99Q\">https:\/\/preinscripcio.gencat.<wbr \/>cat\/ca\/estudis\/infantil-3-6\/<wbr \/>inici\/<\/a><\/p>\n<\/div>\n<p>Si teniu qualsevol dubte, podeu adre\u00e7ar-vos a la secretaria de l&#8217;escola i us ajudaran.<\/p>\n<p><a href=\"https:\/\/drive.google.com\/file\/d\/1aAI7fcmmU1IsaC9MpRKk0wJidZXGqvg1\/view?usp=sharing\" target=\"_blank\" rel=\"noopener\"><img loading=\"lazy\" decoding=\"async\" class=\"wp-image-8552 aligncenter\" src=\"https:\/\/agora.xtec.cat\/ceiptallo\/wp-content\/uploads\/usu875\/2023\/03\/Preinscripcio-23-24-724x1024.png\" alt=\"\" width=\"332\" height=\"469\" srcset=\"https:\/\/agora.xtec.cat\/ceiptallo\/wp-content\/uploads\/usu875\/2023\/03\/Preinscripcio-23-24-724x1024.png 724w, https:\/\/agora.xtec.cat\/ceiptallo\/wp-content\/uploads\/usu875\/2023\/03\/Preinscripcio-23-24-212x300.png 212w, https:\/\/agora.xtec.cat\/ceiptallo\/wp-content\/uploads\/usu875\/2023\/03\/Preinscripcio-23-24-768x1086.png 768w, https:\/\/agora.xtec.cat\/ceiptallo\/wp-content\/uploads\/usu875\/2023\/03\/Preinscripcio-23-24-1086x1536.png 1086w, https:\/\/agora.xtec.cat\/ceiptallo\/wp-content\/uploads\/usu875\/2023\/03\/Preinscripcio-23-24-1448x2048.png 1448w, https:\/\/agora.xtec.cat\/ceiptallo\/wp-content\/uploads\/usu875\/2023\/03\/Preinscripcio-23-24.png 1587w\" sizes=\"auto, (max-width: 332px) 100vw, 332px\" \/><\/a><\/p>\n<p>&nbsp;<\/p>\n","protected":false},"excerpt":{"rendered":"<p>En breu comen\u00e7a el per\u00edode de preinscripci\u00f3 pel nou alumnat del curs 23-24.&hellip;  <a href=\"https:\/\/agora.xtec.cat\/ceiptallo\/portada\/preinscripcio-nou-alumnat-curs-23-24\/\" title=\"Read PREINSCRIPCI\u00d3 NOU ALUMNAT CURS 23-24\">Llegeix m\u00e9s\u00bb<\/a><\/p>\n","protected":false},"author":1,"featured_media":8552,"comment_status":"open","ping_status":"closed","sticky":false,"template":"","format":"standard","meta":{"_bbp_topic_count":0,"_bbp_reply_count":0,"_bbp_total_topic_count":0,"_bbp_total_reply_count":0,"_bbp_voice_count":0,"_bbp_anonymous_reply_count":0,"_bbp_topic_count_hidden":0,"_bbp_reply_count_hidden":0,"_bbp_forum_subforum_count":0,"footnotes":""},"categories":[4],"tags":[],"class_list":["post-8551","post","type-post","status-publish","format-standard","has-post-thumbnail","hentry","category-portada"],"post_mailing_queue_ids":[],"_links":{"self":[{"href":"https:\/\/agora.xtec.cat\/ceiptallo\/wp-json\/wp\/v2\/posts\/8551","targetHints":{"allow":["GET"]}}],"collection":[{"href":"https:\/\/agora.xtec.cat\/ceiptallo\/wp-json\/wp\/v2\/posts"}],"about":[{"href":"https:\/\/agora.xtec.cat\/ceiptallo\/wp-json\/wp\/v2\/types\/post"}],"author":[{"embeddable":true,"href":"https:\/\/agora.xtec.cat\/ceiptallo\/wp-json\/wp\/v2\/users\/1"}],"replies":[{"embeddable":true,"href":"https:\/\/agora.xtec.cat\/ceiptallo\/wp-json\/wp\/v2\/comments?post=8551"}],"version-history":[{"count":1,"href":"https:\/\/agora.xtec.cat\/ceiptallo\/wp-json\/wp\/v2\/posts\/8551\/revisions"}],"predecessor-version":[{"id":8553,"href":"https:\/\/agora.xtec.cat\/ceiptallo\/wp-json\/wp\/v2\/posts\/8551\/revisions\/8553"}],"wp:featuredmedia":[{"embeddable":true,"href":"https:\/\/agora.xtec.cat\/ceiptallo\/wp-json\/wp\/v2\/media\/8552"}],"wp:attachment":[{"href":"https:\/\/agora.xtec.cat\/ceiptallo\/wp-json\/wp\/v2\/media?parent=8551"}],"wp:term":[{"taxonomy":"category","embeddable":true,"href":"https:\/\/agora.xtec.cat\/ceiptallo\/wp-json\/wp\/v2\/categories?post=8551"},{"taxonomy":"post_tag","embeddable":true,"href":"https:\/\/agora.xtec.cat\/ceiptallo\/wp-json\/wp\/v2\/tags?post=8551"}],"curies":[{"name":"wp","href":"https:\/\/api.w.org\/{rel}","templated":true}]}}