{"id":8545,"date":"2023-03-03T11:18:22","date_gmt":"2023-03-03T10:18:22","guid":{"rendered":"https:\/\/agora.xtec.cat\/ceiptallo\/?p=8545"},"modified":"2023-03-03T11:18:43","modified_gmt":"2023-03-03T10:18:43","slug":"festa-del-carnestoltes","status":"publish","type":"post","link":"https:\/\/agora.xtec.cat\/ceiptallo\/general\/festa-del-carnestoltes\/","title":{"rendered":"Festa del Carnestoltes"},"content":{"rendered":"<p>Un any m\u00e9s ja hem celebrat el Carnestoltes!!!<\/p>\n<p>L&#8217;alumnat de l&#8217;escola han vingut disfressats de la tem\u00e0tica que han volgut i, ben engrescats, hem fet la rua pels carrers del poble per demanar la Rostita. Amb la col\u00b7laboraci\u00f3 de comer\u00e7os i ve\u00efns\/es hem omplert les cistelles!<\/p>\n<p>En arribar a l&#8217;escola, la classe de 6\u00e8 s&#8217;ha encarregat d&#8217;organitzar el berenar de la tarda. L&#8217;Ester del menjador ens ha preparat les truites, bon\u00edssimes.<\/p>\n<p>A la tarda, abans de berenar, hem fet unes danses que ens va ensenyar la S\u00edlvia Cass\u00fa, dins el projecte &#8220;L&#8217;escola balla&#8221; que organitza el Consell Comarcal de la Cerdanya.<\/p>\n<p>Us deixem un v\u00eddeo del que ha estat la jornada.<\/p>\n<p><a href=\"https:\/\/drive.google.com\/file\/d\/1oR53hnaEFEvuqPjKoSExAVYqCUd4FfIy\/view?usp=sharing\" target=\"_blank\" rel=\"noopener\"><img loading=\"lazy\" decoding=\"async\" class=\"alignnone wp-image-8548 \" src=\"https:\/\/agora.xtec.cat\/ceiptallo\/wp-content\/uploads\/usu875\/2023\/03\/video-carnestoltes-1-e1677760593174.jpg\" alt=\"\" width=\"703\" height=\"565\" srcset=\"https:\/\/agora.xtec.cat\/ceiptallo\/wp-content\/uploads\/usu875\/2023\/03\/video-carnestoltes-1-e1677760593174.jpg 803w, https:\/\/agora.xtec.cat\/ceiptallo\/wp-content\/uploads\/usu875\/2023\/03\/video-carnestoltes-1-e1677760593174-300x241.jpg 300w, https:\/\/agora.xtec.cat\/ceiptallo\/wp-content\/uploads\/usu875\/2023\/03\/video-carnestoltes-1-e1677760593174-768x617.jpg 768w\" sizes=\"auto, (max-width: 703px) 100vw, 703px\" \/><\/a><\/p>\n","protected":false},"excerpt":{"rendered":"<p>Un any m\u00e9s ja hem celebrat el Carnestoltes!!!<\/p>\n<p>L&#8217;alumnat de l&#8217;escola han vingut disfressats de la tem\u00e0tica que han volgut i, ben engrescats, hem fet la rua pels carrers del poble per demanar la Rostita. Amb la col\u00b7laboraci\u00f3 de comer\u00e7os i ve\u00efns\/es hem omplert les cistelles!&hellip;  <a href=\"https:\/\/agora.xtec.cat\/ceiptallo\/general\/festa-del-carnestoltes\/\" title=\"Read Festa del Carnestoltes\">Llegeix m\u00e9s\u00bb<\/a><\/p>\n","protected":false},"author":1,"featured_media":8548,"comment_status":"open","ping_status":"closed","sticky":false,"template":"","format":"standard","meta":{"_bbp_topic_count":0,"_bbp_reply_count":0,"_bbp_total_topic_count":0,"_bbp_total_reply_count":0,"_bbp_voice_count":0,"_bbp_anonymous_reply_count":0,"_bbp_topic_count_hidden":0,"_bbp_reply_count_hidden":0,"_bbp_forum_subforum_count":0,"footnotes":""},"categories":[1,4],"tags":[],"class_list":["post-8545","post","type-post","status-publish","format-standard","has-post-thumbnail","hentry","category-general","category-portada"],"post_mailing_queue_ids":[],"_links":{"self":[{"href":"https:\/\/agora.xtec.cat\/ceiptallo\/wp-json\/wp\/v2\/posts\/8545","targetHints":{"allow":["GET"]}}],"collection":[{"href":"https:\/\/agora.xtec.cat\/ceiptallo\/wp-json\/wp\/v2\/posts"}],"about":[{"href":"https:\/\/agora.xtec.cat\/ceiptallo\/wp-json\/wp\/v2\/types\/post"}],"author":[{"embeddable":true,"href":"https:\/\/agora.xtec.cat\/ceiptallo\/wp-json\/wp\/v2\/users\/1"}],"replies":[{"embeddable":true,"href":"https:\/\/agora.xtec.cat\/ceiptallo\/wp-json\/wp\/v2\/comments?post=8545"}],"version-history":[{"count":3,"href":"https:\/\/agora.xtec.cat\/ceiptallo\/wp-json\/wp\/v2\/posts\/8545\/revisions"}],"predecessor-version":[{"id":8550,"href":"https:\/\/agora.xtec.cat\/ceiptallo\/wp-json\/wp\/v2\/posts\/8545\/revisions\/8550"}],"wp:featuredmedia":[{"embeddable":true,"href":"https:\/\/agora.xtec.cat\/ceiptallo\/wp-json\/wp\/v2\/media\/8548"}],"wp:attachment":[{"href":"https:\/\/agora.xtec.cat\/ceiptallo\/wp-json\/wp\/v2\/media?parent=8545"}],"wp:term":[{"taxonomy":"category","embeddable":true,"href":"https:\/\/agora.xtec.cat\/ceiptallo\/wp-json\/wp\/v2\/categories?post=8545"},{"taxonomy":"post_tag","embeddable":true,"href":"https:\/\/agora.xtec.cat\/ceiptallo\/wp-json\/wp\/v2\/tags?post=8545"}],"curies":[{"name":"wp","href":"https:\/\/api.w.org\/{rel}","templated":true}]}}