{"id":8522,"date":"2023-02-08T16:22:53","date_gmt":"2023-02-08T15:22:53","guid":{"rendered":"https:\/\/agora.xtec.cat\/ceiptallo\/?p=8522"},"modified":"2023-02-08T16:22:53","modified_gmt":"2023-02-08T15:22:53","slug":"comencem-ebe","status":"publish","type":"post","link":"https:\/\/agora.xtec.cat\/ceiptallo\/portada\/comencem-ebe\/","title":{"rendered":"COMENCEM EBE"},"content":{"rendered":"<p>Els alumnes de l&#8217;escola Mare de Deu de Tall\u00f3 els dies 13,14,20,21,23 i 27de febrer farem EBE. L&#8217;EBE \u00e9s un programa d`esport per esquiar amb el que practiquem diferents esports de neu. Aix\u00ed que farem esqu\u00ed de fons , snowboard i esqui alpi .<\/p>\n<p>Els nens i nenes de 3r i 4t aniran a fer esqui alpi i\u00a0 snowboard a les pistes de la Molina i esqui de fons a Aransa.<\/p>\n<p>La resta de l`escola esquiaran a Masella com l&#8217;any passat.<\/p>\n<p>Ja tinc ganes d&#8217;anar a esquiar perqu\u00e8 \u00e9s molt divertit!!!!<\/p>\n<p>&nbsp;<\/p>\n<p><a href=\"https:\/\/agora.xtec.cat\/ceiptallo\/wp-content\/uploads\/usu875\/2023\/02\/esqui-al-fons.jpg\"><img loading=\"lazy\" decoding=\"async\" class=\"alignnone  wp-image-8526\" src=\"https:\/\/agora.xtec.cat\/ceiptallo\/wp-content\/uploads\/usu875\/2023\/02\/esqui-al-fons.jpg\" alt=\"\" width=\"238\" height=\"141\" \/><\/a> <a href=\"https:\/\/agora.xtec.cat\/ceiptallo\/wp-content\/uploads\/usu875\/2023\/02\/snowboard.jpg\"><img loading=\"lazy\" decoding=\"async\" class=\"alignnone  wp-image-8527\" src=\"https:\/\/agora.xtec.cat\/ceiptallo\/wp-content\/uploads\/usu875\/2023\/02\/snowboard-300x168.jpg\" alt=\"\" width=\"241\" height=\"135\" srcset=\"https:\/\/agora.xtec.cat\/ceiptallo\/wp-content\/uploads\/usu875\/2023\/02\/snowboard-300x168.jpg 300w, https:\/\/agora.xtec.cat\/ceiptallo\/wp-content\/uploads\/usu875\/2023\/02\/snowboard-768x431.jpg 768w, https:\/\/agora.xtec.cat\/ceiptallo\/wp-content\/uploads\/usu875\/2023\/02\/snowboard.jpg 1024w\" sizes=\"auto, (max-width: 241px) 100vw, 241px\" \/><\/a> <a href=\"https:\/\/agora.xtec.cat\/ceiptallo\/wp-content\/uploads\/usu875\/2023\/02\/Tipos-de-modalidades-de-esqui.jpg\"><img loading=\"lazy\" decoding=\"async\" class=\"alignnone  wp-image-8528\" src=\"https:\/\/agora.xtec.cat\/ceiptallo\/wp-content\/uploads\/usu875\/2023\/02\/Tipos-de-modalidades-de-esqui-300x177.jpg\" alt=\"\" width=\"236\" height=\"139\" srcset=\"https:\/\/agora.xtec.cat\/ceiptallo\/wp-content\/uploads\/usu875\/2023\/02\/Tipos-de-modalidades-de-esqui-300x177.jpg 300w, https:\/\/agora.xtec.cat\/ceiptallo\/wp-content\/uploads\/usu875\/2023\/02\/Tipos-de-modalidades-de-esqui-1024x604.jpg 1024w, https:\/\/agora.xtec.cat\/ceiptallo\/wp-content\/uploads\/usu875\/2023\/02\/Tipos-de-modalidades-de-esqui-768x453.jpg 768w, https:\/\/agora.xtec.cat\/ceiptallo\/wp-content\/uploads\/usu875\/2023\/02\/Tipos-de-modalidades-de-esqui.jpg 1200w\" sizes=\"auto, (max-width: 236px) 100vw, 236px\" \/><\/a><\/p>\n<p>Arnau, 4t<\/p>\n","protected":false},"excerpt":{"rendered":"<p>Els alumnes de l&#8217;escola Mare de Deu de Tall\u00f3 els dies 13,14,20,21,23 i 27de febrer farem EBE&hellip;  <a href=\"https:\/\/agora.xtec.cat\/ceiptallo\/portada\/comencem-ebe\/\" title=\"Read COMENCEM EBE\">Llegeix m\u00e9s\u00bb<\/a><\/p>\n","protected":false},"author":4,"featured_media":8528,"comment_status":"open","ping_status":"closed","sticky":false,"template":"","format":"standard","meta":{"_bbp_topic_count":0,"_bbp_reply_count":0,"_bbp_total_topic_count":0,"_bbp_total_reply_count":0,"_bbp_voice_count":0,"_bbp_anonymous_reply_count":0,"_bbp_topic_count_hidden":0,"_bbp_reply_count_hidden":0,"_bbp_forum_subforum_count":0,"footnotes":""},"categories":[13,4],"tags":[],"class_list":["post-8522","post","type-post","status-publish","format-standard","has-post-thumbnail","hentry","category-4t","category-portada"],"post_mailing_queue_ids":[],"_links":{"self":[{"href":"https:\/\/agora.xtec.cat\/ceiptallo\/wp-json\/wp\/v2\/posts\/8522","targetHints":{"allow":["GET"]}}],"collection":[{"href":"https:\/\/agora.xtec.cat\/ceiptallo\/wp-json\/wp\/v2\/posts"}],"about":[{"href":"https:\/\/agora.xtec.cat\/ceiptallo\/wp-json\/wp\/v2\/types\/post"}],"author":[{"embeddable":true,"href":"https:\/\/agora.xtec.cat\/ceiptallo\/wp-json\/wp\/v2\/users\/4"}],"replies":[{"embeddable":true,"href":"https:\/\/agora.xtec.cat\/ceiptallo\/wp-json\/wp\/v2\/comments?post=8522"}],"version-history":[{"count":1,"href":"https:\/\/agora.xtec.cat\/ceiptallo\/wp-json\/wp\/v2\/posts\/8522\/revisions"}],"predecessor-version":[{"id":8529,"href":"https:\/\/agora.xtec.cat\/ceiptallo\/wp-json\/wp\/v2\/posts\/8522\/revisions\/8529"}],"wp:featuredmedia":[{"embeddable":true,"href":"https:\/\/agora.xtec.cat\/ceiptallo\/wp-json\/wp\/v2\/media\/8528"}],"wp:attachment":[{"href":"https:\/\/agora.xtec.cat\/ceiptallo\/wp-json\/wp\/v2\/media?parent=8522"}],"wp:term":[{"taxonomy":"category","embeddable":true,"href":"https:\/\/agora.xtec.cat\/ceiptallo\/wp-json\/wp\/v2\/categories?post=8522"},{"taxonomy":"post_tag","embeddable":true,"href":"https:\/\/agora.xtec.cat\/ceiptallo\/wp-json\/wp\/v2\/tags?post=8522"}],"curies":[{"name":"wp","href":"https:\/\/api.w.org\/{rel}","templated":true}]}}