{"id":820,"date":"2019-05-10T11:44:25","date_gmt":"2019-05-10T09:44:25","guid":{"rendered":"http:\/\/agora.xtec.cat\/ceiptallo\/?p=820"},"modified":"2019-05-13T11:48:34","modified_gmt":"2019-05-13T09:48:34","slug":"comencem-lhort","status":"publish","type":"post","link":"https:\/\/agora.xtec.cat\/ceiptallo\/general\/comencem-lhort\/","title":{"rendered":"Comencem l&#8217;hort!"},"content":{"rendered":"<p>Aquesta setmana el temps ens ha perm\u00e8s comen\u00e7ar a plantar a l&#8217;hort, fa uns dies que vol\u00edem fer-ho per\u00f2 les pluges no ens han deixat.<\/p>\n<p>Els nens\/es de cicle infantil i inicial han comprat el planter, han organitzat les parcel\u00b7les i ho han plantat. Ara\u00a0 es cosa de tots, cuidar-lo, regar-lo, observar qu\u00e8 va passant i esperar fins que puguem collir.<\/p>\n<p>Hem plantat: diferents varietats d&#8217;enciams i bledes, tom\u00e0quets, carbassons, pebrot, col kale, patata, remolatxa, espinacs, gira-sols i pastanagues.<\/p>\n<p>Donem les gr\u00e0cies al Jos\u00e9 (avi del Marc i l&#8217;Arnau Gim\u00e9nez) per preparar-nos la terra de l&#8217;hort.<\/p>\n<p><a href=\"https:\/\/agora.xtec.cat\/ceiptallo\/wp-content\/uploads\/usu875\/2019\/05\/IMG_20190509_101937_322-1152-x-864.jpg\"><img loading=\"lazy\" decoding=\"async\" class=\"wp-image-845 aligncenter\" src=\"https:\/\/agora.xtec.cat\/ceiptallo\/wp-content\/uploads\/usu875\/2019\/05\/IMG_20190509_101937_322-1152-x-864.jpg\" alt=\"\" width=\"745\" height=\"559\" srcset=\"https:\/\/agora.xtec.cat\/ceiptallo\/wp-content\/uploads\/usu875\/2019\/05\/IMG_20190509_101937_322-1152-x-864.jpg 1152w, https:\/\/agora.xtec.cat\/ceiptallo\/wp-content\/uploads\/usu875\/2019\/05\/IMG_20190509_101937_322-1152-x-864-300x225.jpg 300w, https:\/\/agora.xtec.cat\/ceiptallo\/wp-content\/uploads\/usu875\/2019\/05\/IMG_20190509_101937_322-1152-x-864-768x576.jpg 768w, https:\/\/agora.xtec.cat\/ceiptallo\/wp-content\/uploads\/usu875\/2019\/05\/IMG_20190509_101937_322-1152-x-864-1024x768.jpg 1024w, https:\/\/agora.xtec.cat\/ceiptallo\/wp-content\/uploads\/usu875\/2019\/05\/IMG_20190509_101937_322-1152-x-864-200x150.jpg 200w\" sizes=\"auto, (max-width: 745px) 100vw, 745px\" \/><\/a><\/p>\n<p>&nbsp;<\/p>\n","protected":false},"excerpt":{"rendered":"<p>Aquesta setmana el temps ens ha perm\u00e8s comen\u00e7ar a plantar a l&#8217;hort, fa uns dies que vol\u00edem fer-ho per\u00f2 les pluges no ens han deixat.<br \/>\nEls nens\/es de cicle infantil i inicial han comprat el planter, han organitzat les parcel\u00b7les i ho han plantat. Ara\u00a0 es&hellip;  <a href=\"https:\/\/agora.xtec.cat\/ceiptallo\/general\/comencem-lhort\/\" title=\"Read Comencem l&#8217;hort!\">Llegeix m\u00e9s\u00bb<\/a><\/p>\n","protected":false},"author":1,"featured_media":845,"comment_status":"open","ping_status":"closed","sticky":false,"template":"","format":"standard","meta":{"_bbp_topic_count":0,"_bbp_reply_count":0,"_bbp_total_topic_count":0,"_bbp_total_reply_count":0,"_bbp_voice_count":0,"_bbp_anonymous_reply_count":0,"_bbp_topic_count_hidden":0,"_bbp_reply_count_hidden":0,"_bbp_forum_subforum_count":0,"footnotes":""},"categories":[1,4],"tags":[],"class_list":["post-820","post","type-post","status-publish","format-standard","has-post-thumbnail","hentry","category-general","category-portada"],"post_mailing_queue_ids":[],"_links":{"self":[{"href":"https:\/\/agora.xtec.cat\/ceiptallo\/wp-json\/wp\/v2\/posts\/820","targetHints":{"allow":["GET"]}}],"collection":[{"href":"https:\/\/agora.xtec.cat\/ceiptallo\/wp-json\/wp\/v2\/posts"}],"about":[{"href":"https:\/\/agora.xtec.cat\/ceiptallo\/wp-json\/wp\/v2\/types\/post"}],"author":[{"embeddable":true,"href":"https:\/\/agora.xtec.cat\/ceiptallo\/wp-json\/wp\/v2\/users\/1"}],"replies":[{"embeddable":true,"href":"https:\/\/agora.xtec.cat\/ceiptallo\/wp-json\/wp\/v2\/comments?post=820"}],"version-history":[{"count":3,"href":"https:\/\/agora.xtec.cat\/ceiptallo\/wp-json\/wp\/v2\/posts\/820\/revisions"}],"predecessor-version":[{"id":846,"href":"https:\/\/agora.xtec.cat\/ceiptallo\/wp-json\/wp\/v2\/posts\/820\/revisions\/846"}],"wp:featuredmedia":[{"embeddable":true,"href":"https:\/\/agora.xtec.cat\/ceiptallo\/wp-json\/wp\/v2\/media\/845"}],"wp:attachment":[{"href":"https:\/\/agora.xtec.cat\/ceiptallo\/wp-json\/wp\/v2\/media?parent=820"}],"wp:term":[{"taxonomy":"category","embeddable":true,"href":"https:\/\/agora.xtec.cat\/ceiptallo\/wp-json\/wp\/v2\/categories?post=820"},{"taxonomy":"post_tag","embeddable":true,"href":"https:\/\/agora.xtec.cat\/ceiptallo\/wp-json\/wp\/v2\/tags?post=820"}],"curies":[{"name":"wp","href":"https:\/\/api.w.org\/{rel}","templated":true}]}}