{"id":8091,"date":"2022-10-26T19:10:45","date_gmt":"2022-10-26T17:10:45","guid":{"rendered":"https:\/\/agora.xtec.cat\/ceiptallo\/?p=8091"},"modified":"2022-11-09T16:06:17","modified_gmt":"2022-11-09T15:06:17","slug":"aprenem-les-comarques","status":"publish","type":"post","link":"https:\/\/agora.xtec.cat\/ceiptallo\/general\/aprenem-les-comarques\/","title":{"rendered":"APRENEM LES COMARQUES!!! 4t"},"content":{"rendered":"<p>Els nens i nenes de 4t a medi social estem estudiant les comarques.<\/p>\n<p>La nostre profe, la Judit, ens ha fet un flip-book i es molt divertit. Encara l&#8217;estem omplint per\u00f2 de moment hem posat que el nostre continent \u00e9s Europa, el nostre pa\u00eds \u00e9s Espanya, la nostra comunitat aut\u00f2noma \u00e9s Catalunya, la nostra prov\u00edncia \u00e9s Lleida, la nostra comarca \u00e9s Cerdanya i el nostre municipi encara no l&#8217;hem posat.<\/p>\n<p>Tamb\u00e9 tenim pa\u00efsos ve\u00efns com Fran\u00e7a, Andorra i Portugal i les nostres comarques ve\u00efnes son: Bergued\u00e0, Alt Urgell i Ripoll\u00e8s. Tamb\u00e9 hem apr\u00e9s que a Catalunya (la nostra comunitat aut\u00f2noma) hi ha quatre prov\u00edncies: Lleida, Tarragona, Girona i Barcelona.<\/p>\n<p>Sofia, 4t<\/p>\n","protected":false},"excerpt":{"rendered":"<p>Els nens i nenes de 4t a medi social estem estudiant les comarques.&hellip;  <a href=\"https:\/\/agora.xtec.cat\/ceiptallo\/general\/aprenem-les-comarques\/\" title=\"Read APRENEM LES COMARQUES!!! 4t\">Llegeix m\u00e9s\u00bb<\/a><\/p>\n","protected":false},"author":4,"featured_media":8097,"comment_status":"open","ping_status":"closed","sticky":false,"template":"","format":"standard","meta":{"_bbp_topic_count":0,"_bbp_reply_count":0,"_bbp_total_topic_count":0,"_bbp_total_reply_count":0,"_bbp_voice_count":0,"_bbp_anonymous_reply_count":0,"_bbp_topic_count_hidden":0,"_bbp_reply_count_hidden":0,"_bbp_forum_subforum_count":0,"footnotes":""},"categories":[13,1,4],"tags":[],"class_list":["post-8091","post","type-post","status-publish","format-standard","has-post-thumbnail","hentry","category-4t","category-general","category-portada"],"post_mailing_queue_ids":[],"_links":{"self":[{"href":"https:\/\/agora.xtec.cat\/ceiptallo\/wp-json\/wp\/v2\/posts\/8091","targetHints":{"allow":["GET"]}}],"collection":[{"href":"https:\/\/agora.xtec.cat\/ceiptallo\/wp-json\/wp\/v2\/posts"}],"about":[{"href":"https:\/\/agora.xtec.cat\/ceiptallo\/wp-json\/wp\/v2\/types\/post"}],"author":[{"embeddable":true,"href":"https:\/\/agora.xtec.cat\/ceiptallo\/wp-json\/wp\/v2\/users\/4"}],"replies":[{"embeddable":true,"href":"https:\/\/agora.xtec.cat\/ceiptallo\/wp-json\/wp\/v2\/comments?post=8091"}],"version-history":[{"count":3,"href":"https:\/\/agora.xtec.cat\/ceiptallo\/wp-json\/wp\/v2\/posts\/8091\/revisions"}],"predecessor-version":[{"id":8245,"href":"https:\/\/agora.xtec.cat\/ceiptallo\/wp-json\/wp\/v2\/posts\/8091\/revisions\/8245"}],"wp:featuredmedia":[{"embeddable":true,"href":"https:\/\/agora.xtec.cat\/ceiptallo\/wp-json\/wp\/v2\/media\/8097"}],"wp:attachment":[{"href":"https:\/\/agora.xtec.cat\/ceiptallo\/wp-json\/wp\/v2\/media?parent=8091"}],"wp:term":[{"taxonomy":"category","embeddable":true,"href":"https:\/\/agora.xtec.cat\/ceiptallo\/wp-json\/wp\/v2\/categories?post=8091"},{"taxonomy":"post_tag","embeddable":true,"href":"https:\/\/agora.xtec.cat\/ceiptallo\/wp-json\/wp\/v2\/tags?post=8091"}],"curies":[{"name":"wp","href":"https:\/\/api.w.org\/{rel}","templated":true}]}}