{"id":7985,"date":"2022-10-07T09:39:05","date_gmt":"2022-10-07T07:39:05","guid":{"rendered":"https:\/\/agora.xtec.cat\/ceiptallo\/?p=7985"},"modified":"2022-10-10T09:42:56","modified_gmt":"2022-10-10T07:42:56","slug":"aprenem-els-ossos-amb-molt-de-ritme","status":"publish","type":"post","link":"https:\/\/agora.xtec.cat\/ceiptallo\/primaria\/4t\/aprenem-els-ossos-amb-molt-de-ritme\/","title":{"rendered":"Aprenem els ossos amb molt de ritme!"},"content":{"rendered":"<p><iframe loading=\"lazy\" title=\"YouTube video player\" src=\"\/\/www.youtube.com\/embed\/5uujSe9g5p0\" width=\"560\" height=\"315\" frameborder=\"0\" allowfullscreen=\"allowfullscreen\"><\/iframe><\/p>\n<p>La Bet ens ha ensenyat aquesta can\u00e7\u00f3 per apendre&#8217;ns els ossos! Gr\u00e0cies<\/p>\n<p>Qui s&#8217;anima a fer un karaoke??<\/p>\n<p><span class=\"Apple-style-span\" style=\"color: #008000;\">Si els ossos vols saber, la can\u00e7\u00f3 et cantar\u00e9<br \/>\nque del cap fins als dos peus, va viatjant per l\u2019esquelet<br \/>\nS\u00f3n els 6 ossos del cap, el frontal i els parietals,<br \/>\ntemporals i occipital, el nasal i el maxil\u00b7lar.<br \/>\nDe la pelvis fins al peu, f\u00e8mur, t\u00edbia i peron\u00e9;<br \/>\nDes del cap fins al coxal, la columna vertebral.<\/span><\/p>\n<p><span class=\"Apple-style-span\" style=\"color: #008000;\">L\u2019h\u00famer \u00e9s un os del bra\u00e7, que t\u00e9 el colze al final;<br \/>\nRadi i c\u00fabit van despr\u00e9s, i arriben al canell.<br \/>\nI les costelles al tronc guarden els pulmons i el cor,<br \/>\nI amb l\u2019est\u00e8rnum al davant es mouen en respirar.<br \/>\nDe la cama no ho he dit, que la r\u00f2tula \u00e9s al mig,<br \/>\nTars i carps i metacarps, els ossos de peus i mans.<\/span><\/p>\n<p><span class=\"Apple-style-span\" style=\"color: #008000;\">A l\u2019espatlla hi trobareu que l\u2019om\u00f2plat hi va b\u00e9,<br \/>\nI per moure tot el bra\u00e7 la clav\u00edcula al davant.<br \/>\nAra que ja els he dit tots pots aprendre la lli\u00e7\u00f3.<br \/>\nTant si vols com si no vols, aqu\u00ed acaba la can\u00e7\u00f3.<\/span><\/p>\n","protected":false},"excerpt":{"rendered":"<p>La Bet ens ha ensenyat aquesta can\u00e7\u00f3 per apendre&#8217;ns els ossos! Gr\u00e0cies<br \/>\nQui s&#8217;anima a fer un karaoke??<br \/>\nSi els ossos vols saber, la can\u00e7\u00f3 et cantar\u00e9<br \/>\nque del cap fins als dos peus, va viatjant per l\u2019esquelet<br \/>\nS\u00f3n els 6 ossos del cap, el frontal i els parietals,<br \/>\ntemporals&hellip;  <a href=\"https:\/\/agora.xtec.cat\/ceiptallo\/primaria\/4t\/aprenem-els-ossos-amb-molt-de-ritme\/\" title=\"Read Aprenem els ossos amb molt de ritme!\">Llegeix m\u00e9s\u00bb<\/a><\/p>\n","protected":false},"author":1,"featured_media":7986,"comment_status":"open","ping_status":"closed","sticky":false,"template":"","format":"standard","meta":{"_bbp_topic_count":0,"_bbp_reply_count":0,"_bbp_total_topic_count":0,"_bbp_total_reply_count":0,"_bbp_voice_count":0,"_bbp_anonymous_reply_count":0,"_bbp_topic_count_hidden":0,"_bbp_reply_count_hidden":0,"_bbp_forum_subforum_count":0,"footnotes":""},"categories":[13],"tags":[],"class_list":["post-7985","post","type-post","status-publish","format-standard","has-post-thumbnail","hentry","category-4t"],"post_mailing_queue_ids":[],"_links":{"self":[{"href":"https:\/\/agora.xtec.cat\/ceiptallo\/wp-json\/wp\/v2\/posts\/7985","targetHints":{"allow":["GET"]}}],"collection":[{"href":"https:\/\/agora.xtec.cat\/ceiptallo\/wp-json\/wp\/v2\/posts"}],"about":[{"href":"https:\/\/agora.xtec.cat\/ceiptallo\/wp-json\/wp\/v2\/types\/post"}],"author":[{"embeddable":true,"href":"https:\/\/agora.xtec.cat\/ceiptallo\/wp-json\/wp\/v2\/users\/1"}],"replies":[{"embeddable":true,"href":"https:\/\/agora.xtec.cat\/ceiptallo\/wp-json\/wp\/v2\/comments?post=7985"}],"version-history":[{"count":3,"href":"https:\/\/agora.xtec.cat\/ceiptallo\/wp-json\/wp\/v2\/posts\/7985\/revisions"}],"predecessor-version":[{"id":8018,"href":"https:\/\/agora.xtec.cat\/ceiptallo\/wp-json\/wp\/v2\/posts\/7985\/revisions\/8018"}],"wp:featuredmedia":[{"embeddable":true,"href":"https:\/\/agora.xtec.cat\/ceiptallo\/wp-json\/wp\/v2\/media\/7986"}],"wp:attachment":[{"href":"https:\/\/agora.xtec.cat\/ceiptallo\/wp-json\/wp\/v2\/media?parent=7985"}],"wp:term":[{"taxonomy":"category","embeddable":true,"href":"https:\/\/agora.xtec.cat\/ceiptallo\/wp-json\/wp\/v2\/categories?post=7985"},{"taxonomy":"post_tag","embeddable":true,"href":"https:\/\/agora.xtec.cat\/ceiptallo\/wp-json\/wp\/v2\/tags?post=7985"}],"curies":[{"name":"wp","href":"https:\/\/api.w.org\/{rel}","templated":true}]}}