{"id":794,"date":"2019-05-03T12:35:28","date_gmt":"2019-05-03T10:35:28","guid":{"rendered":"http:\/\/agora.xtec.cat\/ceiptallo\/?p=794"},"modified":"2019-05-06T11:51:03","modified_gmt":"2019-05-06T09:51:03","slug":"setmana-cultural","status":"publish","type":"post","link":"https:\/\/agora.xtec.cat\/ceiptallo\/general\/setmana-cultural\/","title":{"rendered":"Setmana cultural"},"content":{"rendered":"<p>Hem comen\u00e7at el tercer trimestre amb la setmana cultural.<\/p>\n<p>El 23 d\u2019abril vam celebrar Sant Jordi fent diferents activitats a l\u2019escola.\u00a0 Els alumnes de 6\u00e8 van muntar la parada de llibres i roses a la pla\u00e7a del portal i durant el mat\u00ed, tots els alumnes de l\u2019escola van poder anar a comprar contes, roses, esmorzar&#8230;<\/p>\n<p>Els altres dies de la setmana hem gaudit de diferents activitats l\u00fadiques i culturals:<\/p>\n<p>Els alumnes d\u2019EI i CI han assistit a diferents tallers de contes\u00a0 i llegendes de Sant Jordi on hi han participat algunes \u00e0vies de l\u2019escola.<\/p>\n<p>Tamb\u00e9 han pogut con\u00e8ixer la feina que fan els mossos d\u2019esquadra, els bombers i quin \u00e9s el proc\u00e9s per l\u2019elaboraci\u00f3 dels iogurts \u201cl\u2019Esquella\u201d. Els alumnes de CI, han visitat la farinera \u00a0on ens han ensenyat com es fa la farina i, al forn Pous, han pogut treballar amb massa de pa fent la forma que m\u00e9s els ha agradat.<\/p>\n<p>Els nens i nenes de CM han visitat l\u2019Ajuntament on han estat rebuts per l\u2019il\u00b7lustr\u00edssim alcalde de Bellver. Tamb\u00e9 han fet una visita guiada per l\u2019historiador Marc Bernades, pel casc antic del poble. A m\u00e9s a m\u00e9s han representat dues obres de teatre en angl\u00e8s al Centre C\u00edvic per tota l\u2019escola i es va aprofitar per entregar els premis del Gincama web.<\/p>\n<p>Els alumnes m\u00e9s grans, els de 5\u00e8 han fet la ruta del rom\u00e0nica amb el Marc Bernades, tot gaudint de la visita a Tall\u00f3 i Sant Serni. Els de 6\u00e8 han assistit a una xerrada sobre la llibertat de g\u00e8nere, aix\u00ed com tamb\u00e9 han participat al taller de cer\u00e0mica dirigit per la Mireia Fern\u00e0ndez.<\/p>\n<p>Tota l\u2019escola vam assistir al taller de castellers, on els nens\/es van poder iniciar-se i provar les seves primeres enfilades tot fent petits pilars, castells o pinyes. Tamb\u00e9 vam gaudir d\u2019un espectacle intinerant de la Transhum\u00e0ncia, gr\u00e0cies a la col\u00b7laboraci\u00f3 de l\u2019Ajuntament. Va ser xul\u00edssim !<\/p>\n<p>Ha estat una setmana plena d\u2019activitats i aprenentatges. Moltes gr\u00e0cies a tots\/es els que hi heu col\u00b7laborat!<\/p>\n<p>Aqu\u00ed teniu algunes fotos, si en voleu veure m\u00e9s cliqueu <a href=\"https:\/\/photos.app.goo.gl\/7uY69wL1R5cAQj6a9\" target=\"_blank\" rel=\"noopener\">aqu\u00ed<\/a> o aneu a l&#8217;apartat de fotos al men\u00fa principal.<\/p>\n<p>&nbsp;<\/p>\n\r\n\t<div class=\"slideshow_container slideshow_container_style-light\" style=\"height: 300px; \" data-slideshow-id=\"773\" data-style-name=\"style-light\" data-style-version=\"2.3.1\" >\r\n\r\n\t\t\t\t\t<div class=\"slideshow_loading_icon\"><\/div>\r\n\t\t\r\n\t\t<div class=\"slideshow_content\" style=\"display: none;\">\r\n\r\n\t\t\t<div class=\"slideshow_view\">\r\n\t\t\t\t<div class=\"slideshow_slide slideshow_slide_image\">\r\n\t\t\t\t\t\t\t\t\t\t\t<img src=\"https:\/\/agora.xtec.cat\/ceiptallo\/wp-content\/uploads\/usu875\/2019\/04\/IMG_6790-1.jpg\" alt=\"IMG_6790\" width=\"1034\" height=\"776\" \/>\r\n\t\t\t\t\t\t\t\t\t\t<div class=\"slideshow_description_box slideshow_transparent\">\r\n\t\t\t\t\t\t<div class=\"slideshow_title\">IMG_6790<\/div>\t\t\t\t\t\t\t\t\t\t\t<\/div>\r\n\t\t\t\t<\/div>\r\n\r\n\t\t\t\t\t\t<div style=\"clear: both;\"><\/div><\/div><div class=\"slideshow_view\">\r\n\t\t\t\t<div class=\"slideshow_slide slideshow_slide_image\">\r\n\t\t\t\t\t\t\t\t\t\t\t<img src=\"https:\/\/agora.xtec.cat\/ceiptallo\/wp-content\/uploads\/usu875\/2019\/04\/20190425_123352-1.jpg\" alt=\"20190425_123352\" width=\"776\" height=\"1034\" \/>\r\n\t\t\t\t\t\t\t\t\t\t<div class=\"slideshow_description_box slideshow_transparent\">\r\n\t\t\t\t\t\t<div class=\"slideshow_title\">20190425_123352<\/div>\t\t\t\t\t\t\t\t\t\t\t<\/div>\r\n\t\t\t\t<\/div>\r\n\r\n\t\t\t\t\t\t<div style=\"clear: both;\"><\/div><\/div><div class=\"slideshow_view\">\r\n\t\t\t\t<div class=\"slideshow_slide slideshow_slide_image\">\r\n\t\t\t\t\t\t\t\t\t\t\t<img src=\"https:\/\/agora.xtec.cat\/ceiptallo\/wp-content\/uploads\/usu875\/2019\/04\/20190425_122549-1.jpg\" alt=\"20190425_122549\" width=\"776\" height=\"1034\" \/>\r\n\t\t\t\t\t\t\t\t\t\t<div class=\"slideshow_description_box slideshow_transparent\">\r\n\t\t\t\t\t\t<div class=\"slideshow_title\">20190425_122549<\/div>\t\t\t\t\t\t\t\t\t\t\t<\/div>\r\n\t\t\t\t<\/div>\r\n\r\n\t\t\t\t\t\t<div style=\"clear: both;\"><\/div><\/div><div class=\"slideshow_view\">\r\n\t\t\t\t<div class=\"slideshow_slide slideshow_slide_image\">\r\n\t\t\t\t\t\t\t\t\t\t\t<img src=\"https:\/\/agora.xtec.cat\/ceiptallo\/wp-content\/uploads\/usu875\/2019\/04\/20190425_120311-1.jpg\" alt=\"20190425_120311\" width=\"1034\" height=\"776\" \/>\r\n\t\t\t\t\t\t\t\t\t\t<div class=\"slideshow_description_box slideshow_transparent\">\r\n\t\t\t\t\t\t<div class=\"slideshow_title\">20190425_120311<\/div>\t\t\t\t\t\t\t\t\t\t\t<\/div>\r\n\t\t\t\t<\/div>\r\n\r\n\t\t\t\t\t\t<div style=\"clear: both;\"><\/div><\/div><div class=\"slideshow_view\">\r\n\t\t\t\t<div class=\"slideshow_slide slideshow_slide_image\">\r\n\t\t\t\t\t\t\t\t\t\t\t<img src=\"https:\/\/agora.xtec.cat\/ceiptallo\/wp-content\/uploads\/usu875\/2019\/04\/20190424_092943-1.jpg\" alt=\"20190424_092943\" width=\"1034\" height=\"776\" \/>\r\n\t\t\t\t\t\t\t\t\t\t<div class=\"slideshow_description_box slideshow_transparent\">\r\n\t\t\t\t\t\t<div class=\"slideshow_title\">20190424_092943<\/div>\t\t\t\t\t\t\t\t\t\t\t<\/div>\r\n\t\t\t\t<\/div>\r\n\r\n\t\t\t\t\t\t<div style=\"clear: both;\"><\/div><\/div><div class=\"slideshow_view\">\r\n\t\t\t\t<div class=\"slideshow_slide slideshow_slide_image\">\r\n\t\t\t\t\t\t\t\t\t\t\t<img src=\"https:\/\/agora.xtec.cat\/ceiptallo\/wp-content\/uploads\/usu875\/2019\/04\/IMG_20190423_151201-1.jpg\" alt=\"IMG_20190423_151201\" width=\"1034\" height=\"776\" \/>\r\n\t\t\t\t\t\t\t\t\t\t<div class=\"slideshow_description_box slideshow_transparent\">\r\n\t\t\t\t\t\t<div class=\"slideshow_title\">IMG_20190423_151201<\/div>\t\t\t\t\t\t\t\t\t\t\t<\/div>\r\n\t\t\t\t<\/div>\r\n\r\n\t\t\t\t\t\t<div style=\"clear: both;\"><\/div><\/div><div class=\"slideshow_view\">\r\n\t\t\t\t<div class=\"slideshow_slide slideshow_slide_image\">\r\n\t\t\t\t\t\t\t\t\t\t\t<img src=\"https:\/\/agora.xtec.cat\/ceiptallo\/wp-content\/uploads\/usu875\/2019\/04\/IMG_6818-1.jpg\" alt=\"IMG_6818\" width=\"1034\" height=\"776\" \/>\r\n\t\t\t\t\t\t\t\t\t\t<div class=\"slideshow_description_box slideshow_transparent\">\r\n\t\t\t\t\t\t<div class=\"slideshow_title\">IMG_6818<\/div>\t\t\t\t\t\t\t\t\t\t\t<\/div>\r\n\t\t\t\t<\/div>\r\n\r\n\t\t\t\t\t\t<div style=\"clear: both;\"><\/div><\/div><div class=\"slideshow_view\">\r\n\t\t\t\t<div class=\"slideshow_slide slideshow_slide_image\">\r\n\t\t\t\t\t\t\t\t\t\t\t<img src=\"https:\/\/agora.xtec.cat\/ceiptallo\/wp-content\/uploads\/usu875\/2019\/04\/IMG_6814-1.jpg\" alt=\"IMG_6814\" width=\"1034\" height=\"776\" \/>\r\n\t\t\t\t\t\t\t\t\t\t<div class=\"slideshow_description_box slideshow_transparent\">\r\n\t\t\t\t\t\t<div class=\"slideshow_title\">IMG_6814<\/div>\t\t\t\t\t\t\t\t\t\t\t<\/div>\r\n\t\t\t\t<\/div>\r\n\r\n\t\t\t\t\t\t<div style=\"clear: both;\"><\/div><\/div><div class=\"slideshow_view\">\r\n\t\t\t\t<div class=\"slideshow_slide slideshow_slide_image\">\r\n\t\t\t\t\t\t\t\t\t\t\t<img src=\"https:\/\/agora.xtec.cat\/ceiptallo\/wp-content\/uploads\/usu875\/2019\/04\/IMG_6791-1.jpg\" alt=\"IMG_6791\" width=\"1034\" height=\"776\" \/>\r\n\t\t\t\t\t\t\t\t\t\t<div class=\"slideshow_description_box slideshow_transparent\">\r\n\t\t\t\t\t\t<div class=\"slideshow_title\">IMG_6791<\/div>\t\t\t\t\t\t\t\t\t\t\t<\/div>\r\n\t\t\t\t<\/div>\r\n\r\n\t\t\t\t\t\t<div style=\"clear: both;\"><\/div><\/div>\r\n\t\t<\/div>\r\n\r\n\t\t<div class=\"slideshow_controlPanel slideshow_transparent\" style=\"display: none;\"><ul><li class=\"slideshow_togglePlay\" data-play-text=\"Visualitza\" data-pause-text=\"Pausa\"><\/li><\/ul><\/div>\r\n\r\n\t\t<div class=\"slideshow_button slideshow_previous slideshow_transparent\" role=\"button\" data-previous-text=\"Anterior\" style=\"display: none;\"><\/div>\r\n\t\t<div class=\"slideshow_button slideshow_next slideshow_transparent\" role=\"button\" data-next-text=\"Seg\u00fcent\" style=\"display: none;\"><\/div>\r\n\r\n\t\t<div class=\"slideshow_pagination\" style=\"display: none;\" data-go-to-text=\"V\u00e9s a la diapositiva\"><div class=\"slideshow_pagination_center\"><\/div><\/div>\r\n\r\n\t\t<!-- WordPress Slideshow Version 2.3.1 -->\r\n\r\n\t\t\t<\/div>\r\n\r\n\n","protected":false},"excerpt":{"rendered":"<p>Hem comen\u00e7at el tercer trimestre amb la setmana cultural.<br \/>\nEl 23 d\u2019abril vam celebrar Sant Jordi fent diferents activitats a l\u2019escola.\u00a0 Els alumnes de 6\u00e8 van muntar la parada de llibres i roses a la pla\u00e7a del portal i durant el mat\u00ed, tots els alumnes de&hellip;  <a href=\"https:\/\/agora.xtec.cat\/ceiptallo\/general\/setmana-cultural\/\" title=\"Read Setmana cultural\">Llegeix m\u00e9s\u00bb<\/a><\/p>\n","protected":false},"author":1,"featured_media":780,"comment_status":"open","ping_status":"closed","sticky":false,"template":"","format":"standard","meta":{"_bbp_topic_count":0,"_bbp_reply_count":0,"_bbp_total_topic_count":0,"_bbp_total_reply_count":0,"_bbp_voice_count":0,"_bbp_anonymous_reply_count":0,"_bbp_topic_count_hidden":0,"_bbp_reply_count_hidden":0,"_bbp_forum_subforum_count":0,"footnotes":""},"categories":[46,1,4],"tags":[],"class_list":["post-794","post","type-post","status-publish","format-standard","has-post-thumbnail","hentry","category-festes","category-general","category-portada"],"post_mailing_queue_ids":[],"_links":{"self":[{"href":"https:\/\/agora.xtec.cat\/ceiptallo\/wp-json\/wp\/v2\/posts\/794","targetHints":{"allow":["GET"]}}],"collection":[{"href":"https:\/\/agora.xtec.cat\/ceiptallo\/wp-json\/wp\/v2\/posts"}],"about":[{"href":"https:\/\/agora.xtec.cat\/ceiptallo\/wp-json\/wp\/v2\/types\/post"}],"author":[{"embeddable":true,"href":"https:\/\/agora.xtec.cat\/ceiptallo\/wp-json\/wp\/v2\/users\/1"}],"replies":[{"embeddable":true,"href":"https:\/\/agora.xtec.cat\/ceiptallo\/wp-json\/wp\/v2\/comments?post=794"}],"version-history":[{"count":3,"href":"https:\/\/agora.xtec.cat\/ceiptallo\/wp-json\/wp\/v2\/posts\/794\/revisions"}],"predecessor-version":[{"id":816,"href":"https:\/\/agora.xtec.cat\/ceiptallo\/wp-json\/wp\/v2\/posts\/794\/revisions\/816"}],"wp:featuredmedia":[{"embeddable":true,"href":"https:\/\/agora.xtec.cat\/ceiptallo\/wp-json\/wp\/v2\/media\/780"}],"wp:attachment":[{"href":"https:\/\/agora.xtec.cat\/ceiptallo\/wp-json\/wp\/v2\/media?parent=794"}],"wp:term":[{"taxonomy":"category","embeddable":true,"href":"https:\/\/agora.xtec.cat\/ceiptallo\/wp-json\/wp\/v2\/categories?post=794"},{"taxonomy":"post_tag","embeddable":true,"href":"https:\/\/agora.xtec.cat\/ceiptallo\/wp-json\/wp\/v2\/tags?post=794"}],"curies":[{"name":"wp","href":"https:\/\/api.w.org\/{rel}","templated":true}]}}