{"id":7860,"date":"2022-06-22T12:32:18","date_gmt":"2022-06-22T10:32:18","guid":{"rendered":"https:\/\/agora.xtec.cat\/ceiptallo\/?p=7860"},"modified":"2022-06-22T12:32:18","modified_gmt":"2022-06-22T10:32:18","slug":"concurs-50-anys","status":"publish","type":"post","link":"https:\/\/agora.xtec.cat\/ceiptallo\/general\/concurs-50-anys\/","title":{"rendered":"Concurs 50 anys"},"content":{"rendered":"<p>Aquesta setmana l&#8217;alumnat de prim\u00e0ria ha participat en el concurs de dibuix del logo i del cartell que representar\u00e0 a la nostra escola durant aquest any de celebraci\u00f3. Volem agrair la participaci\u00f3 de tothom i felicitar-vos a tots i totes per les vostres creacions art\u00edstiques. Ha estat molt dif\u00edcil escollir els guanyadors.<\/p>\n<p>Finalment, i despr\u00e9s de molta deliberaci\u00f3, es va decidir que la guanyadora del concurs de logos fos la Jana de 6\u00e8.<\/p>\n<p><a href=\"https:\/\/agora.xtec.cat\/ceiptallo\/wp-content\/uploads\/usu875\/2022\/06\/LOGO-50-ANYS.jpg\"><img loading=\"lazy\" decoding=\"async\" class=\"wp-image-7866 aligncenter\" src=\"https:\/\/agora.xtec.cat\/ceiptallo\/wp-content\/uploads\/usu875\/2022\/06\/LOGO-50-ANYS.jpg\" alt=\"\" width=\"430\" height=\"427\" srcset=\"https:\/\/agora.xtec.cat\/ceiptallo\/wp-content\/uploads\/usu875\/2022\/06\/LOGO-50-ANYS.jpg 1644w, https:\/\/agora.xtec.cat\/ceiptallo\/wp-content\/uploads\/usu875\/2022\/06\/LOGO-50-ANYS-300x298.jpg 300w, https:\/\/agora.xtec.cat\/ceiptallo\/wp-content\/uploads\/usu875\/2022\/06\/LOGO-50-ANYS-1024x1017.jpg 1024w, https:\/\/agora.xtec.cat\/ceiptallo\/wp-content\/uploads\/usu875\/2022\/06\/LOGO-50-ANYS-150x150.jpg 150w, https:\/\/agora.xtec.cat\/ceiptallo\/wp-content\/uploads\/usu875\/2022\/06\/LOGO-50-ANYS-768x762.jpg 768w, https:\/\/agora.xtec.cat\/ceiptallo\/wp-content\/uploads\/usu875\/2022\/06\/LOGO-50-ANYS-1536x1525.jpg 1536w\" sizes=\"auto, (max-width: 430px) 100vw, 430px\" \/><\/a><\/p>\n<p>Pel cartell oficial s&#8217;ha fet una barreja dels dos cartells guanyadors, el de la Sofia i el de la Violeta de 3r.<\/p>\n<p><a href=\"https:\/\/agora.xtec.cat\/ceiptallo\/wp-content\/uploads\/usu875\/2022\/06\/cartell-50-anys-scaled.jpg\"><img loading=\"lazy\" decoding=\"async\" class=\"wp-image-7865 aligncenter\" src=\"https:\/\/agora.xtec.cat\/ceiptallo\/wp-content\/uploads\/usu875\/2022\/06\/cartell-50-anys-scaled.jpg\" alt=\"\" width=\"712\" height=\"481\" srcset=\"https:\/\/agora.xtec.cat\/ceiptallo\/wp-content\/uploads\/usu875\/2022\/06\/cartell-50-anys-scaled.jpg 2560w, https:\/\/agora.xtec.cat\/ceiptallo\/wp-content\/uploads\/usu875\/2022\/06\/cartell-50-anys-300x203.jpg 300w, https:\/\/agora.xtec.cat\/ceiptallo\/wp-content\/uploads\/usu875\/2022\/06\/cartell-50-anys-1024x691.jpg 1024w, https:\/\/agora.xtec.cat\/ceiptallo\/wp-content\/uploads\/usu875\/2022\/06\/cartell-50-anys-768x518.jpg 768w, https:\/\/agora.xtec.cat\/ceiptallo\/wp-content\/uploads\/usu875\/2022\/06\/cartell-50-anys-1536x1037.jpg 1536w, https:\/\/agora.xtec.cat\/ceiptallo\/wp-content\/uploads\/usu875\/2022\/06\/cartell-50-anys-2048x1383.jpg 2048w\" sizes=\"auto, (max-width: 712px) 100vw, 712px\" \/><\/a><\/p>\n<p>ENHORABONA A LES TRES GUANYADORES!<\/p>\n<p>&nbsp;<\/p>\n<p>Ahir, dimarts 21 de juny, abans del concert de Reggae per a xics, el Jordi, director de l&#8217;escola, i la\u00a0 Laia, l&#8217;alcaldessa de Bellver, van fer entrega del premis a les guanyadores d&#8217;aquest concurs:<\/p>\n<p>UN S\u00daPER ABONAMENT PER A LA PISCINA MUNICIPAL DE BELLVER!!! Per a poder remullar-se tots els dies d&#8217;aquest estiu i que de, ben segur, ser\u00e0 ben aprofitat. MOLTES GR\u00c0CIES!<\/p>\n<p><a href=\"https:\/\/agora.xtec.cat\/ceiptallo\/wp-content\/uploads\/usu875\/2022\/06\/1655887988475.jpg\"><img loading=\"lazy\" decoding=\"async\" class=\"wp-image-7867 aligncenter\" src=\"https:\/\/agora.xtec.cat\/ceiptallo\/wp-content\/uploads\/usu875\/2022\/06\/1655887988475.jpg\" alt=\"\" width=\"497\" height=\"663\" srcset=\"https:\/\/agora.xtec.cat\/ceiptallo\/wp-content\/uploads\/usu875\/2022\/06\/1655887988475.jpg 720w, https:\/\/agora.xtec.cat\/ceiptallo\/wp-content\/uploads\/usu875\/2022\/06\/1655887988475-225x300.jpg 225w\" sizes=\"auto, (max-width: 497px) 100vw, 497px\" \/><\/a><\/p>\n<p>&nbsp;<\/p>\n<p>&nbsp;<\/p>\n","protected":false},"excerpt":{"rendered":"<p>Aquesta setmana l&#8217;alumnat de prim\u00e0ria ha participat en el concurs de dibuix del logo i del cartell que representar\u00e0 a la nostra escola durant aquest any de celebraci\u00f3. Volem agrair la participaci\u00f3 de tothom i felicitar-vos a tots i totes per les vostres creacions art\u00edstiques.&hellip;  <a href=\"https:\/\/agora.xtec.cat\/ceiptallo\/general\/concurs-50-anys\/\" title=\"Read Concurs 50 anys\">Llegeix m\u00e9s\u00bb<\/a><\/p>\n","protected":false},"author":4,"featured_media":7867,"comment_status":"open","ping_status":"closed","sticky":false,"template":"","format":"standard","meta":{"_bbp_topic_count":0,"_bbp_reply_count":0,"_bbp_total_topic_count":0,"_bbp_total_reply_count":0,"_bbp_voice_count":0,"_bbp_anonymous_reply_count":0,"_bbp_topic_count_hidden":0,"_bbp_reply_count_hidden":0,"_bbp_forum_subforum_count":0,"footnotes":""},"categories":[1,4],"tags":[],"class_list":["post-7860","post","type-post","status-publish","format-standard","has-post-thumbnail","hentry","category-general","category-portada"],"post_mailing_queue_ids":[],"_links":{"self":[{"href":"https:\/\/agora.xtec.cat\/ceiptallo\/wp-json\/wp\/v2\/posts\/7860","targetHints":{"allow":["GET"]}}],"collection":[{"href":"https:\/\/agora.xtec.cat\/ceiptallo\/wp-json\/wp\/v2\/posts"}],"about":[{"href":"https:\/\/agora.xtec.cat\/ceiptallo\/wp-json\/wp\/v2\/types\/post"}],"author":[{"embeddable":true,"href":"https:\/\/agora.xtec.cat\/ceiptallo\/wp-json\/wp\/v2\/users\/4"}],"replies":[{"embeddable":true,"href":"https:\/\/agora.xtec.cat\/ceiptallo\/wp-json\/wp\/v2\/comments?post=7860"}],"version-history":[{"count":3,"href":"https:\/\/agora.xtec.cat\/ceiptallo\/wp-json\/wp\/v2\/posts\/7860\/revisions"}],"predecessor-version":[{"id":7872,"href":"https:\/\/agora.xtec.cat\/ceiptallo\/wp-json\/wp\/v2\/posts\/7860\/revisions\/7872"}],"wp:featuredmedia":[{"embeddable":true,"href":"https:\/\/agora.xtec.cat\/ceiptallo\/wp-json\/wp\/v2\/media\/7867"}],"wp:attachment":[{"href":"https:\/\/agora.xtec.cat\/ceiptallo\/wp-json\/wp\/v2\/media?parent=7860"}],"wp:term":[{"taxonomy":"category","embeddable":true,"href":"https:\/\/agora.xtec.cat\/ceiptallo\/wp-json\/wp\/v2\/categories?post=7860"},{"taxonomy":"post_tag","embeddable":true,"href":"https:\/\/agora.xtec.cat\/ceiptallo\/wp-json\/wp\/v2\/tags?post=7860"}],"curies":[{"name":"wp","href":"https:\/\/api.w.org\/{rel}","templated":true}]}}