{"id":7764,"date":"2022-06-20T17:06:59","date_gmt":"2022-06-20T15:06:59","guid":{"rendered":"https:\/\/agora.xtec.cat\/ceiptallo\/?p=7764"},"modified":"2022-06-20T17:06:59","modified_gmt":"2022-06-20T15:06:59","slug":"el-video-del-nostre-hivernacle","status":"publish","type":"post","link":"https:\/\/agora.xtec.cat\/ceiptallo\/general\/el-video-del-nostre-hivernacle\/","title":{"rendered":"El v\u00eddeo del nostre hivernacle"},"content":{"rendered":"<p>&nbsp;<\/p>\n<p>Bon dia,<\/p>\n<p>Us adjuntem un v\u00eddeo perqu\u00e8 veieu com tenim el nostre hivernacle. Estem molt contents de la feina feta, no nom\u00e9s de com han crescut les verdures, tamb\u00e9 per les cosses que hem pogut treballar gracies a l&#8217;hort.<\/p>\n<p>Amb alguns grups hem fet una amanida amb enciam, pastanaga i remolatxa.\u00a0 M\u00e9s endavant les bledes, cols, tom\u00e0quets,&#8230; les colliran des del menjador de l&#8217;escola i les cuineres Ester i Judith ens preparant uns plats fant\u00e0stics.<\/p>\n<p>&nbsp;<\/p>\n<p><a href=\"https:\/\/drive.google.com\/file\/d\/1HQRXdD1KYAL-ZSHT07dthZ9ttiMIreBA\/view?usp=sharing\">v\u00eddeo hivernacle<\/a><\/p>\n","protected":false},"excerpt":{"rendered":"<p>&nbsp;<br \/>\nBon dia,<br \/>\nUs adjuntem un v\u00eddeo perqu\u00e8 veieu com tenim el nostre hivernacle. Estem molt contents de la feina feta, no nom\u00e9s de com han crescut les verdures, tamb\u00e9 per les cosses que hem pogut treballar gracies a l&#8217;hort.<br \/>\nAmb alguns grups hem fet una amanida amb&hellip;  <a href=\"https:\/\/agora.xtec.cat\/ceiptallo\/general\/el-video-del-nostre-hivernacle\/\" title=\"Read El v\u00eddeo del nostre hivernacle\">Llegeix m\u00e9s\u00bb<\/a><\/p>\n","protected":false},"author":4,"featured_media":7516,"comment_status":"open","ping_status":"closed","sticky":false,"template":"","format":"standard","meta":{"_bbp_topic_count":0,"_bbp_reply_count":0,"_bbp_total_topic_count":0,"_bbp_total_reply_count":0,"_bbp_voice_count":0,"_bbp_anonymous_reply_count":0,"_bbp_topic_count_hidden":0,"_bbp_reply_count_hidden":0,"_bbp_forum_subforum_count":0,"footnotes":""},"categories":[1,4,53],"tags":[],"class_list":["post-7764","post","type-post","status-publish","format-standard","has-post-thumbnail","hentry","category-general","category-portada","category-projecte-pati"],"post_mailing_queue_ids":[],"_links":{"self":[{"href":"https:\/\/agora.xtec.cat\/ceiptallo\/wp-json\/wp\/v2\/posts\/7764","targetHints":{"allow":["GET"]}}],"collection":[{"href":"https:\/\/agora.xtec.cat\/ceiptallo\/wp-json\/wp\/v2\/posts"}],"about":[{"href":"https:\/\/agora.xtec.cat\/ceiptallo\/wp-json\/wp\/v2\/types\/post"}],"author":[{"embeddable":true,"href":"https:\/\/agora.xtec.cat\/ceiptallo\/wp-json\/wp\/v2\/users\/4"}],"replies":[{"embeddable":true,"href":"https:\/\/agora.xtec.cat\/ceiptallo\/wp-json\/wp\/v2\/comments?post=7764"}],"version-history":[{"count":3,"href":"https:\/\/agora.xtec.cat\/ceiptallo\/wp-json\/wp\/v2\/posts\/7764\/revisions"}],"predecessor-version":[{"id":7775,"href":"https:\/\/agora.xtec.cat\/ceiptallo\/wp-json\/wp\/v2\/posts\/7764\/revisions\/7775"}],"wp:featuredmedia":[{"embeddable":true,"href":"https:\/\/agora.xtec.cat\/ceiptallo\/wp-json\/wp\/v2\/media\/7516"}],"wp:attachment":[{"href":"https:\/\/agora.xtec.cat\/ceiptallo\/wp-json\/wp\/v2\/media?parent=7764"}],"wp:term":[{"taxonomy":"category","embeddable":true,"href":"https:\/\/agora.xtec.cat\/ceiptallo\/wp-json\/wp\/v2\/categories?post=7764"},{"taxonomy":"post_tag","embeddable":true,"href":"https:\/\/agora.xtec.cat\/ceiptallo\/wp-json\/wp\/v2\/tags?post=7764"}],"curies":[{"name":"wp","href":"https:\/\/api.w.org\/{rel}","templated":true}]}}