{"id":680,"date":"2019-04-04T10:30:53","date_gmt":"2019-04-04T08:30:53","guid":{"rendered":"http:\/\/agora.xtec.cat\/ceiptallo\/?p=680"},"modified":"2019-05-06T11:55:23","modified_gmt":"2019-05-06T09:55:23","slug":"dissenyem-el-logo","status":"publish","type":"post","link":"https:\/\/agora.xtec.cat\/ceiptallo\/apadrinem-el-patrimoni\/dissenyem-el-logo\/","title":{"rendered":"Dissenyem el logo"},"content":{"rendered":"<p>Els alumnes de 5\u00e8 i 6\u00e8 han participat al concurs \u201cDibuixa el teu logotip\u201d. D\u2019entre tots els logotips, se n\u2019ha escollit un que \u00e9s el que representar\u00e0 el nostre projecte i el que s\u2019enviar\u00e0 al concurs.<\/p>\n<p><a href=\"https:\/\/agora.xtec.cat\/ceiptallo\/wp-content\/uploads\/usu875\/2019\/04\/20190506_115145-1000-x-480.jpg\"><img loading=\"lazy\" decoding=\"async\" class=\"alignnone size-full wp-image-817\" src=\"https:\/\/agora.xtec.cat\/ceiptallo\/wp-content\/uploads\/usu875\/2019\/04\/20190506_115145-1000-x-480.jpg\" alt=\"\" width=\"1000\" height=\"480\" srcset=\"https:\/\/agora.xtec.cat\/ceiptallo\/wp-content\/uploads\/usu875\/2019\/04\/20190506_115145-1000-x-480.jpg 1000w, https:\/\/agora.xtec.cat\/ceiptallo\/wp-content\/uploads\/usu875\/2019\/04\/20190506_115145-1000-x-480-300x144.jpg 300w, https:\/\/agora.xtec.cat\/ceiptallo\/wp-content\/uploads\/usu875\/2019\/04\/20190506_115145-1000-x-480-768x369.jpg 768w\" sizes=\"auto, (max-width: 1000px) 100vw, 1000px\" \/><\/a><\/p>\n<p>El logo que ens representar\u00e0 \u00e9s el del Pau Baqu\u00e9 G\u00f3mez, de 5\u00e8 de prim\u00e0ria.<\/p>\n<p>El Departament d\u2019Educaci\u00f3 seleccionar\u00e0 20 logotips de tots els presentats. Els logotips seleccionats, es publicaran a la p\u00e0gina XTEC del projecte Apadrinem el nostre patrimoni <a href=\"http:\/\/xtec.gencat.cat\/ca\/projectes\/apadrinemnostrepatrimoni\/\">http:\/\/xtec.gencat.cat\/ca\/projectes\/apadrinemnostrepatrimoni\/<\/a><\/p>\n<p>&nbsp;<\/p>\n<p><a href=\"https:\/\/agora.xtec.cat\/ceiptallo\/wp-content\/uploads\/usu875\/2019\/04\/logocarnestoltesbellver-553-x-450.jpg\"><img loading=\"lazy\" decoding=\"async\" class=\"alignnone size-full wp-image-693\" src=\"https:\/\/agora.xtec.cat\/ceiptallo\/wp-content\/uploads\/usu875\/2019\/04\/logocarnestoltesbellver-553-x-450.jpg\" alt=\"\" width=\"553\" height=\"450\" srcset=\"https:\/\/agora.xtec.cat\/ceiptallo\/wp-content\/uploads\/usu875\/2019\/04\/logocarnestoltesbellver-553-x-450.jpg 553w, https:\/\/agora.xtec.cat\/ceiptallo\/wp-content\/uploads\/usu875\/2019\/04\/logocarnestoltesbellver-553-x-450-300x244.jpg 300w\" sizes=\"auto, (max-width: 553px) 100vw, 553px\" \/><\/a><\/p>\n","protected":false},"excerpt":{"rendered":"<p>Els alumnes de 5\u00e8 i 6\u00e8 han participat al concurs \u201cDibuixa el teu logotip\u201d. D\u2019entre tots els logotips, se n\u2019ha escollit un que \u00e9s el que representar\u00e0 el nostre projecte i el que s\u2019enviar\u00e0 al concurs.<br \/>\n<a href=\"https:\/\/agora.xtec.cat\/ceiptallo\/wp-content\/uploads\/usu875\/2019\/04\/20190506_115145-1000-x-480.jpg\"><\/a><br \/>\nEl logo que ens representar\u00e0 \u00e9s el del Pau&hellip;  <a href=\"https:\/\/agora.xtec.cat\/ceiptallo\/apadrinem-el-patrimoni\/dissenyem-el-logo\/\" title=\"Read Dissenyem el logo\">Llegeix m\u00e9s\u00bb<\/a><\/p>\n","protected":false},"author":1,"featured_media":693,"comment_status":"open","ping_status":"closed","sticky":false,"template":"","format":"standard","meta":{"_bbp_topic_count":0,"_bbp_reply_count":0,"_bbp_total_topic_count":0,"_bbp_total_reply_count":0,"_bbp_voice_count":0,"_bbp_anonymous_reply_count":0,"_bbp_topic_count_hidden":0,"_bbp_reply_count_hidden":0,"_bbp_forum_subforum_count":0,"footnotes":""},"categories":[47],"tags":[],"class_list":["post-680","post","type-post","status-publish","format-standard","has-post-thumbnail","hentry","category-apadrinem-el-patrimoni"],"post_mailing_queue_ids":[],"_links":{"self":[{"href":"https:\/\/agora.xtec.cat\/ceiptallo\/wp-json\/wp\/v2\/posts\/680","targetHints":{"allow":["GET"]}}],"collection":[{"href":"https:\/\/agora.xtec.cat\/ceiptallo\/wp-json\/wp\/v2\/posts"}],"about":[{"href":"https:\/\/agora.xtec.cat\/ceiptallo\/wp-json\/wp\/v2\/types\/post"}],"author":[{"embeddable":true,"href":"https:\/\/agora.xtec.cat\/ceiptallo\/wp-json\/wp\/v2\/users\/1"}],"replies":[{"embeddable":true,"href":"https:\/\/agora.xtec.cat\/ceiptallo\/wp-json\/wp\/v2\/comments?post=680"}],"version-history":[{"count":3,"href":"https:\/\/agora.xtec.cat\/ceiptallo\/wp-json\/wp\/v2\/posts\/680\/revisions"}],"predecessor-version":[{"id":818,"href":"https:\/\/agora.xtec.cat\/ceiptallo\/wp-json\/wp\/v2\/posts\/680\/revisions\/818"}],"wp:featuredmedia":[{"embeddable":true,"href":"https:\/\/agora.xtec.cat\/ceiptallo\/wp-json\/wp\/v2\/media\/693"}],"wp:attachment":[{"href":"https:\/\/agora.xtec.cat\/ceiptallo\/wp-json\/wp\/v2\/media?parent=680"}],"wp:term":[{"taxonomy":"category","embeddable":true,"href":"https:\/\/agora.xtec.cat\/ceiptallo\/wp-json\/wp\/v2\/categories?post=680"},{"taxonomy":"post_tag","embeddable":true,"href":"https:\/\/agora.xtec.cat\/ceiptallo\/wp-json\/wp\/v2\/tags?post=680"}],"curies":[{"name":"wp","href":"https:\/\/api.w.org\/{rel}","templated":true}]}}