{"id":6570,"date":"2022-02-22T09:56:22","date_gmt":"2022-02-22T08:56:22","guid":{"rendered":"https:\/\/agora.xtec.cat\/ceiptallo\/?p=6570"},"modified":"2022-03-04T09:40:32","modified_gmt":"2022-03-04T08:40:32","slug":"preinscripcio-curs-22-23-i-portes-obertes","status":"publish","type":"post","link":"https:\/\/agora.xtec.cat\/ceiptallo\/portada\/preinscripcio-curs-22-23-i-portes-obertes\/","title":{"rendered":"PREINSCRIPCI\u00d3 CURS 22-23"},"content":{"rendered":"<p>A partir del proper <strong>7 DE MAR\u00c7\u00a0<\/strong>i fins al<strong> 21 DE MAR\u00c7 <\/strong>comencen les preinscripcions a l&#8217;escola per al proper curs 2022-2023 que seran de forma TELEM\u00c0TICA com l&#8217;any passat.<\/p>\n<p>Per a fer-les heu d&#8217;entrar a la seg\u00fcent adre\u00e7a:<a href=\"http:\/\/preinscripcio.gencat.cat\/ca\/estudis\/infantil-3-6\/inici\/\"> preinscripcio.gencat.cat\/ca\/estudis\/infantil-3-6\/inici\/<\/a><\/p>\n<p>on podreu trobar informaci\u00f3 detallada per com fer tot el proc\u00e9s.<\/p>\n<p>&nbsp;<\/p>\n<p>Per poder visitar-nos cal demanar cita pr\u00e8via per tel\u00e8fon o via email.<\/p>\n<p>&nbsp;<\/p>\n<p><a href=\"https:\/\/drive.google.com\/file\/d\/1BBeNYlWC2v_v5WurPKEA1JFM2zBrPsL9\/view?usp=sharing\" target=\"_blank\" rel=\"noopener\"><img loading=\"lazy\" decoding=\"async\" class=\"alignnone wp-image-6574\" src=\"https:\/\/agora.xtec.cat\/ceiptallo\/wp-content\/uploads\/usu875\/2022\/02\/preinscripcio.jpg\" alt=\"\" width=\"412\" height=\"362\" srcset=\"https:\/\/agora.xtec.cat\/ceiptallo\/wp-content\/uploads\/usu875\/2022\/02\/preinscripcio.jpg 514w, https:\/\/agora.xtec.cat\/ceiptallo\/wp-content\/uploads\/usu875\/2022\/02\/preinscripcio-300x264.jpg 300w\" sizes=\"auto, (max-width: 412px) 100vw, 412px\" \/><\/a><\/p>\n","protected":false},"excerpt":{"rendered":"<p>A partir del proper 7 DE MAR\u00c7\u00a0i fins al 21 DE MAR\u00c7 comencen les preinscripcions a l&#8217;escola per al proper curs 2022-2023 que seran de forma TELEM\u00c0TICA com l&#8217;any passat.<\/p>\n<p>A m\u00e9s, el dimarts 1 DE MAR\u00c7 hi haur\u00e0 jornada de portes obertes a l&#8217;escola per a poder veure el nostre centre.&hellip;  <a href=\"https:\/\/agora.xtec.cat\/ceiptallo\/portada\/preinscripcio-curs-22-23-i-portes-obertes\/\" title=\"Read PREINSCRIPCI\u00d3 CURS 22-23\">Llegeix m\u00e9s\u00bb<\/a><\/p>\n","protected":false},"author":1,"featured_media":6574,"comment_status":"open","ping_status":"closed","sticky":false,"template":"","format":"standard","meta":{"_bbp_topic_count":0,"_bbp_reply_count":0,"_bbp_total_topic_count":0,"_bbp_total_reply_count":0,"_bbp_voice_count":0,"_bbp_anonymous_reply_count":0,"_bbp_topic_count_hidden":0,"_bbp_reply_count_hidden":0,"_bbp_forum_subforum_count":0,"footnotes":""},"categories":[4],"tags":[],"class_list":["post-6570","post","type-post","status-publish","format-standard","has-post-thumbnail","hentry","category-portada"],"post_mailing_queue_ids":[],"_links":{"self":[{"href":"https:\/\/agora.xtec.cat\/ceiptallo\/wp-json\/wp\/v2\/posts\/6570","targetHints":{"allow":["GET"]}}],"collection":[{"href":"https:\/\/agora.xtec.cat\/ceiptallo\/wp-json\/wp\/v2\/posts"}],"about":[{"href":"https:\/\/agora.xtec.cat\/ceiptallo\/wp-json\/wp\/v2\/types\/post"}],"author":[{"embeddable":true,"href":"https:\/\/agora.xtec.cat\/ceiptallo\/wp-json\/wp\/v2\/users\/1"}],"replies":[{"embeddable":true,"href":"https:\/\/agora.xtec.cat\/ceiptallo\/wp-json\/wp\/v2\/comments?post=6570"}],"version-history":[{"count":3,"href":"https:\/\/agora.xtec.cat\/ceiptallo\/wp-json\/wp\/v2\/posts\/6570\/revisions"}],"predecessor-version":[{"id":6803,"href":"https:\/\/agora.xtec.cat\/ceiptallo\/wp-json\/wp\/v2\/posts\/6570\/revisions\/6803"}],"wp:featuredmedia":[{"embeddable":true,"href":"https:\/\/agora.xtec.cat\/ceiptallo\/wp-json\/wp\/v2\/media\/6574"}],"wp:attachment":[{"href":"https:\/\/agora.xtec.cat\/ceiptallo\/wp-json\/wp\/v2\/media?parent=6570"}],"wp:term":[{"taxonomy":"category","embeddable":true,"href":"https:\/\/agora.xtec.cat\/ceiptallo\/wp-json\/wp\/v2\/categories?post=6570"},{"taxonomy":"post_tag","embeddable":true,"href":"https:\/\/agora.xtec.cat\/ceiptallo\/wp-json\/wp\/v2\/tags?post=6570"}],"curies":[{"name":"wp","href":"https:\/\/api.w.org\/{rel}","templated":true}]}}