{"id":6522,"date":"2022-02-11T09:52:43","date_gmt":"2022-02-11T08:52:43","guid":{"rendered":"https:\/\/agora.xtec.cat\/ceiptallo\/?p=6522"},"modified":"2022-02-11T09:52:43","modified_gmt":"2022-02-11T08:52:43","slug":"setmana-cultural-i-carnestoltes","status":"publish","type":"post","link":"https:\/\/agora.xtec.cat\/ceiptallo\/general\/setmana-cultural-i-carnestoltes\/","title":{"rendered":"SETMANA CULTURAL I CARNESTOLTES"},"content":{"rendered":"<p>Aquest any la setmana cultural de l&#8217;escola, que la celebrarem del 14 al 24 de febrer, estar\u00e0 ambientada en el <strong>V\u00e8 Centenari de la Volta al M\u00f3n<\/strong> enlla\u00e7ant-la amb els projectes dels noms de les aules que vam comen\u00e7ar a principis de curs.<\/p>\n<p>Al llarg de la setmana farem tallers, danses, manualitats, receptes de cuina, lectures, recerques d&#8217;informaci\u00f3&#8230; i cada dia ser\u00e0 sobre un continent diferent.<\/p>\n<p>I, per tancar la Setmana Cultural, <strong>el 24 de febrer celebrarem el Carnestoltes<\/strong> sortint a demanar la Rostita pels establiments del poble tot fent una Rua com es tradici\u00f3.<\/p>\n<p>A la tarda farem les danses de diferents continents que haurem apr\u00e8s al llarg de la Setmana Cultural a trav\u00e9s del projecte &#8220;Danses a l&#8217;escola&#8221; del Consell Comarcal que realitza la S\u00edlvia Cass\u00fa.\u00a0 Despr\u00e9s farem un tastet amb el que haurem recollit durant la Rostita al pati de l&#8217;escola. Aquest acte estar\u00e0 obert a totes les fam\u00edlies que vulguin venir!<\/p>\n<p>Us deixem les ordres del Rei Carnestoltes d&#8217;enguany i el cartell de la Festa.<\/p>\n<p>&nbsp;<\/p>\n<p><a href=\"https:\/\/drive.google.com\/file\/d\/1fqpkDHD91oZAPIiWHVbUQWRzuaA1pPPG\/view?usp=sharing\"><img loading=\"lazy\" decoding=\"async\" class=\"alignnone wp-image-6540\" src=\"https:\/\/agora.xtec.cat\/ceiptallo\/wp-content\/uploads\/usu875\/2022\/02\/ORDRES.jpg\" alt=\"\" width=\"291\" height=\"409\" srcset=\"https:\/\/agora.xtec.cat\/ceiptallo\/wp-content\/uploads\/usu875\/2022\/02\/ORDRES.jpg 400w, https:\/\/agora.xtec.cat\/ceiptallo\/wp-content\/uploads\/usu875\/2022\/02\/ORDRES-214x300.jpg 214w\" sizes=\"auto, (max-width: 291px) 100vw, 291px\" \/><\/a> \u00a0 \u00a0 \u00a0 \u00a0 \u00a0 \u00a0 \u00a0 \u00a0 \u00a0 \u00a0<a href=\"https:\/\/drive.google.com\/file\/d\/16cjXgcOjmmKjFRyAwIDBwx2hRZc_6ZDI\/view?usp=sharing\"><img loading=\"lazy\" decoding=\"async\" class=\"alignnone wp-image-6541\" src=\"https:\/\/agora.xtec.cat\/ceiptallo\/wp-content\/uploads\/usu875\/2022\/02\/FESTA.jpg\" alt=\"\" width=\"291\" height=\"408\" srcset=\"https:\/\/agora.xtec.cat\/ceiptallo\/wp-content\/uploads\/usu875\/2022\/02\/FESTA.jpg 601w, https:\/\/agora.xtec.cat\/ceiptallo\/wp-content\/uploads\/usu875\/2022\/02\/FESTA-214x300.jpg 214w\" sizes=\"auto, (max-width: 291px) 100vw, 291px\" \/><\/a><\/p>\n<p style=\"text-align: center;\">(Cartells elaborats pels alumnes de 3r)<\/p>\n","protected":false},"excerpt":{"rendered":"<p>Aquest any la setmana cultural de l&#8217;escola, que la celebrarem del 14 al 24 de febrer, estar\u00e0 ambientada en el V\u00e8 Centenari de la Volta al M\u00f3n enlla\u00e7ant-la amb els projectes dels noms de les aules que vam comen\u00e7ar a principis de curs.&hellip;  <a href=\"https:\/\/agora.xtec.cat\/ceiptallo\/general\/setmana-cultural-i-carnestoltes\/\" title=\"Read SETMANA CULTURAL I CARNESTOLTES\">Llegeix m\u00e9s\u00bb<\/a><\/p>\n","protected":false},"author":4,"featured_media":6541,"comment_status":"open","ping_status":"closed","sticky":false,"template":"","format":"standard","meta":{"_bbp_topic_count":0,"_bbp_reply_count":0,"_bbp_total_topic_count":0,"_bbp_total_reply_count":0,"_bbp_voice_count":0,"_bbp_anonymous_reply_count":0,"_bbp_topic_count_hidden":0,"_bbp_reply_count_hidden":0,"_bbp_forum_subforum_count":0,"footnotes":""},"categories":[46,1,4],"tags":[],"class_list":["post-6522","post","type-post","status-publish","format-standard","has-post-thumbnail","hentry","category-festes","category-general","category-portada"],"post_mailing_queue_ids":[],"_links":{"self":[{"href":"https:\/\/agora.xtec.cat\/ceiptallo\/wp-json\/wp\/v2\/posts\/6522","targetHints":{"allow":["GET"]}}],"collection":[{"href":"https:\/\/agora.xtec.cat\/ceiptallo\/wp-json\/wp\/v2\/posts"}],"about":[{"href":"https:\/\/agora.xtec.cat\/ceiptallo\/wp-json\/wp\/v2\/types\/post"}],"author":[{"embeddable":true,"href":"https:\/\/agora.xtec.cat\/ceiptallo\/wp-json\/wp\/v2\/users\/4"}],"replies":[{"embeddable":true,"href":"https:\/\/agora.xtec.cat\/ceiptallo\/wp-json\/wp\/v2\/comments?post=6522"}],"version-history":[{"count":3,"href":"https:\/\/agora.xtec.cat\/ceiptallo\/wp-json\/wp\/v2\/posts\/6522\/revisions"}],"predecessor-version":[{"id":6543,"href":"https:\/\/agora.xtec.cat\/ceiptallo\/wp-json\/wp\/v2\/posts\/6522\/revisions\/6543"}],"wp:featuredmedia":[{"embeddable":true,"href":"https:\/\/agora.xtec.cat\/ceiptallo\/wp-json\/wp\/v2\/media\/6541"}],"wp:attachment":[{"href":"https:\/\/agora.xtec.cat\/ceiptallo\/wp-json\/wp\/v2\/media?parent=6522"}],"wp:term":[{"taxonomy":"category","embeddable":true,"href":"https:\/\/agora.xtec.cat\/ceiptallo\/wp-json\/wp\/v2\/categories?post=6522"},{"taxonomy":"post_tag","embeddable":true,"href":"https:\/\/agora.xtec.cat\/ceiptallo\/wp-json\/wp\/v2\/tags?post=6522"}],"curies":[{"name":"wp","href":"https:\/\/api.w.org\/{rel}","templated":true}]}}