{"id":6488,"date":"2022-02-03T14:07:36","date_gmt":"2022-02-03T13:07:36","guid":{"rendered":"https:\/\/agora.xtec.cat\/ceiptallo\/?p=6488"},"modified":"2022-02-03T14:10:17","modified_gmt":"2022-02-03T13:10:17","slug":"30-de-gener-dia-escolar-de-la-no-violencia-i-la-pau-denip","status":"publish","type":"post","link":"https:\/\/agora.xtec.cat\/ceiptallo\/general\/30-de-gener-dia-escolar-de-la-no-violencia-i-la-pau-denip\/","title":{"rendered":"30 DE GENER- DIA ESCOLAR DE LA NO-VIOL\u00c8NCIA I LA PAU (DENIP)"},"content":{"rendered":"<p>DIA ESCOLAR DE LA NO-VIOL\u00c8NCIA I LA PAU (DENIP)<\/p>\n<p>El 30 de gener, coincidint amb l&#8217;aniversari de la mort de Mahatma Gandhi, se celebra el dia escolar de la no viol\u00e8ncia i la pau.<\/p>\n<p>El DENIP reivindica una educaci\u00f3 per la pau, la toler\u00e0ncia, la solidaritat i el respecte als drets humans. En aquest dia, els centres educatius es comprometen com a defensors de la pau i la conviv\u00e8ncia entre persones de diferent proced\u00e8ncia i maneres de pensar.<\/p>\n<p>En els darrers temps, l&#8217;educaci\u00f3 per la pau s&#8217;ha anat centrant en la resoluci\u00f3 no violenta dels conflictes tenint en compte la perspectiva positiva del conflicte, la seva complexitat i la manera de trobar-hi solucions no violentes. L\u2019estrat\u00e8gia tradicional de resoluci\u00f3 de conflictes es basava en el tot o res i en la confrontaci\u00f3, on els guanys d&#8217;una part s\u00f3n les p\u00e8rdues de l&#8217;altra, i viceversa. Tanmateix, s&#8217;ha demostrat que \u00e9s possible abordar les situacions problem\u00e0tiques amb una estrat\u00e8gia integrativa. <\/p>\n<p>Alicia Baena<\/p>\n","protected":false},"excerpt":{"rendered":"<p>DIA ESCOLAR DE LA NO-VIOL\u00c8NCIA I LA PAU (DENIP)<br \/>\nEl 30 de gener, coincidint amb l&#8217;aniversari de la mort de Mahatma Gandhi, se celebra el dia escolar de la no viol\u00e8ncia i la pau.<br \/>\nEl DENIP reivindica una educaci\u00f3 per la pau, la toler\u00e0ncia, la solidaritat i&hellip;  <a href=\"https:\/\/agora.xtec.cat\/ceiptallo\/general\/30-de-gener-dia-escolar-de-la-no-violencia-i-la-pau-denip\/\" title=\"Read 30 DE GENER- DIA ESCOLAR DE LA NO-VIOL\u00c8NCIA I LA PAU (DENIP)\">Llegeix m\u00e9s\u00bb<\/a><\/p>\n","protected":false},"author":4,"featured_media":6489,"comment_status":"open","ping_status":"closed","sticky":false,"template":"","format":"standard","meta":{"_bbp_topic_count":0,"_bbp_reply_count":0,"_bbp_total_topic_count":0,"_bbp_total_reply_count":0,"_bbp_voice_count":0,"_bbp_anonymous_reply_count":0,"_bbp_topic_count_hidden":0,"_bbp_reply_count_hidden":0,"_bbp_forum_subforum_count":0,"footnotes":""},"categories":[1,4],"tags":[],"class_list":["post-6488","post","type-post","status-publish","format-standard","has-post-thumbnail","hentry","category-general","category-portada"],"post_mailing_queue_ids":[],"_links":{"self":[{"href":"https:\/\/agora.xtec.cat\/ceiptallo\/wp-json\/wp\/v2\/posts\/6488","targetHints":{"allow":["GET"]}}],"collection":[{"href":"https:\/\/agora.xtec.cat\/ceiptallo\/wp-json\/wp\/v2\/posts"}],"about":[{"href":"https:\/\/agora.xtec.cat\/ceiptallo\/wp-json\/wp\/v2\/types\/post"}],"author":[{"embeddable":true,"href":"https:\/\/agora.xtec.cat\/ceiptallo\/wp-json\/wp\/v2\/users\/4"}],"replies":[{"embeddable":true,"href":"https:\/\/agora.xtec.cat\/ceiptallo\/wp-json\/wp\/v2\/comments?post=6488"}],"version-history":[{"count":1,"href":"https:\/\/agora.xtec.cat\/ceiptallo\/wp-json\/wp\/v2\/posts\/6488\/revisions"}],"predecessor-version":[{"id":6490,"href":"https:\/\/agora.xtec.cat\/ceiptallo\/wp-json\/wp\/v2\/posts\/6488\/revisions\/6490"}],"wp:featuredmedia":[{"embeddable":true,"href":"https:\/\/agora.xtec.cat\/ceiptallo\/wp-json\/wp\/v2\/media\/6489"}],"wp:attachment":[{"href":"https:\/\/agora.xtec.cat\/ceiptallo\/wp-json\/wp\/v2\/media?parent=6488"}],"wp:term":[{"taxonomy":"category","embeddable":true,"href":"https:\/\/agora.xtec.cat\/ceiptallo\/wp-json\/wp\/v2\/categories?post=6488"},{"taxonomy":"post_tag","embeddable":true,"href":"https:\/\/agora.xtec.cat\/ceiptallo\/wp-json\/wp\/v2\/tags?post=6488"}],"curies":[{"name":"wp","href":"https:\/\/api.w.org\/{rel}","templated":true}]}}