{"id":6322,"date":"2021-12-21T11:56:31","date_gmt":"2021-12-21T10:56:31","guid":{"rendered":"https:\/\/agora.xtec.cat\/ceiptallo\/?p=6322"},"modified":"2021-12-21T11:56:31","modified_gmt":"2021-12-21T10:56:31","slug":"els-alumnes-de-religio-us-desitgem-un-bon-nadal","status":"publish","type":"post","link":"https:\/\/agora.xtec.cat\/ceiptallo\/portada\/els-alumnes-de-religio-us-desitgem-un-bon-nadal\/","title":{"rendered":"Els alumnes de religi\u00f3 us desitgem un Bon Nadal!"},"content":{"rendered":"<p>Des de l&#8217;aula de religi\u00f3 us volem desitjar els alumnes i jo mateixa un bon Nadal.<\/p>\n<p><a href=\"https:\/\/agora.xtec.cat\/ceiptallo\/wp-content\/uploads\/usu875\/2021\/12\/pesebre-1048.jpg\"><img loading=\"lazy\" decoding=\"async\" class=\"alignnone size-large wp-image-6323\" src=\"https:\/\/agora.xtec.cat\/ceiptallo\/wp-content\/uploads\/usu875\/2021\/12\/pesebre-1048-1024x720.jpg\" alt=\"\" width=\"1024\" height=\"720\" srcset=\"https:\/\/agora.xtec.cat\/ceiptallo\/wp-content\/uploads\/usu875\/2021\/12\/pesebre-1048-1024x720.jpg 1024w, https:\/\/agora.xtec.cat\/ceiptallo\/wp-content\/uploads\/usu875\/2021\/12\/pesebre-1048-300x211.jpg 300w, https:\/\/agora.xtec.cat\/ceiptallo\/wp-content\/uploads\/usu875\/2021\/12\/pesebre-1048-768x540.jpg 768w, https:\/\/agora.xtec.cat\/ceiptallo\/wp-content\/uploads\/usu875\/2021\/12\/pesebre-1048.jpg 1048w\" sizes=\"auto, (max-width: 1024px) 100vw, 1024px\" \/><\/a>Gaudiu de la fam\u00edlia i dels amics, acaroneu els vostres fills, ells s\u00f3n el tresor m\u00e9s preuat que tenim.<\/p>\n<p>Una abra\u00e7ada ben i ben gran.<\/p>\n<p>Bon Nadal<\/p>\n<p>Al\u00edcia Baena<\/p>\n","protected":false},"excerpt":{"rendered":"<p>Des de l&#8217;aula de religi\u00f3 us volem desitjar els alumnes i jo mateixa un bon Nadal.<br \/>\n<a href=\"https:\/\/agora.xtec.cat\/ceiptallo\/wp-content\/uploads\/usu875\/2021\/12\/pesebre-1048.jpg\"><\/a>Gaudiu de la fam\u00edlia i dels amics, acaroneu els vostres fills, ells s\u00f3n el tresor m\u00e9s preuat que tenim.<br \/>\nUna abra\u00e7ada ben i ben gran.<br \/>\nBon Nadal<br \/>\nAl\u00edcia Baena<\/p>\n","protected":false},"author":4,"featured_media":5968,"comment_status":"open","ping_status":"closed","sticky":false,"template":"","format":"standard","meta":{"_bbp_topic_count":0,"_bbp_reply_count":0,"_bbp_total_topic_count":0,"_bbp_total_reply_count":0,"_bbp_voice_count":0,"_bbp_anonymous_reply_count":0,"_bbp_topic_count_hidden":0,"_bbp_reply_count_hidden":0,"_bbp_forum_subforum_count":0,"footnotes":""},"categories":[4],"tags":[],"class_list":["post-6322","post","type-post","status-publish","format-standard","has-post-thumbnail","hentry","category-portada"],"post_mailing_queue_ids":[],"_links":{"self":[{"href":"https:\/\/agora.xtec.cat\/ceiptallo\/wp-json\/wp\/v2\/posts\/6322","targetHints":{"allow":["GET"]}}],"collection":[{"href":"https:\/\/agora.xtec.cat\/ceiptallo\/wp-json\/wp\/v2\/posts"}],"about":[{"href":"https:\/\/agora.xtec.cat\/ceiptallo\/wp-json\/wp\/v2\/types\/post"}],"author":[{"embeddable":true,"href":"https:\/\/agora.xtec.cat\/ceiptallo\/wp-json\/wp\/v2\/users\/4"}],"replies":[{"embeddable":true,"href":"https:\/\/agora.xtec.cat\/ceiptallo\/wp-json\/wp\/v2\/comments?post=6322"}],"version-history":[{"count":1,"href":"https:\/\/agora.xtec.cat\/ceiptallo\/wp-json\/wp\/v2\/posts\/6322\/revisions"}],"predecessor-version":[{"id":6324,"href":"https:\/\/agora.xtec.cat\/ceiptallo\/wp-json\/wp\/v2\/posts\/6322\/revisions\/6324"}],"wp:featuredmedia":[{"embeddable":true,"href":"https:\/\/agora.xtec.cat\/ceiptallo\/wp-json\/wp\/v2\/media\/5968"}],"wp:attachment":[{"href":"https:\/\/agora.xtec.cat\/ceiptallo\/wp-json\/wp\/v2\/media?parent=6322"}],"wp:term":[{"taxonomy":"category","embeddable":true,"href":"https:\/\/agora.xtec.cat\/ceiptallo\/wp-json\/wp\/v2\/categories?post=6322"},{"taxonomy":"post_tag","embeddable":true,"href":"https:\/\/agora.xtec.cat\/ceiptallo\/wp-json\/wp\/v2\/tags?post=6322"}],"curies":[{"name":"wp","href":"https:\/\/api.w.org\/{rel}","templated":true}]}}