{"id":609,"date":"2019-03-11T12:54:33","date_gmt":"2019-03-11T11:54:33","guid":{"rendered":"http:\/\/agora.xtec.cat\/ceiptallo\/?p=609"},"modified":"2021-05-14T13:40:40","modified_gmt":"2021-05-14T11:40:40","slug":"cremem-el-carnestoltes","status":"publish","type":"post","link":"https:\/\/agora.xtec.cat\/ceiptallo\/general\/cremem-el-carnestoltes\/","title":{"rendered":"Cremem el carnestoltes!"},"content":{"rendered":"<p>El dimecres de cendra els nens\/es de l\u2019escola van cremar sa Majestat el rei Carnestoltes. Abans d\u2019acomiadar-lo, els alumnes de 6\u00e8 van llegir el seu testament, en el qual tot el personal de l\u2019escola va obtenir el seu llegat. Des d\u2019un viatge a l\u2019\u00cdndia a conills, drons, magranes, etc. Va ser molt espl\u00e8ndid!<\/p>\n<p>Un cop cremat, els alumnes de 4t, 5\u00e8 i 6\u00e8 van saltar per damunt les seves cendres. Vam finalitzar la festa amb un berenar.<\/p>\n\r\n\t<div class=\"slideshow_container slideshow_container_style-light\" style=\"height: 300px; \" data-slideshow-id=\"611\" data-style-name=\"style-light\" data-style-version=\"2.3.1\" >\r\n\r\n\t\t\t\t\t<div class=\"slideshow_loading_icon\"><\/div>\r\n\t\t\r\n\t\t<div class=\"slideshow_content\" style=\"display: none;\">\r\n\r\n\t\t\t<div class=\"slideshow_view\">\r\n\t\t\t\t<div class=\"slideshow_slide slideshow_slide_image\">\r\n\t\t\t\t\t\t\t\t\t\t\t<img src=\"https:\/\/agora.xtec.cat\/ceiptallo\/wp-content\/uploads\/usu875\/2019\/03\/20190306_161236.jpg\" alt=\"20190306_161236\" width=\"1010\" height=\"758\" \/>\r\n\t\t\t\t\t\t\t\t\t\t<div class=\"slideshow_description_box slideshow_transparent\">\r\n\t\t\t\t\t\t<div class=\"slideshow_title\">20190306_161236<\/div>\t\t\t\t\t\t\t\t\t\t\t<\/div>\r\n\t\t\t\t<\/div>\r\n\r\n\t\t\t\t\t\t<div style=\"clear: both;\"><\/div><\/div><div class=\"slideshow_view\">\r\n\t\t\t\t<div class=\"slideshow_slide slideshow_slide_image\">\r\n\t\t\t\t\t\t\t\t\t\t\t<img src=\"https:\/\/agora.xtec.cat\/ceiptallo\/wp-content\/uploads\/usu875\/2019\/03\/20190306_161222.jpg\" alt=\"20190306_161222\" width=\"1010\" height=\"758\" \/>\r\n\t\t\t\t\t\t\t\t\t\t<div class=\"slideshow_description_box slideshow_transparent\">\r\n\t\t\t\t\t\t<div class=\"slideshow_title\">20190306_161222<\/div>\t\t\t\t\t\t\t\t\t\t\t<\/div>\r\n\t\t\t\t<\/div>\r\n\r\n\t\t\t\t\t\t<div style=\"clear: both;\"><\/div><\/div><div class=\"slideshow_view\">\r\n\t\t\t\t<div class=\"slideshow_slide slideshow_slide_image\">\r\n\t\t\t\t\t\t\t\t\t\t\t<img src=\"https:\/\/agora.xtec.cat\/ceiptallo\/wp-content\/uploads\/usu875\/2019\/03\/20190306_161152.jpg\" alt=\"20190306_161152\" width=\"1010\" height=\"758\" \/>\r\n\t\t\t\t\t\t\t\t\t\t<div class=\"slideshow_description_box slideshow_transparent\">\r\n\t\t\t\t\t\t<div class=\"slideshow_title\">20190306_161152<\/div>\t\t\t\t\t\t\t\t\t\t\t<\/div>\r\n\t\t\t\t<\/div>\r\n\r\n\t\t\t\t\t\t<div style=\"clear: both;\"><\/div><\/div><div class=\"slideshow_view\">\r\n\t\t\t\t<div class=\"slideshow_slide slideshow_slide_image\">\r\n\t\t\t\t\t\t\t\t\t\t\t<img src=\"https:\/\/agora.xtec.cat\/ceiptallo\/wp-content\/uploads\/usu875\/2019\/03\/20190306_161120.jpg\" alt=\"20190306_161120\" width=\"1010\" height=\"758\" \/>\r\n\t\t\t\t\t\t\t\t\t\t<div class=\"slideshow_description_box slideshow_transparent\">\r\n\t\t\t\t\t\t<div class=\"slideshow_title\">20190306_161120<\/div>\t\t\t\t\t\t\t\t\t\t\t<\/div>\r\n\t\t\t\t<\/div>\r\n\r\n\t\t\t\t\t\t<div style=\"clear: both;\"><\/div><\/div><div class=\"slideshow_view\">\r\n\t\t\t\t<div class=\"slideshow_slide slideshow_slide_image\">\r\n\t\t\t\t\t\t\t\t\t\t\t<img src=\"https:\/\/agora.xtec.cat\/ceiptallo\/wp-content\/uploads\/usu875\/2019\/03\/20190306_160603.jpg\" alt=\"20190306_160603\" width=\"1010\" height=\"758\" \/>\r\n\t\t\t\t\t\t\t\t\t\t<div class=\"slideshow_description_box slideshow_transparent\">\r\n\t\t\t\t\t\t<div class=\"slideshow_title\">20190306_160603<\/div>\t\t\t\t\t\t\t\t\t\t\t<\/div>\r\n\t\t\t\t<\/div>\r\n\r\n\t\t\t\t\t\t<div style=\"clear: both;\"><\/div><\/div><div class=\"slideshow_view\">\r\n\t\t\t\t<div class=\"slideshow_slide slideshow_slide_image\">\r\n\t\t\t\t\t\t\t\t\t\t\t<img src=\"https:\/\/agora.xtec.cat\/ceiptallo\/wp-content\/uploads\/usu875\/2019\/03\/20190306_160001.jpg\" alt=\"20190306_160001\" width=\"1010\" height=\"758\" \/>\r\n\t\t\t\t\t\t\t\t\t\t<div class=\"slideshow_description_box slideshow_transparent\">\r\n\t\t\t\t\t\t<div class=\"slideshow_title\">20190306_160001<\/div>\t\t\t\t\t\t\t\t\t\t\t<\/div>\r\n\t\t\t\t<\/div>\r\n\r\n\t\t\t\t\t\t<div style=\"clear: both;\"><\/div><\/div><div class=\"slideshow_view\">\r\n\t\t\t\t<div class=\"slideshow_slide slideshow_slide_image\">\r\n\t\t\t\t\t\t\t\t\t\t\t<img src=\"https:\/\/agora.xtec.cat\/ceiptallo\/wp-content\/uploads\/usu875\/2019\/03\/20190306_155945.jpg\" alt=\"20190306_155945\" width=\"1010\" height=\"758\" \/>\r\n\t\t\t\t\t\t\t\t\t\t<div class=\"slideshow_description_box slideshow_transparent\">\r\n\t\t\t\t\t\t<div class=\"slideshow_title\">20190306_155945<\/div>\t\t\t\t\t\t\t\t\t\t\t<\/div>\r\n\t\t\t\t<\/div>\r\n\r\n\t\t\t\t\t\t<div style=\"clear: both;\"><\/div><\/div><div class=\"slideshow_view\">\r\n\t\t\t\t<div class=\"slideshow_slide slideshow_slide_image\">\r\n\t\t\t\t\t\t\t\t\t\t\t<img src=\"https:\/\/agora.xtec.cat\/ceiptallo\/wp-content\/uploads\/usu875\/2019\/03\/20190306_155657.jpg\" alt=\"20190306_155657\" width=\"1010\" height=\"758\" \/>\r\n\t\t\t\t\t\t\t\t\t\t<div class=\"slideshow_description_box slideshow_transparent\">\r\n\t\t\t\t\t\t<div class=\"slideshow_title\">20190306_155657<\/div>\t\t\t\t\t\t\t\t\t\t\t<\/div>\r\n\t\t\t\t<\/div>\r\n\r\n\t\t\t\t\t\t<div style=\"clear: both;\"><\/div><\/div><div class=\"slideshow_view\">\r\n\t\t\t\t<div class=\"slideshow_slide slideshow_slide_image\">\r\n\t\t\t\t\t\t\t\t\t\t\t<img src=\"https:\/\/agora.xtec.cat\/ceiptallo\/wp-content\/uploads\/usu875\/2019\/03\/20190306_155103.jpg\" alt=\"20190306_155103\" width=\"1010\" height=\"758\" \/>\r\n\t\t\t\t\t\t\t\t\t\t<div class=\"slideshow_description_box slideshow_transparent\">\r\n\t\t\t\t\t\t<div class=\"slideshow_title\">20190306_155103<\/div>\t\t\t\t\t\t\t\t\t\t\t<\/div>\r\n\t\t\t\t<\/div>\r\n\r\n\t\t\t\t\t\t<div style=\"clear: both;\"><\/div><\/div>\r\n\t\t<\/div>\r\n\r\n\t\t<div class=\"slideshow_controlPanel slideshow_transparent\" style=\"display: none;\"><ul><li class=\"slideshow_togglePlay\" data-play-text=\"Visualitza\" data-pause-text=\"Pausa\"><\/li><\/ul><\/div>\r\n\r\n\t\t<div class=\"slideshow_button slideshow_previous slideshow_transparent\" role=\"button\" data-previous-text=\"Anterior\" style=\"display: none;\"><\/div>\r\n\t\t<div class=\"slideshow_button slideshow_next slideshow_transparent\" role=\"button\" data-next-text=\"Seg\u00fcent\" style=\"display: none;\"><\/div>\r\n\r\n\t\t<div class=\"slideshow_pagination\" style=\"display: none;\" data-go-to-text=\"V\u00e9s a la diapositiva\"><div class=\"slideshow_pagination_center\"><\/div><\/div>\r\n\r\n\t\t<!-- WordPress Slideshow Version 2.3.1 -->\r\n\r\n\t\t\t<\/div>\r\n\r\n\n<p>Si voleu veure m\u00e9s fotos cliqueu <a href=\"https:\/\/photos.app.goo.gl\/gr4sDaVh5iDQ7Afz7\" target=\"_blank\" rel=\"noopener noreferrer\">AQU\u00cd<\/a><\/p>\n<p>&nbsp;<\/p>\n<h1><span style=\"color: #008000;\">Testament carnestoltes<\/span><\/h1>\n<blockquote><p>\u00a0Ara, me n\u00b4he d\u00b4anar<\/p>\n<p>Per\u00f2 abans m\u00b4haureu d\u00b4escoltar!<\/p>\n<p>Us deixo el meu testament,<\/p>\n<p>el del rei Carnestoltes, ja sabeu: el rei dels poca-soltes!<\/p>\n<p>&nbsp;<\/p>\n<p>Per aix\u00f2, ara que em cremaran,<\/p>\n<p>llegirem el testament.<\/p>\n<p>I vosaltres que esteu mirant,<\/p>\n<p>escolteu atentament!<\/p>\n<p>&nbsp;<\/p>\n<p>P3: Pels \u00a0unicorns\u00a0 de p3 un viatge cap a l\u2019est.<\/p>\n<p>P4: Pels nens\/es de p4 una magrana per cada quatre.<\/p>\n<p>P5: Per p5 una rosa i un conill.<\/p>\n<p>1r: Per primer un pa de fetge per qui es porti b\u00e9.<\/p>\n<p>2n: Per cadasc\u00fa de segon un dron.<\/p>\n<p>3r: Pels \u00a0reporters de tercer un viatge amb creuer.<\/p>\n<p>4t: Pels de quart una moto i un quad.<\/p>\n<p>5\u00e8: Pels de cinqu\u00e8 unes patates braves i que tirin que ja van b\u00e9.<\/p>\n<p>6\u00e8: Quan vagi a sis\u00e8 a les coves del drac anir\u00e9 i a l\u2019estranger cantar\u00e9.<\/p>\n<p>&nbsp;<\/p>\n<p>Mestres:<\/p>\n<p>Per la Laia una bona papaia.<\/p>\n<p>Per l\u00b4Eli , una tarda amb l\u00b4espingueri.<\/p>\n<p>Per l\u00b4Aida, una bona ensa\u00efmada.<\/p>\n<p>Per la S\u00edlvia un viatge a l\u2019\u00cdndia.<\/p>\n<p>Pel Jordi de segon, moltes caixes de bombons.<\/p>\n<p>Pel Xavi un viatge al Cant\u00e0bric.<\/p>\n<p>Per la Mireia una bona paella.<\/p>\n<p>Per la Judith un cap de setmana a Cunit.<\/p>\n<p>Per la Laura, la nostra tutora, un sopar a Can Ridaura.<\/p>\n<p>Per la Violant que\u00a0 passi l\u00b4estiu cantant.<\/p>\n<p>Per l\u00b4Helena una feli\u00e7 estada amb lluna plena.<\/p>\n<p>Per L\u00b4Esther, una baixada pel riu Ter.<\/p>\n<p>Per la Cl\u00e0udia d\u00b4angl\u00e8s, una tarda al Corte Ingl\u00e9s.<\/p>\n<p>Per la Ver\u00f2nica de franc\u00e8s, una estada a una casa de pag\u00e8s.<\/p>\n<p>Per la Marga una llimona amarga.<\/p>\n<p>Per les del menjador un bomb\u00f3.<\/p>\n<p>Per la directora de Mare de D\u00e9u de Tall\u00f3, un val per Llo.<\/p>\n<p>Per la Martita, la nostra administrativa, una bona primitiva.<\/p>\n<p>&nbsp;<\/p>\n<p>Fins aqu\u00ed la lectura del testament,<\/p>\n<p>Suposo que us ha agradat,<\/p>\n<p>I ja s\u00b4ha acabat!<\/p><\/blockquote>\n","protected":false},"excerpt":{"rendered":"<p>El dimecres de cendra els nens\/es de l\u2019escola van cremar sa Majestat el rei Carnestoltes&hellip;  <a href=\"https:\/\/agora.xtec.cat\/ceiptallo\/general\/cremem-el-carnestoltes\/\" title=\"Read Cremem el carnestoltes!\">Llegeix m\u00e9s\u00bb<\/a><\/p>\n","protected":false},"author":1,"featured_media":616,"comment_status":"open","ping_status":"closed","sticky":false,"template":"","format":"standard","meta":{"_bbp_topic_count":0,"_bbp_reply_count":0,"_bbp_total_topic_count":0,"_bbp_total_reply_count":0,"_bbp_voice_count":0,"_bbp_anonymous_reply_count":0,"_bbp_topic_count_hidden":0,"_bbp_reply_count_hidden":0,"_bbp_forum_subforum_count":0,"footnotes":""},"categories":[47,46,1,4],"tags":[],"class_list":["post-609","post","type-post","status-publish","format-standard","has-post-thumbnail","hentry","category-apadrinem-el-patrimoni","category-festes","category-general","category-portada"],"post_mailing_queue_ids":[],"_links":{"self":[{"href":"https:\/\/agora.xtec.cat\/ceiptallo\/wp-json\/wp\/v2\/posts\/609","targetHints":{"allow":["GET"]}}],"collection":[{"href":"https:\/\/agora.xtec.cat\/ceiptallo\/wp-json\/wp\/v2\/posts"}],"about":[{"href":"https:\/\/agora.xtec.cat\/ceiptallo\/wp-json\/wp\/v2\/types\/post"}],"author":[{"embeddable":true,"href":"https:\/\/agora.xtec.cat\/ceiptallo\/wp-json\/wp\/v2\/users\/1"}],"replies":[{"embeddable":true,"href":"https:\/\/agora.xtec.cat\/ceiptallo\/wp-json\/wp\/v2\/comments?post=609"}],"version-history":[{"count":3,"href":"https:\/\/agora.xtec.cat\/ceiptallo\/wp-json\/wp\/v2\/posts\/609\/revisions"}],"predecessor-version":[{"id":5012,"href":"https:\/\/agora.xtec.cat\/ceiptallo\/wp-json\/wp\/v2\/posts\/609\/revisions\/5012"}],"wp:featuredmedia":[{"embeddable":true,"href":"https:\/\/agora.xtec.cat\/ceiptallo\/wp-json\/wp\/v2\/media\/616"}],"wp:attachment":[{"href":"https:\/\/agora.xtec.cat\/ceiptallo\/wp-json\/wp\/v2\/media?parent=609"}],"wp:term":[{"taxonomy":"category","embeddable":true,"href":"https:\/\/agora.xtec.cat\/ceiptallo\/wp-json\/wp\/v2\/categories?post=609"},{"taxonomy":"post_tag","embeddable":true,"href":"https:\/\/agora.xtec.cat\/ceiptallo\/wp-json\/wp\/v2\/tags?post=609"}],"curies":[{"name":"wp","href":"https:\/\/api.w.org\/{rel}","templated":true}]}}