{"id":6053,"date":"2021-11-21T13:54:59","date_gmt":"2021-11-21T12:54:59","guid":{"rendered":"https:\/\/agora.xtec.cat\/ceiptallo\/?p=6053"},"modified":"2021-12-15T09:50:53","modified_gmt":"2021-12-15T08:50:53","slug":"eleccions-al-consell-escolar","status":"publish","type":"post","link":"https:\/\/agora.xtec.cat\/ceiptallo\/general\/eleccions-al-consell-escolar\/","title":{"rendered":"Eleccions al Consell Escolar"},"content":{"rendered":"<div>\n<p>El C<span class=\"il\">onsell<\/span> Escolar \u00e9s l&#8217;\u00f2rgan de govern del centre on hi participen representants de pares\/mares, AFA, PAS, Ajuntament, equip directiu i claustre de mestres. En aquest es prenen decisions que afecten a l\u2019organitzaci\u00f3, el funcionament, la conviv\u00e8ncia, la gesti\u00f3 econ\u00f2mica, etc del centre.<\/p>\n<p>Enguany toca renovar part dels representants. Com que en els sector de pares i mares no s&#8217;ha presentat cap candidatura, tots\/es paseu a ser candidats electes.<\/p>\n<\/div>\n<div>\n<div><\/div>\n<div>Us demanem que us animeu a votar!!!!<\/div>\n<\/div>\n<div><\/div>\n<div><\/div>\n<div>\n<h6 class=\"basic_title col-sm-12 pd-10\"><strong><span style=\"color: #339966;\">Per qu\u00e8 \u00e9s important que les fam\u00edlies participem en les eleccions al consell escolar?<\/span><\/strong><\/h6>\n<p>&nbsp;<\/p>\n<p><span style=\"font-family: inherit; font-size: 1em;\">L&#8217;equip de professionals dels centres i les fam\u00edlies compartim un objectiu: l&#8217;\u00e8xit social i personal dels fills i de les filles. Les decisions que es prenen al consell escolar s\u00f3n clau per al funcionament i la millora del centre i, per tant, tamb\u00e9 per a l&#8217;\u00e8xit educatiu de tot l&#8217;alumnat. \u00c9s per aquest motiu que la participaci\u00f3 i implicaci\u00f3 dels pares i mares en les eleccions al consell escolar \u00e9s tan important.<\/span><\/p>\n<div class=\"col-sm-8 columna_esquerra\">\n<div class=\"cos_bloc basic_text_peq pd-15\">\n<p>Quan les fam\u00edlies participeu en les eleccions, doneu suport al vostre candidat o candidata i hi delegueu la vostra veu i vot. Aix\u00ed feu arribar les vostres opinions i aportacions. Per tant, \u00e9s important que participeu en les eleccions al consell escolar pels motius seg\u00fcents:<\/p>\n<ul>\n<li>Sou els responsables de la formaci\u00f3 dels vostres fills i filles i \u00e9s important tenir una bona representaci\u00f3 al consell escolar que us informi i faci arribar la vostra veu.<\/li>\n<li>Les fam\u00edlies i els equips de docents compartim un mateix objectiu: l&#8217;\u00e8xit acad\u00e8mic, social i personal dels fills i filles. Per aix\u00f2 hem de ser capa\u00e7os de treballar de manera conjunta i decidir a qu\u00e8 ens comprometem per aconseguir-ho.<\/li>\n<li>Les fam\u00edlies teniu el dret de participar de manera democr\u00e0tica en l&#8217;organitzaci\u00f3 del centre. Aquesta \u00e9s una manera de valorar l&#8217;escola i tamb\u00e9 contribu\u00efu que el vostre fill o filla la valori.<\/li>\n<li>L&#8217;\u00e8xit educatiu del vostre fill o filla tamb\u00e9 dep\u00e8n del funcionament i el clima de centre. Implicar-vos en el seguiment i l&#8217;avaluaci\u00f3 d&#8217;aquest funcionament \u00e9s implicar-vos en el seu desenvolupament i creixement personal.<\/li>\n<li>\u00c9s la manera de fer arribar la vostra veu en temes que us poden preocupar, com activitats extraescolars o\u00a0 l&#8217;alimentaci\u00f3 en el menjador escolar.<\/li>\n<li>\u00c9s important tenir una escola oberta a l&#8217;entorn, que col\u00b7labori amb els altres centres i les diferents entitats i que entre tots pugueu fer del vostre municipi, barri o poble un entorn m\u00e9s educatiu i cohesionat. El consell escolar decideix quines han de ser aquestes relacions.<\/li>\n<\/ul>\n<p>Per m\u00e9s informaci\u00f3 cliqueu <a href=\"https:\/\/educacio.gencat.cat\/ca\/arees-actuacio\/families\/recursos\/recomanacions\/eleccions-consells-escolars\/\" target=\"_blank\" rel=\"noopener\">AQU\u00cd<\/a><\/p>\n<\/div>\n<p><a href=\"https:\/\/agora.xtec.cat\/ceiptallo\/wp-content\/uploads\/usu875\/2021\/11\/eleccions.png\"><img loading=\"lazy\" decoding=\"async\" class=\"alignnone size-full wp-image-6054\" src=\"https:\/\/agora.xtec.cat\/ceiptallo\/wp-content\/uploads\/usu875\/2021\/11\/eleccions.png\" alt=\"\" width=\"785\" height=\"537\" srcset=\"https:\/\/agora.xtec.cat\/ceiptallo\/wp-content\/uploads\/usu875\/2021\/11\/eleccions.png 785w, https:\/\/agora.xtec.cat\/ceiptallo\/wp-content\/uploads\/usu875\/2021\/11\/eleccions-300x205.png 300w, https:\/\/agora.xtec.cat\/ceiptallo\/wp-content\/uploads\/usu875\/2021\/11\/eleccions-768x525.png 768w\" sizes=\"auto, (max-width: 785px) 100vw, 785px\" \/><\/a><\/p>\n<\/div>\n<\/div>\n","protected":false},"excerpt":{"rendered":"<p>El Consell Escolar \u00e9s l&#8217;\u00f2rgan de govern del centre on hi participen representants de pares\/mares, AFA, PAS, Ajuntament, equip directiu i claustre de mestres. En aquest es prenen decisions que afecten a l\u2019organitzaci\u00f3, el funcionament, la conviv\u00e8ncia, la gesti\u00f3 econ\u00f2mica, etc del centre.<\/p>\n<p>Enguany toca renovar part dels representants. Com que en els sector de pares i mares no s&#8217;ha presentat cap candidatura, tots\/es paseu a ser candidats electes.&hellip;  <a href=\"https:\/\/agora.xtec.cat\/ceiptallo\/general\/eleccions-al-consell-escolar\/\" title=\"Read Eleccions al Consell Escolar\">Llegeix m\u00e9s\u00bb<\/a><\/p>\n","protected":false},"author":1,"featured_media":6054,"comment_status":"open","ping_status":"closed","sticky":false,"template":"","format":"standard","meta":{"_bbp_topic_count":0,"_bbp_reply_count":0,"_bbp_total_topic_count":0,"_bbp_total_reply_count":0,"_bbp_voice_count":0,"_bbp_anonymous_reply_count":0,"_bbp_topic_count_hidden":0,"_bbp_reply_count_hidden":0,"_bbp_forum_subforum_count":0,"footnotes":""},"categories":[1,4],"tags":[],"class_list":["post-6053","post","type-post","status-publish","format-standard","has-post-thumbnail","hentry","category-general","category-portada"],"post_mailing_queue_ids":[],"_links":{"self":[{"href":"https:\/\/agora.xtec.cat\/ceiptallo\/wp-json\/wp\/v2\/posts\/6053","targetHints":{"allow":["GET"]}}],"collection":[{"href":"https:\/\/agora.xtec.cat\/ceiptallo\/wp-json\/wp\/v2\/posts"}],"about":[{"href":"https:\/\/agora.xtec.cat\/ceiptallo\/wp-json\/wp\/v2\/types\/post"}],"author":[{"embeddable":true,"href":"https:\/\/agora.xtec.cat\/ceiptallo\/wp-json\/wp\/v2\/users\/1"}],"replies":[{"embeddable":true,"href":"https:\/\/agora.xtec.cat\/ceiptallo\/wp-json\/wp\/v2\/comments?post=6053"}],"version-history":[{"count":3,"href":"https:\/\/agora.xtec.cat\/ceiptallo\/wp-json\/wp\/v2\/posts\/6053\/revisions"}],"predecessor-version":[{"id":6196,"href":"https:\/\/agora.xtec.cat\/ceiptallo\/wp-json\/wp\/v2\/posts\/6053\/revisions\/6196"}],"wp:featuredmedia":[{"embeddable":true,"href":"https:\/\/agora.xtec.cat\/ceiptallo\/wp-json\/wp\/v2\/media\/6054"}],"wp:attachment":[{"href":"https:\/\/agora.xtec.cat\/ceiptallo\/wp-json\/wp\/v2\/media?parent=6053"}],"wp:term":[{"taxonomy":"category","embeddable":true,"href":"https:\/\/agora.xtec.cat\/ceiptallo\/wp-json\/wp\/v2\/categories?post=6053"},{"taxonomy":"post_tag","embeddable":true,"href":"https:\/\/agora.xtec.cat\/ceiptallo\/wp-json\/wp\/v2\/tags?post=6053"}],"curies":[{"name":"wp","href":"https:\/\/api.w.org\/{rel}","templated":true}]}}