{"id":561,"date":"2019-02-20T17:06:07","date_gmt":"2019-02-20T16:06:07","guid":{"rendered":"http:\/\/agora.xtec.cat\/ceiptallo\/?p=561"},"modified":"2019-02-23T22:12:27","modified_gmt":"2019-02-23T21:12:27","slug":"ens-adherim-a-la-vaga","status":"publish","type":"post","link":"https:\/\/agora.xtec.cat\/ceiptallo\/portada\/ens-adherim-a-la-vaga\/","title":{"rendered":"Ens adherim a la vaga!"},"content":{"rendered":"<p>Davant la convocat\u00f2ria de vaga general del proper 21 de febrer, en \u00fas dels nostres drets com a treballadors i treballadores, a la nostra escola <strong>hi haur\u00e0 un seguiment important,\u00a0 el 56,3% (9mestres), de la vaga que impedir\u00e0 dur a terme l\u2019activitat lectiva amb normalitat.\u00a0<\/strong><\/p>\n<p>Us informem tamb\u00e9 que, a m\u00e9s de la plataforma reivindicativa general de la convocat\u00f2ria (derogaci\u00f3 de la reforma laboral, salari m\u00ednim a Catalunya de 1.200 \u20ac mensuals, recuperaci\u00f3 de les lleis socials aturades pel TC, igualtat de g\u00e8nere als centres de treball i un model de funci\u00f3 p\u00fablica de qualitat), a les escoles catalanes fa temps que patim retallades, acusacions injustificades d&#8217;adoctrinament i atacs al model d\u2019immersi\u00f3 ling\u00fc\u00edstica, als quals podem afegir noves sent\u00e8ncies judicials i dubtosos informes interessats.<a href=\"https:\/\/agora.xtec.cat\/ceiptallo\/wp-content\/uploads\/usu875\/2019\/02\/prova.jpg\"><img loading=\"lazy\" decoding=\"async\" class=\"alignnone size-full wp-image-562\" src=\"https:\/\/agora.xtec.cat\/ceiptallo\/wp-content\/uploads\/usu875\/2019\/02\/prova.jpg\" alt=\"\" width=\"685\" height=\"627\" srcset=\"https:\/\/agora.xtec.cat\/ceiptallo\/wp-content\/uploads\/usu875\/2019\/02\/prova.jpg 685w, https:\/\/agora.xtec.cat\/ceiptallo\/wp-content\/uploads\/usu875\/2019\/02\/prova-300x275.jpg 300w\" sizes=\"auto, (max-width: 685px) 100vw, 685px\" \/><\/a><\/p>\n","protected":false},"excerpt":{"rendered":"<p>Davant la convocat\u00f2ria de vaga general del proper 21 de febrer, en \u00fas dels nostres drets com a treballadors i treballadores, a la nostra escola hi haur\u00e0 un seguiment important de la vaga (56,3%) que impedir\u00e0 dur a terme l\u2019activitat lectiva amb normalitat.\u00a0&hellip;  <a href=\"https:\/\/agora.xtec.cat\/ceiptallo\/portada\/ens-adherim-a-la-vaga\/\" title=\"Read Ens adherim a la vaga!\">Llegeix m\u00e9s\u00bb<\/a><\/p>\n","protected":false},"author":1,"featured_media":578,"comment_status":"open","ping_status":"closed","sticky":false,"template":"","format":"standard","meta":{"_bbp_topic_count":0,"_bbp_reply_count":0,"_bbp_total_topic_count":0,"_bbp_total_reply_count":0,"_bbp_voice_count":0,"_bbp_anonymous_reply_count":0,"_bbp_topic_count_hidden":0,"_bbp_reply_count_hidden":0,"_bbp_forum_subforum_count":0,"footnotes":""},"categories":[4],"tags":[],"class_list":["post-561","post","type-post","status-publish","format-standard","has-post-thumbnail","hentry","category-portada"],"post_mailing_queue_ids":[],"_links":{"self":[{"href":"https:\/\/agora.xtec.cat\/ceiptallo\/wp-json\/wp\/v2\/posts\/561","targetHints":{"allow":["GET"]}}],"collection":[{"href":"https:\/\/agora.xtec.cat\/ceiptallo\/wp-json\/wp\/v2\/posts"}],"about":[{"href":"https:\/\/agora.xtec.cat\/ceiptallo\/wp-json\/wp\/v2\/types\/post"}],"author":[{"embeddable":true,"href":"https:\/\/agora.xtec.cat\/ceiptallo\/wp-json\/wp\/v2\/users\/1"}],"replies":[{"embeddable":true,"href":"https:\/\/agora.xtec.cat\/ceiptallo\/wp-json\/wp\/v2\/comments?post=561"}],"version-history":[{"count":3,"href":"https:\/\/agora.xtec.cat\/ceiptallo\/wp-json\/wp\/v2\/posts\/561\/revisions"}],"predecessor-version":[{"id":568,"href":"https:\/\/agora.xtec.cat\/ceiptallo\/wp-json\/wp\/v2\/posts\/561\/revisions\/568"}],"wp:featuredmedia":[{"embeddable":true,"href":"https:\/\/agora.xtec.cat\/ceiptallo\/wp-json\/wp\/v2\/media\/578"}],"wp:attachment":[{"href":"https:\/\/agora.xtec.cat\/ceiptallo\/wp-json\/wp\/v2\/media?parent=561"}],"wp:term":[{"taxonomy":"category","embeddable":true,"href":"https:\/\/agora.xtec.cat\/ceiptallo\/wp-json\/wp\/v2\/categories?post=561"},{"taxonomy":"post_tag","embeddable":true,"href":"https:\/\/agora.xtec.cat\/ceiptallo\/wp-json\/wp\/v2\/tags?post=561"}],"curies":[{"name":"wp","href":"https:\/\/api.w.org\/{rel}","templated":true}]}}