{"id":5507,"date":"2021-10-05T14:00:23","date_gmt":"2021-10-05T12:00:23","guid":{"rendered":"https:\/\/agora.xtec.cat\/ceiptallo\/?p=5507"},"modified":"2021-10-05T14:00:23","modified_gmt":"2021-10-05T12:00:23","slug":"religio-i-la-historia-de-les-religions","status":"publish","type":"post","link":"https:\/\/agora.xtec.cat\/ceiptallo\/portada\/religio-i-la-historia-de-les-religions\/","title":{"rendered":"Religi\u00f3 i la hist\u00f2ria de les religions"},"content":{"rendered":"<p>Salutacions a tothom!<\/p>\n<p>Enguany hem encetat un nou curs, i, us volia fer cinc c\u00e8ntims del qu\u00e8 farem a les Classes de Religi\u00f3:<\/p>\n<p>-A Cicle Inicial i Cicle Mitj\u00e0 treballem la religi\u00f3 en la vessant cristina; de manera cultural per a qu\u00e8 tinguin les nocions b\u00e0siques de l&#8217;Antic Testament i del Nou Testament, aix\u00f2 els permetr\u00e0 tenir una base de cultura religiosa que tamb\u00e9 els servir\u00e0 per entendre l&#8217;art i, sobre tot destaquem els valors que s\u00f3n universals per a tota la humanitat (companyerisme, col\u00b7laboraci\u00f3, autonomia, ajuda als necessitats i a la fam\u00edlia, empatia, etc)<\/p>\n<p>-A Cicle Superior treballem Hist\u00f2ria de les Religions, i us preguntareu per qu\u00e8? Doncs perqu\u00e8 no es pot entendre la hist\u00f2ria del m\u00f3n occidental sense tenir una m\u00ednima noci\u00f3 de les religions monoteistes, i a m\u00e9s, com vivim en un m\u00f3n globalitzat, tamb\u00e9 treballem les religions politeistes (Hinduisme i Budisme). Tamb\u00e9 ho treballem pensant en la ESO, quan facin hist\u00f2ria i comencin a parlar de l&#8217;Imperi Rom\u00e0 a l&#8217;Edat Mitjana, per exemple.<\/p>\n<p>No cal dir tamb\u00e9 que no es deixaran de banda les tradicions i festes que se celebren al llarg del curs (castanyada, Nadal, Dia de la Pau i no viol\u00e8ncia, carnestoltes i Quaresma, i , per finalitzar la Setmana Santa)<\/p>\n<p>Comencem amb for\u00e7a!<\/p>\n<p>Salut per a tothom i ens veiem per l&#8217;escola!<\/p>\n<p>Alicia Baena<\/p>\n<p style=\"text-align: center;\"><a href=\"https:\/\/agora.xtec.cat\/ceiptallo\/wp-content\/uploads\/usu875\/2021\/10\/foto-Alicia-600-x-338.jpg\"><img loading=\"lazy\" decoding=\"async\" class=\"alignnone size-full wp-image-5577\" src=\"https:\/\/agora.xtec.cat\/ceiptallo\/wp-content\/uploads\/usu875\/2021\/10\/foto-Alicia-600-x-338.jpg\" alt=\"\" width=\"600\" height=\"338\" srcset=\"https:\/\/agora.xtec.cat\/ceiptallo\/wp-content\/uploads\/usu875\/2021\/10\/foto-Alicia-600-x-338.jpg 600w, https:\/\/agora.xtec.cat\/ceiptallo\/wp-content\/uploads\/usu875\/2021\/10\/foto-Alicia-600-x-338-300x169.jpg 300w\" sizes=\"auto, (max-width: 600px) 100vw, 600px\" \/><\/a><\/p>\n","protected":false},"excerpt":{"rendered":"<p>Enguany hem encetat un nou curs, i, us volia fer cinc c\u00e8ntims del qu\u00e8 farem a les Classes de Religi\u00f3:&hellip;  <a href=\"https:\/\/agora.xtec.cat\/ceiptallo\/portada\/religio-i-la-historia-de-les-religions\/\" title=\"Read Religi\u00f3 i la hist\u00f2ria de les religions\">Llegeix m\u00e9s\u00bb<\/a><\/p>\n","protected":false},"author":1,"featured_media":5577,"comment_status":"open","ping_status":"closed","sticky":false,"template":"","format":"standard","meta":{"_bbp_topic_count":0,"_bbp_reply_count":0,"_bbp_total_topic_count":0,"_bbp_total_reply_count":0,"_bbp_voice_count":0,"_bbp_anonymous_reply_count":0,"_bbp_topic_count_hidden":0,"_bbp_reply_count_hidden":0,"_bbp_forum_subforum_count":0,"footnotes":""},"categories":[4],"tags":[],"class_list":["post-5507","post","type-post","status-publish","format-standard","has-post-thumbnail","hentry","category-portada"],"post_mailing_queue_ids":[],"_links":{"self":[{"href":"https:\/\/agora.xtec.cat\/ceiptallo\/wp-json\/wp\/v2\/posts\/5507","targetHints":{"allow":["GET"]}}],"collection":[{"href":"https:\/\/agora.xtec.cat\/ceiptallo\/wp-json\/wp\/v2\/posts"}],"about":[{"href":"https:\/\/agora.xtec.cat\/ceiptallo\/wp-json\/wp\/v2\/types\/post"}],"author":[{"embeddable":true,"href":"https:\/\/agora.xtec.cat\/ceiptallo\/wp-json\/wp\/v2\/users\/1"}],"replies":[{"embeddable":true,"href":"https:\/\/agora.xtec.cat\/ceiptallo\/wp-json\/wp\/v2\/comments?post=5507"}],"version-history":[{"count":1,"href":"https:\/\/agora.xtec.cat\/ceiptallo\/wp-json\/wp\/v2\/posts\/5507\/revisions"}],"predecessor-version":[{"id":5579,"href":"https:\/\/agora.xtec.cat\/ceiptallo\/wp-json\/wp\/v2\/posts\/5507\/revisions\/5579"}],"wp:featuredmedia":[{"embeddable":true,"href":"https:\/\/agora.xtec.cat\/ceiptallo\/wp-json\/wp\/v2\/media\/5577"}],"wp:attachment":[{"href":"https:\/\/agora.xtec.cat\/ceiptallo\/wp-json\/wp\/v2\/media?parent=5507"}],"wp:term":[{"taxonomy":"category","embeddable":true,"href":"https:\/\/agora.xtec.cat\/ceiptallo\/wp-json\/wp\/v2\/categories?post=5507"},{"taxonomy":"post_tag","embeddable":true,"href":"https:\/\/agora.xtec.cat\/ceiptallo\/wp-json\/wp\/v2\/tags?post=5507"}],"curies":[{"name":"wp","href":"https:\/\/api.w.org\/{rel}","templated":true}]}}