{"id":5391,"date":"2021-09-10T10:51:36","date_gmt":"2021-09-10T08:51:36","guid":{"rendered":"https:\/\/agora.xtec.cat\/ceiptallo\/?p=5391"},"modified":"2021-09-10T10:52:50","modified_gmt":"2021-09-10T08:52:50","slug":"escalfem-motors","status":"publish","type":"post","link":"https:\/\/agora.xtec.cat\/ceiptallo\/general\/escalfem-motors\/","title":{"rendered":"ESCALFEM MOTORS DEL CURS 21\/22"},"content":{"rendered":"<p>El primer dia del nou curs ja s&#8217;apropa i a l&#8217;escola ja fa uns dies que ha comen\u00e7at el moviment.<\/p>\n<p>L&#8217;equip de mestres estem acabant de col\u00b7locar taules i cadires, de preparar les aules, de decorar el hall, d&#8217;organitzar els espais comuns, d&#8217;endre\u00e7ar els materials&#8230; vaja, que ja s&#8217;olora un nou i esperat inici de curs!!!<\/p>\n<p>I, com no podia ser menys, el pati continua amb la seva remodelaci\u00f3 i ja tenim nous espais esperant als nostres alumnes, voleu veure&#8217;ls?<\/p>\n<p><a href=\"https:\/\/agora.xtec.cat\/ceiptallo\/wp-content\/uploads\/usu875\/2021\/09\/pati.png\"><img loading=\"lazy\" decoding=\"async\" class=\"wp-image-5393 aligncenter\" src=\"https:\/\/agora.xtec.cat\/ceiptallo\/wp-content\/uploads\/usu875\/2021\/09\/pati.png\" alt=\"\" width=\"420\" height=\"420\" srcset=\"https:\/\/agora.xtec.cat\/ceiptallo\/wp-content\/uploads\/usu875\/2021\/09\/pati.png 720w, https:\/\/agora.xtec.cat\/ceiptallo\/wp-content\/uploads\/usu875\/2021\/09\/pati-300x300.png 300w, https:\/\/agora.xtec.cat\/ceiptallo\/wp-content\/uploads\/usu875\/2021\/09\/pati-150x150.png 150w\" sizes=\"auto, (max-width: 420px) 100vw, 420px\" \/><\/a><\/p>\n<p>Des d&#8217;aqu\u00ed volem donar les gr\u00e0cies a la feina feta per la nostra Brigada Municipal que ha estat treballant molt per tenir el pati i l&#8217;escola a punt per als nostres infants i joves!!<\/p>\n<p>Per \u00faltim, us deixem un v\u00eddeo perqu\u00e8 conegueu el claustre d&#8217;enguany. (Cliqueu damunt la imatge)<\/p>\n<p><a href=\"https:\/\/drive.google.com\/file\/d\/1y5q3LoiVzFfk5wHgE43uTboiuv_nbecv\/view?usp=sharing\" target=\"_blank\" rel=\"noopener\"><img loading=\"lazy\" decoding=\"async\" class=\"wp-image-5394 aligncenter\" src=\"https:\/\/agora.xtec.cat\/ceiptallo\/wp-content\/uploads\/usu875\/2021\/09\/PRESENTACIO.png\" alt=\"\" width=\"404\" height=\"225\" srcset=\"https:\/\/agora.xtec.cat\/ceiptallo\/wp-content\/uploads\/usu875\/2021\/09\/PRESENTACIO.png 774w, https:\/\/agora.xtec.cat\/ceiptallo\/wp-content\/uploads\/usu875\/2021\/09\/PRESENTACIO-300x167.png 300w, https:\/\/agora.xtec.cat\/ceiptallo\/wp-content\/uploads\/usu875\/2021\/09\/PRESENTACIO-768x428.png 768w\" sizes=\"auto, (max-width: 404px) 100vw, 404px\" \/><\/a><\/p>\n<p>Fins dilluns!!<\/p>\n","protected":false},"excerpt":{"rendered":"<p>El primer dia del nou curs ja s&#8217;apropa i a l&#8217;escola ja fa uns dies que ha comen\u00e7at el moviment.<\/p>\n<p>L&#8217;equip de mestres estan acabant de col\u00b7locar taules i cadires, de preparar les aules, de decorar el hall, d&#8217;organitzar els espais comuns, d&#8217;endre\u00e7ar els materials&#8230; vaja, que ja s&#8217;olora un nou i esperat inici de curs!!!&hellip;  <a href=\"https:\/\/agora.xtec.cat\/ceiptallo\/general\/escalfem-motors\/\" title=\"Read ESCALFEM MOTORS DEL CURS 21\/22\">Llegeix m\u00e9s\u00bb<\/a><\/p>\n","protected":false},"author":1,"featured_media":5394,"comment_status":"open","ping_status":"closed","sticky":false,"template":"","format":"standard","meta":{"_bbp_topic_count":0,"_bbp_reply_count":0,"_bbp_total_topic_count":0,"_bbp_total_reply_count":0,"_bbp_voice_count":0,"_bbp_anonymous_reply_count":0,"_bbp_topic_count_hidden":0,"_bbp_reply_count_hidden":0,"_bbp_forum_subforum_count":0,"footnotes":""},"categories":[1,4],"tags":[],"class_list":["post-5391","post","type-post","status-publish","format-standard","has-post-thumbnail","hentry","category-general","category-portada"],"post_mailing_queue_ids":[],"_links":{"self":[{"href":"https:\/\/agora.xtec.cat\/ceiptallo\/wp-json\/wp\/v2\/posts\/5391","targetHints":{"allow":["GET"]}}],"collection":[{"href":"https:\/\/agora.xtec.cat\/ceiptallo\/wp-json\/wp\/v2\/posts"}],"about":[{"href":"https:\/\/agora.xtec.cat\/ceiptallo\/wp-json\/wp\/v2\/types\/post"}],"author":[{"embeddable":true,"href":"https:\/\/agora.xtec.cat\/ceiptallo\/wp-json\/wp\/v2\/users\/1"}],"replies":[{"embeddable":true,"href":"https:\/\/agora.xtec.cat\/ceiptallo\/wp-json\/wp\/v2\/comments?post=5391"}],"version-history":[{"count":3,"href":"https:\/\/agora.xtec.cat\/ceiptallo\/wp-json\/wp\/v2\/posts\/5391\/revisions"}],"predecessor-version":[{"id":5397,"href":"https:\/\/agora.xtec.cat\/ceiptallo\/wp-json\/wp\/v2\/posts\/5391\/revisions\/5397"}],"wp:featuredmedia":[{"embeddable":true,"href":"https:\/\/agora.xtec.cat\/ceiptallo\/wp-json\/wp\/v2\/media\/5394"}],"wp:attachment":[{"href":"https:\/\/agora.xtec.cat\/ceiptallo\/wp-json\/wp\/v2\/media?parent=5391"}],"wp:term":[{"taxonomy":"category","embeddable":true,"href":"https:\/\/agora.xtec.cat\/ceiptallo\/wp-json\/wp\/v2\/categories?post=5391"},{"taxonomy":"post_tag","embeddable":true,"href":"https:\/\/agora.xtec.cat\/ceiptallo\/wp-json\/wp\/v2\/tags?post=5391"}],"curies":[{"name":"wp","href":"https:\/\/api.w.org\/{rel}","templated":true}]}}