{"id":5354,"date":"2020-01-29T11:50:01","date_gmt":"2020-01-29T10:50:01","guid":{"rendered":"http:\/\/agora.xtec.cat\/ceiptallo\/?p=5354"},"modified":"2021-06-28T09:42:33","modified_gmt":"2021-06-28T07:42:33","slug":"fem-recerca","status":"publish","type":"post","link":"https:\/\/agora.xtec.cat\/ceiptallo\/apadrinem-el-patrimoni\/fem-recerca\/","title":{"rendered":"Fem recerca!!"},"content":{"rendered":"<p>Aquests dies estem buscant informaci\u00f3 sobre el nostre apadrinat, el Carnestoltes de Bellver, per tal de con\u00e8ixer una mica m\u00e9s els seus origens, les nostres tradicions&#8230;<\/p>\n<p>Els nens i nenes de CS a m\u00e9s d&#8217;utilitzar les noves tecnologies, estan aprenent molt sobre la nostra cultura i tradici\u00f3 popular.<\/p>\n<p>&nbsp;<\/p>\n<p><a href=\"https:\/\/agora.xtec.cat\/ceiptallo\/wp-content\/uploads\/usu875\/2021\/06\/20210413_153106-600-x-450.jpg\"><img loading=\"lazy\" decoding=\"async\" class=\"size-full wp-image-5358 aligncenter\" src=\"https:\/\/agora.xtec.cat\/ceiptallo\/wp-content\/uploads\/usu875\/2021\/06\/20210413_153106-600-x-450.jpg\" alt=\"\" width=\"600\" height=\"450\" srcset=\"https:\/\/agora.xtec.cat\/ceiptallo\/wp-content\/uploads\/usu875\/2021\/06\/20210413_153106-600-x-450.jpg 600w, https:\/\/agora.xtec.cat\/ceiptallo\/wp-content\/uploads\/usu875\/2021\/06\/20210413_153106-600-x-450-300x225.jpg 300w, https:\/\/agora.xtec.cat\/ceiptallo\/wp-content\/uploads\/usu875\/2021\/06\/20210413_153106-600-x-450-200x150.jpg 200w\" sizes=\"auto, (max-width: 600px) 100vw, 600px\" \/><\/a><\/p>\n","protected":false},"excerpt":{"rendered":"<p>Aquests dies estem buscant informaci\u00f3 sobre el nostre apadrinat&hellip;  <a href=\"https:\/\/agora.xtec.cat\/ceiptallo\/apadrinem-el-patrimoni\/fem-recerca\/\" title=\"Read Fem recerca!!\">Llegeix m\u00e9s\u00bb<\/a><\/p>\n","protected":false},"author":4,"featured_media":5358,"comment_status":"open","ping_status":"closed","sticky":false,"template":"","format":"standard","meta":{"_bbp_topic_count":0,"_bbp_reply_count":0,"_bbp_total_topic_count":0,"_bbp_total_reply_count":0,"_bbp_voice_count":0,"_bbp_anonymous_reply_count":0,"_bbp_topic_count_hidden":0,"_bbp_reply_count_hidden":0,"_bbp_forum_subforum_count":0,"footnotes":""},"categories":[47],"tags":[],"class_list":["post-5354","post","type-post","status-publish","format-standard","has-post-thumbnail","hentry","category-apadrinem-el-patrimoni"],"post_mailing_queue_ids":[],"_links":{"self":[{"href":"https:\/\/agora.xtec.cat\/ceiptallo\/wp-json\/wp\/v2\/posts\/5354","targetHints":{"allow":["GET"]}}],"collection":[{"href":"https:\/\/agora.xtec.cat\/ceiptallo\/wp-json\/wp\/v2\/posts"}],"about":[{"href":"https:\/\/agora.xtec.cat\/ceiptallo\/wp-json\/wp\/v2\/types\/post"}],"author":[{"embeddable":true,"href":"https:\/\/agora.xtec.cat\/ceiptallo\/wp-json\/wp\/v2\/users\/4"}],"replies":[{"embeddable":true,"href":"https:\/\/agora.xtec.cat\/ceiptallo\/wp-json\/wp\/v2\/comments?post=5354"}],"version-history":[{"count":2,"href":"https:\/\/agora.xtec.cat\/ceiptallo\/wp-json\/wp\/v2\/posts\/5354\/revisions"}],"predecessor-version":[{"id":5359,"href":"https:\/\/agora.xtec.cat\/ceiptallo\/wp-json\/wp\/v2\/posts\/5354\/revisions\/5359"}],"wp:featuredmedia":[{"embeddable":true,"href":"https:\/\/agora.xtec.cat\/ceiptallo\/wp-json\/wp\/v2\/media\/5358"}],"wp:attachment":[{"href":"https:\/\/agora.xtec.cat\/ceiptallo\/wp-json\/wp\/v2\/media?parent=5354"}],"wp:term":[{"taxonomy":"category","embeddable":true,"href":"https:\/\/agora.xtec.cat\/ceiptallo\/wp-json\/wp\/v2\/categories?post=5354"},{"taxonomy":"post_tag","embeddable":true,"href":"https:\/\/agora.xtec.cat\/ceiptallo\/wp-json\/wp\/v2\/tags?post=5354"}],"curies":[{"name":"wp","href":"https:\/\/api.w.org\/{rel}","templated":true}]}}