{"id":4669,"date":"2021-04-16T08:30:03","date_gmt":"2021-04-16T06:30:03","guid":{"rendered":"http:\/\/agora.xtec.cat\/ceiptallo\/?p=4669"},"modified":"2021-04-19T10:44:47","modified_gmt":"2021-04-19T08:44:47","slug":"setmana-cultural-2","status":"publish","type":"post","link":"https:\/\/agora.xtec.cat\/ceiptallo\/portada\/setmana-cultural-2\/","title":{"rendered":"SETMANA CULTURAL"},"content":{"rendered":"<p>Tornem a realitzar la setmana cultural!!!! En tenim moltes ganes ja que el curs passat, degut a la situaci\u00f3 en la que ens trob\u00e0vem, no la vam poder celebrar.<\/p>\n<p>Aquesta ser\u00e0 del 19 al 23 d&#8217;Abril i realitzarem un gran recull d&#8217;activitats relacionades amb la tem\u00e0tica <strong><span style=\"color: #99cc00;\">&#8220;DESCOBRIM L&#8217;\u00cdNDIA&#8221;.<\/span><\/strong>\u00a0 Hem escollit aquest pa\u00eds ja que aix\u00ed ho relacionem amb el projecte de l\u2019apadrinament de la nena \u00edndia Sree Vani, de la fundaci\u00f3 Vicen\u00e7 Ferrer, que es va engegar el curs passat des de l&#8217;AMPA.<\/p>\n<p>A m\u00e9s a m\u00e9s tamb\u00e9 es realitzar\u00e0 un espectacle pels m\u00e9s petits i alguna xerrada que ens ofereix l&#8217;Ajuntament.<\/p>\n<p>Per acabar la setmana, el divendres celebrarem la diada de Sant Jordi fent activitats a l&#8217;escola i anant a visitar la parada dels alumnes de 6\u00e8 que, com ja \u00e9s tradici\u00f3, vendran roses, llibres i manualitats que han fet. Us animem a que hi aneu i col\u00b7laboreu!!!!<\/p>\n<p><a href=\"https:\/\/drive.google.com\/file\/d\/1UQNJxXZ-Y57Xp3r1WIHZoUKFRQdyOm6O\/view?usp=sharing\" target=\"_blank\" rel=\"noopener noreferrer\"><img loading=\"lazy\" decoding=\"async\" class=\"alignnone wp-image-4670\" src=\"https:\/\/agora.xtec.cat\/ceiptallo\/wp-content\/uploads\/usu875\/2021\/04\/setmana-cultural.jpg\" alt=\"\" width=\"532\" height=\"379\" srcset=\"https:\/\/agora.xtec.cat\/ceiptallo\/wp-content\/uploads\/usu875\/2021\/04\/setmana-cultural.jpg 903w, https:\/\/agora.xtec.cat\/ceiptallo\/wp-content\/uploads\/usu875\/2021\/04\/setmana-cultural-300x214.jpg 300w, https:\/\/agora.xtec.cat\/ceiptallo\/wp-content\/uploads\/usu875\/2021\/04\/setmana-cultural-768x547.jpg 768w\" sizes=\"auto, (max-width: 532px) 100vw, 532px\" \/><\/a><\/p>\n<p>Cliqueu damunt del cartell per ampliar-lo.<\/p>\n","protected":false},"excerpt":{"rendered":"<p>Tornem a realitzar la setmana cultural!!!! En tenim moltes ganes ja que el curs passat, degut a la situaci\u00f3 en la que ens trob\u00e0vem, no la vam poder celebrar. Aquesta ser\u00e0 del 19 al 23 d&#8217;Abril i realitzarem un gran recull d&#8217;activitats relacionades amb la tem\u00e0tica &#8220;DESCOBRIM L&#8217;\u00cdNDIA&#8221;. D&#8217;aquesta\u00a0relacionarem la setmana cultural amb el projecte de l\u2019apadrinament de la Sree Vani, de la fundaci\u00f3 Vicen\u00e7 Ferrer, que es va engegar el curs passat des de l&#8217;AMPA.\u00a0&hellip;  <a href=\"https:\/\/agora.xtec.cat\/ceiptallo\/portada\/setmana-cultural-2\/\" title=\"Read SETMANA CULTURAL\">Llegeix m\u00e9s\u00bb<\/a><\/p>\n","protected":false},"author":1,"featured_media":4670,"comment_status":"open","ping_status":"closed","sticky":false,"template":"","format":"standard","meta":{"_bbp_topic_count":0,"_bbp_reply_count":0,"_bbp_total_topic_count":0,"_bbp_total_reply_count":0,"_bbp_voice_count":0,"_bbp_anonymous_reply_count":0,"_bbp_topic_count_hidden":0,"_bbp_reply_count_hidden":0,"_bbp_forum_subforum_count":0,"footnotes":""},"categories":[4],"tags":[],"class_list":["post-4669","post","type-post","status-publish","format-standard","has-post-thumbnail","hentry","category-portada"],"post_mailing_queue_ids":[],"_links":{"self":[{"href":"https:\/\/agora.xtec.cat\/ceiptallo\/wp-json\/wp\/v2\/posts\/4669","targetHints":{"allow":["GET"]}}],"collection":[{"href":"https:\/\/agora.xtec.cat\/ceiptallo\/wp-json\/wp\/v2\/posts"}],"about":[{"href":"https:\/\/agora.xtec.cat\/ceiptallo\/wp-json\/wp\/v2\/types\/post"}],"author":[{"embeddable":true,"href":"https:\/\/agora.xtec.cat\/ceiptallo\/wp-json\/wp\/v2\/users\/1"}],"replies":[{"embeddable":true,"href":"https:\/\/agora.xtec.cat\/ceiptallo\/wp-json\/wp\/v2\/comments?post=4669"}],"version-history":[{"count":4,"href":"https:\/\/agora.xtec.cat\/ceiptallo\/wp-json\/wp\/v2\/posts\/4669\/revisions"}],"predecessor-version":[{"id":4684,"href":"https:\/\/agora.xtec.cat\/ceiptallo\/wp-json\/wp\/v2\/posts\/4669\/revisions\/4684"}],"wp:featuredmedia":[{"embeddable":true,"href":"https:\/\/agora.xtec.cat\/ceiptallo\/wp-json\/wp\/v2\/media\/4670"}],"wp:attachment":[{"href":"https:\/\/agora.xtec.cat\/ceiptallo\/wp-json\/wp\/v2\/media?parent=4669"}],"wp:term":[{"taxonomy":"category","embeddable":true,"href":"https:\/\/agora.xtec.cat\/ceiptallo\/wp-json\/wp\/v2\/categories?post=4669"},{"taxonomy":"post_tag","embeddable":true,"href":"https:\/\/agora.xtec.cat\/ceiptallo\/wp-json\/wp\/v2\/tags?post=4669"}],"curies":[{"name":"wp","href":"https:\/\/api.w.org\/{rel}","templated":true}]}}