{"id":449,"date":"2018-12-21T12:14:18","date_gmt":"2018-12-21T11:14:18","guid":{"rendered":"http:\/\/agora.xtec.cat\/ceiptallo\/?p=449"},"modified":"2019-02-20T22:22:34","modified_gmt":"2019-02-20T21:22:34","slug":"bon-nadal-i-bones-festes","status":"publish","type":"post","link":"https:\/\/agora.xtec.cat\/ceiptallo\/portada\/bon-nadal-i-bones-festes\/","title":{"rendered":"Bon Nadal i Bones Festes!!!!"},"content":{"rendered":"<p>Bon Nadal!!<\/p>\n<p>Com b\u00e9 sabeu dijous v\u00e0rem fer el Festival de Nadal, esperem que en gaud\u00edssiu tant com nosaltres. Alumnes i tamb\u00e9 els mestres ens van sorprendre amb les seves actuacions (que podeu veure fent click als enlla\u00e7os de les can\u00e7ons i les fotografies fent click <a href=\"https:\/\/photos.app.goo.gl\/Mw4PDpUjmKAMth4T7\">AQU\u00cd<\/a>) i despr\u00e9s el pica-pica va acabar d&#8217;amenitzar la nit. Us bones festes i ens trobem a la tornada!!<\/p>\n<p>Actuacions\u2026<\/p>\n<p><a href=\"https:\/\/drive.google.com\/file\/d\/1W4pLun1qnZ4ZAK-HMBKOQA8VJBd1x3IL\/view?usp=sharing\">P3 A la nit de Nadal<\/a><\/p>\n<p><a href=\"https:\/\/drive.google.com\/file\/d\/1gLOrEitLIeXDfYV3o1-so1YGb2HqLyQS\/view?usp=sharing\">P4 Els reis mags<\/a><\/p>\n<p><a href=\"https:\/\/drive.google.com\/file\/d\/13rxbA3saXbIEO526WfAomiI_7gyUNG-Z\/view?usp=sharing\">P5 Primer ve Nadal<\/a><\/p>\n<p><a href=\"https:\/\/drive.google.com\/file\/d\/11R4-8ToAT06RkVtW3FlNYyXYP77hWSya\/view?usp=sharing\">Angl\u00e8s 5\u00e8 i 6\u00e8 Merry Christmas everyone<\/a><\/p>\n<p><a href=\"https:\/\/drive.google.com\/file\/d\/1WFEELYib2kvD5uuo1i0TGcKMLZ7Hvy6X\/view?usp=sharing\">1r M\u2019agrada tant fer-te feli\u00e7<\/a><\/p>\n<p><a href=\"https:\/\/drive.google.com\/file\/d\/1rV3J6PsVUPUSNR4QrtAmMjhG5KIQ202X\/view?usp=sharing\">4t Remix Nadal<\/a><\/p>\n<p><a href=\"https:\/\/drive.google.com\/file\/d\/1_uiYL8cVNOFGM6_dg8ORQRPohkvrDyrb\/view?usp=sharing\">2n Nadal dels infants del m\u00f3n<\/a><\/p>\n<p><a href=\"https:\/\/drive.google.com\/file\/d\/1UPJMHmU-9Jo3SIuzFX3mcUvUUtY4Ci5Y\/view?usp=sharing\">3r Rudolph, el nen del nas vermell<\/a><\/p>\n<p><a href=\"https:\/\/drive.google.com\/file\/d\/1Uu0gkFDYKn_C8QqjiJrOZSsb4gIHYuQ2\/view?usp=sharing\">Franc\u00e8s 4t P\u00e8re No\u00ebl Frappe \u00e0 la porte<\/a><\/p>\n<p><a href=\"https:\/\/drive.google.com\/file\/d\/1LzIPQmhbBVelji653p0XKhsAp3ZZmmBU\/view?usp=sharing\">5\u00e8 Barbershop Blues<\/a><\/p>\n<p><a href=\"https:\/\/drive.google.com\/file\/d\/1ow3VwNgEq7ymmZHlroqnz1VjGNsVvH7c\/view?usp=sharing\">6\u00e8 El Nadal no t\u00e9 impossibles<\/a><\/p>\n","protected":false},"excerpt":{"rendered":"<p>Com b\u00e9 sabeu dijous v\u00e0rem fer el Festival de Nadal, esperem que en gaud\u00edssim tant com nosaltres.&hellip;  <a href=\"https:\/\/agora.xtec.cat\/ceiptallo\/portada\/bon-nadal-i-bones-festes\/\" title=\"Read Bon Nadal i Bones Festes!!!!\">Llegeix m\u00e9s\u00bb<\/a><\/p>\n","protected":false},"author":1,"featured_media":451,"comment_status":"open","ping_status":"closed","sticky":false,"template":"","format":"standard","meta":{"_bbp_topic_count":0,"_bbp_reply_count":0,"_bbp_total_topic_count":0,"_bbp_total_reply_count":0,"_bbp_voice_count":0,"_bbp_anonymous_reply_count":0,"_bbp_topic_count_hidden":0,"_bbp_reply_count_hidden":0,"_bbp_forum_subforum_count":0,"footnotes":""},"categories":[46,4],"tags":[],"class_list":["post-449","post","type-post","status-publish","format-standard","has-post-thumbnail","hentry","category-festes","category-portada"],"post_mailing_queue_ids":[],"_links":{"self":[{"href":"https:\/\/agora.xtec.cat\/ceiptallo\/wp-json\/wp\/v2\/posts\/449","targetHints":{"allow":["GET"]}}],"collection":[{"href":"https:\/\/agora.xtec.cat\/ceiptallo\/wp-json\/wp\/v2\/posts"}],"about":[{"href":"https:\/\/agora.xtec.cat\/ceiptallo\/wp-json\/wp\/v2\/types\/post"}],"author":[{"embeddable":true,"href":"https:\/\/agora.xtec.cat\/ceiptallo\/wp-json\/wp\/v2\/users\/1"}],"replies":[{"embeddable":true,"href":"https:\/\/agora.xtec.cat\/ceiptallo\/wp-json\/wp\/v2\/comments?post=449"}],"version-history":[{"count":3,"href":"https:\/\/agora.xtec.cat\/ceiptallo\/wp-json\/wp\/v2\/posts\/449\/revisions"}],"predecessor-version":[{"id":460,"href":"https:\/\/agora.xtec.cat\/ceiptallo\/wp-json\/wp\/v2\/posts\/449\/revisions\/460"}],"wp:featuredmedia":[{"embeddable":true,"href":"https:\/\/agora.xtec.cat\/ceiptallo\/wp-json\/wp\/v2\/media\/451"}],"wp:attachment":[{"href":"https:\/\/agora.xtec.cat\/ceiptallo\/wp-json\/wp\/v2\/media?parent=449"}],"wp:term":[{"taxonomy":"category","embeddable":true,"href":"https:\/\/agora.xtec.cat\/ceiptallo\/wp-json\/wp\/v2\/categories?post=449"},{"taxonomy":"post_tag","embeddable":true,"href":"https:\/\/agora.xtec.cat\/ceiptallo\/wp-json\/wp\/v2\/tags?post=449"}],"curies":[{"name":"wp","href":"https:\/\/api.w.org\/{rel}","templated":true}]}}