{"id":4431,"date":"2021-03-25T14:11:51","date_gmt":"2021-03-25T13:11:51","guid":{"rendered":"http:\/\/agora.xtec.cat\/ceiptallo\/?p=4431"},"modified":"2021-03-26T12:49:42","modified_gmt":"2021-03-26T11:49:42","slug":"recopilacio-de-videos-per-a-la-accio-climatica","status":"publish","type":"post","link":"https:\/\/agora.xtec.cat\/ceiptallo\/general\/recopilacio-de-videos-per-a-la-accio-climatica\/","title":{"rendered":"Recopilaci\u00f3 de v\u00eddeos per a la acci\u00f3 clim\u00e0tica"},"content":{"rendered":"<p>Avui us presentem\u00a0 uns documentals que ens ensenyen iniciatives\u00a0 que poden ser molt \u00fatils per analitzar el canvi clim\u00e0tic. Entre totes podem superar les barreres que ens dificulten la barrera de l&#8217;acci\u00f3 clim\u00e0tica i fer un m\u00f3n millor!<\/p>\n<p><strong>1. <a href=\"https:\/\/www.youtube.com\/watch?v=fRkvxDmzg3g&amp;t=12s\">Emerg\u00e8ncia clim\u00e0tica, l\u2019 ultim\u00e0tum del mar \u2013 30 minuts<\/a><\/strong><\/p>\n<p><strong>2. <a href=\"https:\/\/www.youtube.com\/watch?v=13okqHYBJLY\">Emerg\u00e8ncia clim\u00e0tica : el crit de la Terra <\/a><\/strong><\/p>\n<p><strong>3. <a href=\"https:\/\/www.youtube.com\/watch?v=c-tKIRB8ckg\">\u201cPorvenir\u201d Tr\u00e0iler oficial del documental<\/a><\/strong><\/p>\n<p><strong>4. <a href=\"https:\/\/www.youtube.com\/watch?v=8tJZPFLePlg\">Tr\u00e0iler Documental &#8220;Besa la Tierra&#8221; (Kiss The Ground ) Subtitulat en castell\u00e0<\/a><\/strong><\/p>\n<p><strong>5. <a href=\"https:\/\/www.youtube.com\/watch?v=62k2EUUPMQE\">&#8220;WHITE WAVES&#8221;<\/a><\/strong><\/p>\n<p><strong>6. <a href=\"https:\/\/www.youtube.com\/watch?v=ZXZvNt2R3tU&amp;t=4s\">Plastificats<\/a><\/strong><\/p>\n<p>&nbsp;<\/p>\n","protected":false},"excerpt":{"rendered":"<p>Des de la comissi\u00f3 d&#8217;escola verda us deixem alguns v\u00eddeos que ens ajudaran a prendre consci\u00e8ncia sobre la situaci\u00f3 d&#8217;emerg\u00e8ncia clim\u00e0tica que estem vivint en aquests moments.<br \/>\nHem d&#8217;actuar ja&#8230;despr\u00e9s ser\u00e0 massa tard.&hellip;  <a href=\"https:\/\/agora.xtec.cat\/ceiptallo\/general\/recopilacio-de-videos-per-a-la-accio-climatica\/\" title=\"Read Recopilaci\u00f3 de v\u00eddeos per a la acci\u00f3 clim\u00e0tica\">Llegeix m\u00e9s\u00bb<\/a><\/p>\n","protected":false},"author":4,"featured_media":4432,"comment_status":"open","ping_status":"closed","sticky":false,"template":"","format":"standard","meta":{"_bbp_topic_count":0,"_bbp_reply_count":0,"_bbp_total_topic_count":0,"_bbp_total_reply_count":0,"_bbp_voice_count":0,"_bbp_anonymous_reply_count":0,"_bbp_topic_count_hidden":0,"_bbp_reply_count_hidden":0,"_bbp_forum_subforum_count":0,"footnotes":""},"categories":[1,4],"tags":[],"class_list":["post-4431","post","type-post","status-publish","format-standard","has-post-thumbnail","hentry","category-general","category-portada"],"post_mailing_queue_ids":[],"_links":{"self":[{"href":"https:\/\/agora.xtec.cat\/ceiptallo\/wp-json\/wp\/v2\/posts\/4431","targetHints":{"allow":["GET"]}}],"collection":[{"href":"https:\/\/agora.xtec.cat\/ceiptallo\/wp-json\/wp\/v2\/posts"}],"about":[{"href":"https:\/\/agora.xtec.cat\/ceiptallo\/wp-json\/wp\/v2\/types\/post"}],"author":[{"embeddable":true,"href":"https:\/\/agora.xtec.cat\/ceiptallo\/wp-json\/wp\/v2\/users\/4"}],"replies":[{"embeddable":true,"href":"https:\/\/agora.xtec.cat\/ceiptallo\/wp-json\/wp\/v2\/comments?post=4431"}],"version-history":[{"count":3,"href":"https:\/\/agora.xtec.cat\/ceiptallo\/wp-json\/wp\/v2\/posts\/4431\/revisions"}],"predecessor-version":[{"id":4509,"href":"https:\/\/agora.xtec.cat\/ceiptallo\/wp-json\/wp\/v2\/posts\/4431\/revisions\/4509"}],"wp:featuredmedia":[{"embeddable":true,"href":"https:\/\/agora.xtec.cat\/ceiptallo\/wp-json\/wp\/v2\/media\/4432"}],"wp:attachment":[{"href":"https:\/\/agora.xtec.cat\/ceiptallo\/wp-json\/wp\/v2\/media?parent=4431"}],"wp:term":[{"taxonomy":"category","embeddable":true,"href":"https:\/\/agora.xtec.cat\/ceiptallo\/wp-json\/wp\/v2\/categories?post=4431"},{"taxonomy":"post_tag","embeddable":true,"href":"https:\/\/agora.xtec.cat\/ceiptallo\/wp-json\/wp\/v2\/tags?post=4431"}],"curies":[{"name":"wp","href":"https:\/\/api.w.org\/{rel}","templated":true}]}}