{"id":4386,"date":"2021-03-22T13:26:48","date_gmt":"2021-03-22T12:26:48","guid":{"rendered":"http:\/\/agora.xtec.cat\/ceiptallo\/?p=4386"},"modified":"2021-03-22T13:26:48","modified_gmt":"2021-03-22T12:26:48","slug":"pluja-didees-pel-pati","status":"publish","type":"post","link":"https:\/\/agora.xtec.cat\/ceiptallo\/general\/pluja-didees-pel-pati\/","title":{"rendered":"PLUJA D&#8217;IDEES PEL PATI"},"content":{"rendered":"<p>Anem avan\u00e7ant el projecte del pati i despr\u00e9s d&#8217;algunes reflexions a l&#8217;aula, entre tots els cursos, hem fet llista de propostes del qu\u00e8 ens agradaria que hi hagu\u00e9s.<\/p>\n<p>Com veieu la llista \u00e9s llarga aix\u00ed que caldr\u00e0, reflexionar, prioritzar i seleccionar quines propostes tirem endavant.<\/p>\n<p>Us seguirem informant com ho fem!!!!<\/p>\n<p>(Si cliqueu la imatge podreu veure la llista amb detall)<\/p>\n<p><a href=\"https:\/\/drive.google.com\/file\/d\/10sz0BEum1TGdSXN6v6qrFo_FNoaNrlTj\/view?usp=sharing\"><img loading=\"lazy\" decoding=\"async\" class=\"aligncenter wp-image-4387\" src=\"https:\/\/agora.xtec.cat\/ceiptallo\/wp-content\/uploads\/usu875\/2021\/03\/1616349711782-1000-x-1332-769x1024.jpg\" alt=\"\" width=\"353\" height=\"470\" srcset=\"https:\/\/agora.xtec.cat\/ceiptallo\/wp-content\/uploads\/usu875\/2021\/03\/1616349711782-1000-x-1332-769x1024.jpg 769w, https:\/\/agora.xtec.cat\/ceiptallo\/wp-content\/uploads\/usu875\/2021\/03\/1616349711782-1000-x-1332-225x300.jpg 225w, https:\/\/agora.xtec.cat\/ceiptallo\/wp-content\/uploads\/usu875\/2021\/03\/1616349711782-1000-x-1332-768x1023.jpg 768w, https:\/\/agora.xtec.cat\/ceiptallo\/wp-content\/uploads\/usu875\/2021\/03\/1616349711782-1000-x-1332.jpg 1000w\" sizes=\"auto, (max-width: 353px) 100vw, 353px\" \/><\/a><\/p>\n<p>&nbsp;<\/p>\n","protected":false},"excerpt":{"rendered":"<p>Anem avan\u00e7ant el projecte del pati i despr\u00e9s d&#8217;algunes reflexions a l&#8217;aula, entre tots els cursos, hem fet llista de propostes del qu\u00e8 ens agradaria que hi hagu\u00e9s.Com veieu la llista \u00e9s llarga aix\u00ed que caldr\u00e0, reflexionar, prioritzar i seleccionar quines propostes tirem endavant.Us seguirem informant com ho fem!!!!&hellip;  <a href=\"https:\/\/agora.xtec.cat\/ceiptallo\/general\/pluja-didees-pel-pati\/\" title=\"Read PLUJA D&#8217;IDEES PEL PATI\">Llegeix m\u00e9s\u00bb<\/a><\/p>\n","protected":false},"author":1,"featured_media":4387,"comment_status":"open","ping_status":"closed","sticky":false,"template":"","format":"standard","meta":{"_bbp_topic_count":0,"_bbp_reply_count":0,"_bbp_total_topic_count":0,"_bbp_total_reply_count":0,"_bbp_voice_count":0,"_bbp_anonymous_reply_count":0,"_bbp_topic_count_hidden":0,"_bbp_reply_count_hidden":0,"_bbp_forum_subforum_count":0,"footnotes":""},"categories":[1,4,53],"tags":[],"class_list":["post-4386","post","type-post","status-publish","format-standard","has-post-thumbnail","hentry","category-general","category-portada","category-projecte-pati"],"post_mailing_queue_ids":[],"_links":{"self":[{"href":"https:\/\/agora.xtec.cat\/ceiptallo\/wp-json\/wp\/v2\/posts\/4386","targetHints":{"allow":["GET"]}}],"collection":[{"href":"https:\/\/agora.xtec.cat\/ceiptallo\/wp-json\/wp\/v2\/posts"}],"about":[{"href":"https:\/\/agora.xtec.cat\/ceiptallo\/wp-json\/wp\/v2\/types\/post"}],"author":[{"embeddable":true,"href":"https:\/\/agora.xtec.cat\/ceiptallo\/wp-json\/wp\/v2\/users\/1"}],"replies":[{"embeddable":true,"href":"https:\/\/agora.xtec.cat\/ceiptallo\/wp-json\/wp\/v2\/comments?post=4386"}],"version-history":[{"count":3,"href":"https:\/\/agora.xtec.cat\/ceiptallo\/wp-json\/wp\/v2\/posts\/4386\/revisions"}],"predecessor-version":[{"id":4390,"href":"https:\/\/agora.xtec.cat\/ceiptallo\/wp-json\/wp\/v2\/posts\/4386\/revisions\/4390"}],"wp:featuredmedia":[{"embeddable":true,"href":"https:\/\/agora.xtec.cat\/ceiptallo\/wp-json\/wp\/v2\/media\/4387"}],"wp:attachment":[{"href":"https:\/\/agora.xtec.cat\/ceiptallo\/wp-json\/wp\/v2\/media?parent=4386"}],"wp:term":[{"taxonomy":"category","embeddable":true,"href":"https:\/\/agora.xtec.cat\/ceiptallo\/wp-json\/wp\/v2\/categories?post=4386"},{"taxonomy":"post_tag","embeddable":true,"href":"https:\/\/agora.xtec.cat\/ceiptallo\/wp-json\/wp\/v2\/tags?post=4386"}],"curies":[{"name":"wp","href":"https:\/\/api.w.org\/{rel}","templated":true}]}}