{"id":434,"date":"2018-11-29T13:50:09","date_gmt":"2018-11-29T12:50:09","guid":{"rendered":"http:\/\/agora.xtec.cat\/ceiptallo\/?p=434"},"modified":"2018-11-29T13:51:21","modified_gmt":"2018-11-29T12:51:21","slug":"resultat-eleccions-consell-escolar","status":"publish","type":"post","link":"https:\/\/agora.xtec.cat\/ceiptallo\/portada\/resultat-eleccions-consell-escolar\/","title":{"rendered":"Resultat eleccions consell escolar"},"content":{"rendered":"<p>Com ja sabeu enguany hem celebrat eleccions del Consell Escolar.<\/p>\n<p>Els nous membres, escollits per votaci\u00f3,\u00a0 del sector de pares i mares s\u00f3n: Judith Trubat Ponti i Carolina Rion Tetas<\/p>\n<p>Els nous membres, escollits per votaci\u00f3,\u00a0 del sector de mestres s\u00f3n: Violant Gonz\u00e1lez Par\u00eds,\u00a0Xavier Robles Josa i\u00a0Margarita Fern\u00e1ndez Burgos<\/p>\n<p>El nou membre del sector de PAS \u00e9s:\u00a0\u00a0Marta Robles Escudero<\/p>\n<p>Aix\u00ed doncs, el <strong>CONSELL ESCOLAR<\/strong> de la nostra escola queda format per:<\/p>\n<p><u>Representant de pares i mares:\u00a0<\/u>Lourdes Caballero Prat,\u00a0Elisabet Forga Ricart,\u00a0Judith Trubat Ponti, Carolina Rion Tetas,\u00a0Sandra Martins Louren\u00e7o (AMPA)<\/p>\n<p><u>Representants de mestres:\u00a0<\/u>Laura Gispert Pons,\u00a0Ester Ur\u00f3s Gr\u00e0cia,\u00a0Violant Gonz\u00e1lez Par\u00eds,\u00a0Xavier Robles Josa,\u00a0Margarita Fern\u00e1ndez Burgos<\/p>\n<p><u>Representants de l&#8217;administraci\u00f3:\u00a0<\/u>N\u00faria Vigo Pubill,\u00a0S\u00edlvia Tosas Munt,\u00a0Aida Arnau Costa,\u00a0Marta Robles Escudero (PAS),\u00a0Laia Serra Domingo (Ajuntament)<\/p>\n","protected":false},"excerpt":{"rendered":"<p>Com ja sabeu enguany hem celebrat eleccions del Consell Escolar.&hellip;  <a href=\"https:\/\/agora.xtec.cat\/ceiptallo\/portada\/resultat-eleccions-consell-escolar\/\" title=\"Read Resultat eleccions consell escolar\">Llegeix m\u00e9s\u00bb<\/a><\/p>\n","protected":false},"author":1,"featured_media":0,"comment_status":"open","ping_status":"closed","sticky":false,"template":"","format":"standard","meta":{"_bbp_topic_count":0,"_bbp_reply_count":0,"_bbp_total_topic_count":0,"_bbp_total_reply_count":0,"_bbp_voice_count":0,"_bbp_anonymous_reply_count":0,"_bbp_topic_count_hidden":0,"_bbp_reply_count_hidden":0,"_bbp_forum_subforum_count":0,"footnotes":""},"categories":[4],"tags":[],"class_list":["post-434","post","type-post","status-publish","format-standard","hentry","category-portada"],"post_mailing_queue_ids":[],"_links":{"self":[{"href":"https:\/\/agora.xtec.cat\/ceiptallo\/wp-json\/wp\/v2\/posts\/434","targetHints":{"allow":["GET"]}}],"collection":[{"href":"https:\/\/agora.xtec.cat\/ceiptallo\/wp-json\/wp\/v2\/posts"}],"about":[{"href":"https:\/\/agora.xtec.cat\/ceiptallo\/wp-json\/wp\/v2\/types\/post"}],"author":[{"embeddable":true,"href":"https:\/\/agora.xtec.cat\/ceiptallo\/wp-json\/wp\/v2\/users\/1"}],"replies":[{"embeddable":true,"href":"https:\/\/agora.xtec.cat\/ceiptallo\/wp-json\/wp\/v2\/comments?post=434"}],"version-history":[{"count":2,"href":"https:\/\/agora.xtec.cat\/ceiptallo\/wp-json\/wp\/v2\/posts\/434\/revisions"}],"predecessor-version":[{"id":439,"href":"https:\/\/agora.xtec.cat\/ceiptallo\/wp-json\/wp\/v2\/posts\/434\/revisions\/439"}],"wp:attachment":[{"href":"https:\/\/agora.xtec.cat\/ceiptallo\/wp-json\/wp\/v2\/media?parent=434"}],"wp:term":[{"taxonomy":"category","embeddable":true,"href":"https:\/\/agora.xtec.cat\/ceiptallo\/wp-json\/wp\/v2\/categories?post=434"},{"taxonomy":"post_tag","embeddable":true,"href":"https:\/\/agora.xtec.cat\/ceiptallo\/wp-json\/wp\/v2\/tags?post=434"}],"curies":[{"name":"wp","href":"https:\/\/api.w.org\/{rel}","templated":true}]}}