{"id":3824,"date":"2020-12-30T16:39:36","date_gmt":"2020-12-30T15:39:36","guid":{"rendered":"http:\/\/agora.xtec.cat\/ceiptallo\/?p=3824"},"modified":"2020-12-30T16:40:44","modified_gmt":"2020-12-30T15:40:44","slug":"contes-de-nadal-i-de-lindia","status":"publish","type":"post","link":"https:\/\/agora.xtec.cat\/ceiptallo\/portada\/contes-de-nadal-i-de-lindia\/","title":{"rendered":"CONTES DE NADAL I DE L&#8217;\u00cdNDIA"},"content":{"rendered":"<p>Des de la Fundaci\u00f3 Vicente Ferrer, on tenim apadrinada la Sree Vani amb l&#8217;AFA, ens envien aquest missatge:<\/p>\n<p><span style=\"color: #008000;\">Sabem que aquest any no ha estat f\u00e0cil per ning\u00fa. No ens podem abra\u00e7ar, no ens podem fer petons, per\u00f2 aquesta pand\u00e8mia no ens podr\u00e0 treure la il\u00b7lusi\u00f3 de compartir amb vosaltres un moment m\u00e0gic.<\/span><\/p>\n<p><span style=\"color: #008000;\">Esperem que vosaltres tamb\u00e9 el pugueu compartir amb l\u2019alumnat de l\u2019escola i les seves fam\u00edlies, per fer-los arribar els nostres millors desitjos per un 2021 ple de salut, pau i solidaritat.<\/span><\/p>\n<p><span style=\"color: #008000;\">L\u2019\u00cdndia i el Nadal s\u2019uneixen en dos contes explicats per la Gina Clotet, una de les millors narradores orals de Catalunya, i l\u2019Helena Quesada, companya de la Fundaci\u00f3 Vicente Ferrer.<\/span><\/p>\n<p>Cliqueu la imatge per escoltar-los!!!<\/p>\n<p><a href=\"https:\/\/vimeo.com\/492394459\/49155ed92e\" target=\"_blank\" rel=\"noopener noreferrer\"><img loading=\"lazy\" decoding=\"async\" class=\"alignnone size-full wp-image-3827\" src=\"https:\/\/agora.xtec.cat\/ceiptallo\/wp-content\/uploads\/usu875\/2020\/12\/unnamed.jpg\" alt=\"\" width=\"540\" height=\"284\" srcset=\"https:\/\/agora.xtec.cat\/ceiptallo\/wp-content\/uploads\/usu875\/2020\/12\/unnamed.jpg 540w, https:\/\/agora.xtec.cat\/ceiptallo\/wp-content\/uploads\/usu875\/2020\/12\/unnamed-300x158.jpg 300w\" sizes=\"auto, (max-width: 540px) 100vw, 540px\" \/><\/a><\/p>\n<p>&nbsp;<\/p>\n","protected":false},"excerpt":{"rendered":"<p>Des de la Fundaci\u00f3 Vicente Ferrer, on tenim apadrinada la Sree Vani amb l&#8217;AFA, ens envien aquest missatge:<br \/>\nSabem que aquest any no ha estat f\u00e0cil per ning\u00fa. No ens podem abra\u00e7ar, no ens podem fer petons, per\u00f2 aquesta pand\u00e8mia no ens podr\u00e0 treure la il\u00b7lusi\u00f3 de compartir amb vosaltres un moment m\u00e0gic.&hellip;  <a href=\"https:\/\/agora.xtec.cat\/ceiptallo\/portada\/contes-de-nadal-i-de-lindia\/\" title=\"Read CONTES DE NADAL I DE L&#8217;\u00cdNDIA\">Llegeix m\u00e9s\u00bb<\/a><\/p>\n","protected":false},"author":1,"featured_media":3827,"comment_status":"open","ping_status":"closed","sticky":false,"template":"","format":"standard","meta":{"_bbp_topic_count":0,"_bbp_reply_count":0,"_bbp_total_topic_count":0,"_bbp_total_reply_count":0,"_bbp_voice_count":0,"_bbp_anonymous_reply_count":0,"_bbp_topic_count_hidden":0,"_bbp_reply_count_hidden":0,"_bbp_forum_subforum_count":0,"footnotes":""},"categories":[51,4],"tags":[],"class_list":["post-3824","post","type-post","status-publish","format-standard","has-post-thumbnail","hentry","category-sree-vani","category-portada"],"post_mailing_queue_ids":[],"_links":{"self":[{"href":"https:\/\/agora.xtec.cat\/ceiptallo\/wp-json\/wp\/v2\/posts\/3824","targetHints":{"allow":["GET"]}}],"collection":[{"href":"https:\/\/agora.xtec.cat\/ceiptallo\/wp-json\/wp\/v2\/posts"}],"about":[{"href":"https:\/\/agora.xtec.cat\/ceiptallo\/wp-json\/wp\/v2\/types\/post"}],"author":[{"embeddable":true,"href":"https:\/\/agora.xtec.cat\/ceiptallo\/wp-json\/wp\/v2\/users\/1"}],"replies":[{"embeddable":true,"href":"https:\/\/agora.xtec.cat\/ceiptallo\/wp-json\/wp\/v2\/comments?post=3824"}],"version-history":[{"count":3,"href":"https:\/\/agora.xtec.cat\/ceiptallo\/wp-json\/wp\/v2\/posts\/3824\/revisions"}],"predecessor-version":[{"id":3829,"href":"https:\/\/agora.xtec.cat\/ceiptallo\/wp-json\/wp\/v2\/posts\/3824\/revisions\/3829"}],"wp:featuredmedia":[{"embeddable":true,"href":"https:\/\/agora.xtec.cat\/ceiptallo\/wp-json\/wp\/v2\/media\/3827"}],"wp:attachment":[{"href":"https:\/\/agora.xtec.cat\/ceiptallo\/wp-json\/wp\/v2\/media?parent=3824"}],"wp:term":[{"taxonomy":"category","embeddable":true,"href":"https:\/\/agora.xtec.cat\/ceiptallo\/wp-json\/wp\/v2\/categories?post=3824"},{"taxonomy":"post_tag","embeddable":true,"href":"https:\/\/agora.xtec.cat\/ceiptallo\/wp-json\/wp\/v2\/tags?post=3824"}],"curies":[{"name":"wp","href":"https:\/\/api.w.org\/{rel}","templated":true}]}}