{"id":3762,"date":"2020-12-21T12:13:43","date_gmt":"2020-12-21T11:13:43","guid":{"rendered":"http:\/\/agora.xtec.cat\/ceiptallo\/?p=3762"},"modified":"2020-12-21T13:02:33","modified_gmt":"2020-12-21T12:02:33","slug":"comissio-pati","status":"publish","type":"post","link":"https:\/\/agora.xtec.cat\/ceiptallo\/general\/comissio-pati\/","title":{"rendered":"QUI FORMA LA COMISSI\u00d3 PATI?"},"content":{"rendered":"<p>Per a impulsar aquesta transformaci\u00f3 del pati, s&#8217;ha creat una <span style=\"color: #008000;\">COMISSI\u00d3<\/span> formada per membres de l&#8217;equip directiu, mestres, fam\u00edlies i Ajuntament. A continuaci\u00f3 en detallem els noms:<\/p>\n<table style=\"width: 575px;\">\n<tbody>\n<tr>\n<td style=\"width: 184px; text-align: center;\"><strong>Equip directiu<\/strong><\/td>\n<td style=\"width: 383px;\">Jordi Mestres (director)<\/p>\n<p>Judith Ganyet (cap d&#8217;estudis)<\/td>\n<\/tr>\n<tr>\n<td style=\"width: 184px; text-align: center;\"><strong>Mestres<\/strong><\/td>\n<td style=\"width: 383px;\">M\u00edriam P\u00e9rez (mestra de m\u00fasica)<\/p>\n<p>S\u00f2nia Beltr\u00e1n (mestra d&#8217;angl\u00e8s)<\/td>\n<\/tr>\n<tr>\n<td style=\"width: 184px; text-align: center;\"><strong>Fam\u00edlies<\/strong><\/td>\n<td style=\"width: 383px;\">Anna Merino (mare del Rai de P4)<\/p>\n<p>Marta Romeu (mare de la Pau de P4)<\/p>\n<p>Lourdes Capdevila (mare de l&#8217;Aina de P4 i de l&#8217;Iris de 3r)<\/p>\n<p>Anna Rodr\u00edguez (mare del Max de P5 i de l&#8217;Izan\u00a0 de 6\u00e8)<\/p>\n<p>Arantxa Baucells (mare de la Sofia de 2n)<\/p>\n<p>Ester Redondo (mare de la Mar de 2n)<\/p>\n<p>N\u00faria Meya (mare del Pau de 4t i del Jan de 6\u00e8)<\/td>\n<\/tr>\n<tr>\n<td style=\"width: 184px; text-align: center;\"><strong style=\"background-color: #ffffff;\">Ajuntament<\/strong><\/td>\n<td style=\"width: 383px;\"><span style=\"background-color: #ffffff;\">Laia Serra (mare de la Ivet de 5\u00e8)<\/span><\/td>\n<\/tr>\n<\/tbody>\n<\/table>\n<p>&nbsp;<\/p>\n<p>Si alguna fam\u00edlia m\u00e9s s&#8217;hi vol afegir, ser\u00e0 benvinguda! Necessitem l&#8217;ajuda de tothom!<\/p>\n","protected":false},"excerpt":{"rendered":"<p>Per a impulsar aquesta transformaci\u00f3 del pati, s&#8217;ha creat una COMISSI\u00d3 formada per membres de l&#8217;equip directiu, mestres, fam\u00edlies i Ajuntament. A continuaci\u00f3 en detallem els noms:&hellip;  <a href=\"https:\/\/agora.xtec.cat\/ceiptallo\/general\/comissio-pati\/\" title=\"Read QUI FORMA LA COMISSI\u00d3 PATI?\">Llegeix m\u00e9s\u00bb<\/a><\/p>\n","protected":false},"author":1,"featured_media":0,"comment_status":"open","ping_status":"closed","sticky":false,"template":"","format":"standard","meta":{"_bbp_topic_count":0,"_bbp_reply_count":0,"_bbp_total_topic_count":0,"_bbp_total_reply_count":0,"_bbp_voice_count":0,"_bbp_anonymous_reply_count":0,"_bbp_topic_count_hidden":0,"_bbp_reply_count_hidden":0,"_bbp_forum_subforum_count":0,"footnotes":""},"categories":[1,53],"tags":[],"class_list":["post-3762","post","type-post","status-publish","format-standard","hentry","category-general","category-projecte-pati"],"post_mailing_queue_ids":[],"_links":{"self":[{"href":"https:\/\/agora.xtec.cat\/ceiptallo\/wp-json\/wp\/v2\/posts\/3762","targetHints":{"allow":["GET"]}}],"collection":[{"href":"https:\/\/agora.xtec.cat\/ceiptallo\/wp-json\/wp\/v2\/posts"}],"about":[{"href":"https:\/\/agora.xtec.cat\/ceiptallo\/wp-json\/wp\/v2\/types\/post"}],"author":[{"embeddable":true,"href":"https:\/\/agora.xtec.cat\/ceiptallo\/wp-json\/wp\/v2\/users\/1"}],"replies":[{"embeddable":true,"href":"https:\/\/agora.xtec.cat\/ceiptallo\/wp-json\/wp\/v2\/comments?post=3762"}],"version-history":[{"count":3,"href":"https:\/\/agora.xtec.cat\/ceiptallo\/wp-json\/wp\/v2\/posts\/3762\/revisions"}],"predecessor-version":[{"id":3796,"href":"https:\/\/agora.xtec.cat\/ceiptallo\/wp-json\/wp\/v2\/posts\/3762\/revisions\/3796"}],"wp:attachment":[{"href":"https:\/\/agora.xtec.cat\/ceiptallo\/wp-json\/wp\/v2\/media?parent=3762"}],"wp:term":[{"taxonomy":"category","embeddable":true,"href":"https:\/\/agora.xtec.cat\/ceiptallo\/wp-json\/wp\/v2\/categories?post=3762"},{"taxonomy":"post_tag","embeddable":true,"href":"https:\/\/agora.xtec.cat\/ceiptallo\/wp-json\/wp\/v2\/tags?post=3762"}],"curies":[{"name":"wp","href":"https:\/\/api.w.org\/{rel}","templated":true}]}}