{"id":317,"date":"2018-10-15T11:54:37","date_gmt":"2018-10-15T09:54:37","guid":{"rendered":"http:\/\/agora.xtec.cat\/ceiptallo\/?p=317"},"modified":"2018-10-15T12:02:08","modified_gmt":"2018-10-15T10:02:08","slug":"finalistes-dibuix-fira-ramadera","status":"publish","type":"post","link":"https:\/\/agora.xtec.cat\/ceiptallo\/general\/finalistes-dibuix-fira-ramadera\/","title":{"rendered":"FINALISTES DIBUIX FIRA RAMADERA"},"content":{"rendered":"<p><a href=\"https:\/\/agora.xtec.cat\/ceiptallo\/wp-content\/uploads\/usu875\/2018\/10\/Dibuix-guanyador-fira-ramadera-2018_19-1717-x-1204.jpg\"><img loading=\"lazy\" decoding=\"async\" class=\"size-large wp-image-318 alignnone\" src=\"https:\/\/agora.xtec.cat\/ceiptallo\/wp-content\/uploads\/usu875\/2018\/10\/Dibuix-guanyador-fira-ramadera-2018_19-1717-x-1204-1024x718.jpg\" alt=\"\" width=\"1024\" height=\"718\" srcset=\"https:\/\/agora.xtec.cat\/ceiptallo\/wp-content\/uploads\/usu875\/2018\/10\/Dibuix-guanyador-fira-ramadera-2018_19-1717-x-1204-1024x718.jpg 1024w, https:\/\/agora.xtec.cat\/ceiptallo\/wp-content\/uploads\/usu875\/2018\/10\/Dibuix-guanyador-fira-ramadera-2018_19-1717-x-1204-300x210.jpg 300w, https:\/\/agora.xtec.cat\/ceiptallo\/wp-content\/uploads\/usu875\/2018\/10\/Dibuix-guanyador-fira-ramadera-2018_19-1717-x-1204-768x539.jpg 768w, https:\/\/agora.xtec.cat\/ceiptallo\/wp-content\/uploads\/usu875\/2018\/10\/Dibuix-guanyador-fira-ramadera-2018_19-1717-x-1204.jpg 1717w\" sizes=\"auto, (max-width: 1024px) 100vw, 1024px\" \/><\/a><\/p>\n<p>Com cada any, hem participat al concurs del dibuix\u00a0 del cartell de la Fira Ramadera de Bellver. Els finalistes de cada curs s\u00f3n:<\/p>\n<p>P3: J\u00falia Bosom<\/p>\n<p>P4: Bruna Palomares<\/p>\n<p>P5: Gina Contreras<\/p>\n<p>1r: Judit Herraiz<\/p>\n<p>2n: Pau Vigo<\/p>\n<p><strong>3r: Joana Hoyos<\/strong>\u00a0 (GUANYADORA)<\/p>\n<p>4t: Berta Herraiz<\/p>\n<p>5\u00e8: Laia \u00c1lvarez<\/p>\n<p>6\u00e8: Esteban Rodr\u00edguez<\/p>\n<p>El dia\u00a0<strong>11 d&#8217;octubre <\/strong>es va fer entrega del premis. Enhorabona a tots\/es!<\/p>\n<p>&nbsp;<\/p>\n<p>El n\u00famero premiat de la loteria que Van vendre els alumnes de 5\u00e8 i 6\u00e8 \u00e8s: <strong>1459<\/strong><\/p>\n","protected":false},"excerpt":{"rendered":"<p>Com cada any, hem participat al concurs del dibuix  del cartell de la Fira Ramadera de Bellver.&hellip;  <a href=\"https:\/\/agora.xtec.cat\/ceiptallo\/general\/finalistes-dibuix-fira-ramadera\/\" title=\"Read FINALISTES DIBUIX FIRA RAMADERA\">Llegeix m\u00e9s\u00bb<\/a><\/p>\n","protected":false},"author":1,"featured_media":320,"comment_status":"open","ping_status":"closed","sticky":false,"template":"","format":"standard","meta":{"_bbp_topic_count":0,"_bbp_reply_count":0,"_bbp_total_topic_count":0,"_bbp_total_reply_count":0,"_bbp_voice_count":0,"_bbp_anonymous_reply_count":0,"_bbp_topic_count_hidden":0,"_bbp_reply_count_hidden":0,"_bbp_forum_subforum_count":0,"footnotes":""},"categories":[1,4],"tags":[],"class_list":["post-317","post","type-post","status-publish","format-standard","has-post-thumbnail","hentry","category-general","category-portada"],"post_mailing_queue_ids":[],"_links":{"self":[{"href":"https:\/\/agora.xtec.cat\/ceiptallo\/wp-json\/wp\/v2\/posts\/317","targetHints":{"allow":["GET"]}}],"collection":[{"href":"https:\/\/agora.xtec.cat\/ceiptallo\/wp-json\/wp\/v2\/posts"}],"about":[{"href":"https:\/\/agora.xtec.cat\/ceiptallo\/wp-json\/wp\/v2\/types\/post"}],"author":[{"embeddable":true,"href":"https:\/\/agora.xtec.cat\/ceiptallo\/wp-json\/wp\/v2\/users\/1"}],"replies":[{"embeddable":true,"href":"https:\/\/agora.xtec.cat\/ceiptallo\/wp-json\/wp\/v2\/comments?post=317"}],"version-history":[{"count":3,"href":"https:\/\/agora.xtec.cat\/ceiptallo\/wp-json\/wp\/v2\/posts\/317\/revisions"}],"predecessor-version":[{"id":322,"href":"https:\/\/agora.xtec.cat\/ceiptallo\/wp-json\/wp\/v2\/posts\/317\/revisions\/322"}],"wp:featuredmedia":[{"embeddable":true,"href":"https:\/\/agora.xtec.cat\/ceiptallo\/wp-json\/wp\/v2\/media\/320"}],"wp:attachment":[{"href":"https:\/\/agora.xtec.cat\/ceiptallo\/wp-json\/wp\/v2\/media?parent=317"}],"wp:term":[{"taxonomy":"category","embeddable":true,"href":"https:\/\/agora.xtec.cat\/ceiptallo\/wp-json\/wp\/v2\/categories?post=317"},{"taxonomy":"post_tag","embeddable":true,"href":"https:\/\/agora.xtec.cat\/ceiptallo\/wp-json\/wp\/v2\/tags?post=317"}],"curies":[{"name":"wp","href":"https:\/\/api.w.org\/{rel}","templated":true}]}}