{"id":2835,"date":"2020-10-19T11:42:12","date_gmt":"2020-10-19T09:42:12","guid":{"rendered":"http:\/\/agora.xtec.cat\/ceiptallo\/?p=2835"},"modified":"2020-10-19T11:49:54","modified_gmt":"2020-10-19T09:49:54","slug":"setmana-bio-natura","status":"publish","type":"post","link":"https:\/\/agora.xtec.cat\/ceiptallo\/portada\/setmana-bio-natura\/","title":{"rendered":"COMENCEM SETMANA BIO &#8211; NATURA!!!"},"content":{"rendered":"<p><a href=\"https:\/\/agora.xtec.cat\/ceiptallo\/wp-content\/uploads\/usu875\/2020\/10\/SetmanaBio.jpg\"><img loading=\"lazy\" decoding=\"async\" class=\"wp-image-2837 alignleft\" src=\"https:\/\/agora.xtec.cat\/ceiptallo\/wp-content\/uploads\/usu875\/2020\/10\/SetmanaBio.jpg\" alt=\"\" width=\"481\" height=\"251\" srcset=\"https:\/\/agora.xtec.cat\/ceiptallo\/wp-content\/uploads\/usu875\/2020\/10\/SetmanaBio.jpg 900w, https:\/\/agora.xtec.cat\/ceiptallo\/wp-content\/uploads\/usu875\/2020\/10\/SetmanaBio-300x157.jpg 300w, https:\/\/agora.xtec.cat\/ceiptallo\/wp-content\/uploads\/usu875\/2020\/10\/SetmanaBio-768x401.jpg 768w\" sizes=\"auto, (max-width: 481px) 100vw, 481px\" \/><\/a><\/p>\n<p>Des de l\u2019escola, un any m\u00e9s,\u00a0 hem organitzat activitats per celebrar la setmana BIO \u2013 Natura.<\/p>\n<p>Avui comencem les diferents activitats, es faran xerrades, tallers, sortides&#8230;<\/p>\n<p>El menjador escolar tamb\u00e9 participar\u00e0 en aquesta setmana. Cada dia es faran \u201cxips\u201d d\u2019algun producte (pastanaga, moniato, carbass\u00f3&#8230;) i les activitats guiades es modificaran i estaran relacionades amb la setmana Bio-Natura.<\/p>\n<p>A continuaci\u00f3 us detallem les activitats que es duran a terme:<\/p>\n<p>&nbsp;<\/p>\n<p>&nbsp;<\/p>\n<p><strong><span style=\"color: #99cc00;\">DILLUNS 19 D&#8217;OCTUBRE<\/span><\/strong><br \/>\n\u00b7 C. Superior (5\u00e8 i 6\u00e8) Sortida tot el dia en bicicleta. Visita i taller de tast a les pomeres de N\u00e8fol.<br \/>\n\u00b7 P4 Sortida de tardor (tot el mat\u00ed).<br \/>\n\u00b7 2n Xerrada de l\u2019Esquella a l\u2019escola (9:30 \u2013 10:15h)<br \/>\n\u00b7 1r Xerrada de l\u2019Esquella a l\u2019escola (10:15 \u2013 11:00 h)<\/p>\n<p><strong><span style=\"color: #99cc00;\">DIMARTS 20 D&#8217;OCTUBRE<\/span><\/strong><br \/>\n\u00b7 C. Mitj\u00e0 (3r i 4t) Sortida Parc Natural Cad\u00ed Moixer\u00f3 (mat\u00ed)<br \/>\n\u00b7 C. Mitj\u00e0 (3r i 4t) Xerrada a l\u2019escola (tarda) \u201cQu\u00e8 passa al parc?\u201d<br \/>\n\u00b7 1r Taller d\u2019hamburgueses amb Ecopyrene (tarda)<\/p>\n<p><strong><span style=\"color: #99cc00;\">DIMECRES 21 D&#8217;OCTUBRE<\/span><\/strong><br \/>\n\u00b7 P5 Sortida de tardor (tot el mat\u00ed).<\/p>\n<p><strong><span style=\"color: #99cc00;\">DIJOUS 22 D&#8217;OCTUBRE<\/span><\/strong><br \/>\n\u00b7 5\u00e8 Xerrada a l\u2019escola \u201cLagrimus\u201d (9:00 \u201310:00h)<br \/>\n\u00b7 6\u00e8 Xerrada a l\u2019escola \u201cLagrimus\u201d (10:00 \u201311:00h)<br \/>\n\u00b7 P5 Taller d\u2019hamburgueses amb Ecopyrene (tarda)<\/p>\n<p><strong><span style=\"color: #99cc00;\">DIVENDRES 23 D&#8217;OCTUBRE<\/span><\/strong><br \/>\n\u00b7 P3 Sortida de tardor (tot el mat\u00ed).<br \/>\n\u00b7 2n Visita a la gelateria Pyreneum (9:00 \u2013 11:30h)<br \/>\n\u00b7 4t Xerrada pomes ecol\u00f2giques (9:00 \u2013 9:45h)<br \/>\n\u00b7 3r Xerrada pomes ecol\u00f2giques (9:45 \u2013 10:30h)<\/p>\n<p>&nbsp;<\/p>\n","protected":false},"excerpt":{"rendered":"<p>Des de l\u2019escola, un any m\u00e9s,\u00a0 hem organitzat activitats per celebrar la setmana BIO \u2013 Natura.\u00a0Avui comencem les diferents activitats, es faran xerrades, tallers, sortides..El menjador escolar tamb\u00e9 participar\u00e0 en aquesta setmana. Cada dia es faran \u201cxips\u201d d\u2019algun producte (pastanaga, moniato, carbass\u00f3&#8230;) i les activitats guiades es modificaran i estaran relacionades amb la setmana Bio-Natura.&hellip;  <a href=\"https:\/\/agora.xtec.cat\/ceiptallo\/portada\/setmana-bio-natura\/\" title=\"Read COMENCEM SETMANA BIO &#8211; NATURA!!!\">Llegeix m\u00e9s\u00bb<\/a><\/p>\n","protected":false},"author":1,"featured_media":2837,"comment_status":"open","ping_status":"closed","sticky":false,"template":"","format":"standard","meta":{"_bbp_topic_count":0,"_bbp_reply_count":0,"_bbp_total_topic_count":0,"_bbp_total_reply_count":0,"_bbp_voice_count":0,"_bbp_anonymous_reply_count":0,"_bbp_topic_count_hidden":0,"_bbp_reply_count_hidden":0,"_bbp_forum_subforum_count":0,"footnotes":""},"categories":[4],"tags":[],"class_list":["post-2835","post","type-post","status-publish","format-standard","has-post-thumbnail","hentry","category-portada"],"post_mailing_queue_ids":[],"_links":{"self":[{"href":"https:\/\/agora.xtec.cat\/ceiptallo\/wp-json\/wp\/v2\/posts\/2835","targetHints":{"allow":["GET"]}}],"collection":[{"href":"https:\/\/agora.xtec.cat\/ceiptallo\/wp-json\/wp\/v2\/posts"}],"about":[{"href":"https:\/\/agora.xtec.cat\/ceiptallo\/wp-json\/wp\/v2\/types\/post"}],"author":[{"embeddable":true,"href":"https:\/\/agora.xtec.cat\/ceiptallo\/wp-json\/wp\/v2\/users\/1"}],"replies":[{"embeddable":true,"href":"https:\/\/agora.xtec.cat\/ceiptallo\/wp-json\/wp\/v2\/comments?post=2835"}],"version-history":[{"count":2,"href":"https:\/\/agora.xtec.cat\/ceiptallo\/wp-json\/wp\/v2\/posts\/2835\/revisions"}],"predecessor-version":[{"id":2839,"href":"https:\/\/agora.xtec.cat\/ceiptallo\/wp-json\/wp\/v2\/posts\/2835\/revisions\/2839"}],"wp:featuredmedia":[{"embeddable":true,"href":"https:\/\/agora.xtec.cat\/ceiptallo\/wp-json\/wp\/v2\/media\/2837"}],"wp:attachment":[{"href":"https:\/\/agora.xtec.cat\/ceiptallo\/wp-json\/wp\/v2\/media?parent=2835"}],"wp:term":[{"taxonomy":"category","embeddable":true,"href":"https:\/\/agora.xtec.cat\/ceiptallo\/wp-json\/wp\/v2\/categories?post=2835"},{"taxonomy":"post_tag","embeddable":true,"href":"https:\/\/agora.xtec.cat\/ceiptallo\/wp-json\/wp\/v2\/tags?post=2835"}],"curies":[{"name":"wp","href":"https:\/\/api.w.org\/{rel}","templated":true}]}}