{"id":2827,"date":"2020-10-14T17:57:35","date_gmt":"2020-10-14T15:57:35","guid":{"rendered":"http:\/\/agora.xtec.cat\/ceiptallo\/?p=2827"},"modified":"2020-10-14T17:58:41","modified_gmt":"2020-10-14T15:58:41","slug":"premis-fira-ramadera-i-jocs-florals","status":"publish","type":"post","link":"https:\/\/agora.xtec.cat\/ceiptallo\/general\/premis-fira-ramadera-i-jocs-florals\/","title":{"rendered":"Premis fira ramadera i jocs florals"},"content":{"rendered":"<h6>Avui han vingut, a l&#8217;escola, l&#8217;alcalde i la Carol, per repartir els premis del concurs de dibuix de la fira ramadera.<\/h6>\n<h6><\/h6>\n<h6>Els finalistes han estat:<a href=\"https:\/\/agora.xtec.cat\/ceiptallo\/wp-content\/uploads\/usu875\/2020\/10\/0280800d.jpg\"><img loading=\"lazy\" decoding=\"async\" class=\"size-full wp-image-2828 alignright\" src=\"https:\/\/agora.xtec.cat\/ceiptallo\/wp-content\/uploads\/usu875\/2020\/10\/0280800d.jpg\" alt=\"\" width=\"600\" height=\"277\" srcset=\"https:\/\/agora.xtec.cat\/ceiptallo\/wp-content\/uploads\/usu875\/2020\/10\/0280800d.jpg 600w, https:\/\/agora.xtec.cat\/ceiptallo\/wp-content\/uploads\/usu875\/2020\/10\/0280800d-300x139.jpg 300w\" sizes=\"auto, (max-width: 600px) 100vw, 600px\" \/><\/a><\/h6>\n<ul>\n<li>P.3 Abril<\/li>\n<li>P.4 Aran<\/li>\n<li>P.5 Ariadna<\/li>\n<li>1r J\u00falia<\/li>\n<li>2n Mar (guanyadora del concurs)<\/li>\n<li>3r Maria<\/li>\n<li>4t Pau<\/li>\n<li>5\u00e8 J\u00falia<\/li>\n<li>6\u00e8 Aitana<\/li>\n<\/ul>\n<h6><\/h6>\n<h6><\/h6>\n<h6>S&#8217;ha aprofitat l&#8217;ocasi\u00f3 per fer el sorteig de la fira, qui ser\u00e0 l&#8217;afortunat\/da? El n\u00famero premiat ha estat:<\/h6>\n<h1>\u00a0<span style=\"color: #99cc00;\">3541\u00a0<\/span><\/h1>\n<h6><\/h6>\n<h6><\/h6>\n<h6>Tamb\u00e9 s&#8217;han repartit els llibres als guanyadors\/es dels jocs florals d&#8217;Alp, que han estat:<\/h6>\n<ul>\n<li>3r Nat\u00e0lia Ricart, Adri\u00e0 Martell i Mart\u00ed Vi\u00f1as<\/li>\n<li>4t:Nil Rif\u00e9<\/li>\n<\/ul>\n<h6><a href=\"https:\/\/agora.xtec.cat\/ceiptallo\/wp-content\/uploads\/usu875\/2020\/10\/d638397b.jpg\"><img loading=\"lazy\" decoding=\"async\" class=\"alignnone size-full wp-image-2829\" src=\"https:\/\/agora.xtec.cat\/ceiptallo\/wp-content\/uploads\/usu875\/2020\/10\/d638397b.jpg\" alt=\"\" width=\"600\" height=\"277\" srcset=\"https:\/\/agora.xtec.cat\/ceiptallo\/wp-content\/uploads\/usu875\/2020\/10\/d638397b.jpg 600w, https:\/\/agora.xtec.cat\/ceiptallo\/wp-content\/uploads\/usu875\/2020\/10\/d638397b-300x139.jpg 300w\" sizes=\"auto, (max-width: 600px) 100vw, 600px\" \/><\/a><\/h6>\n<p>&nbsp;<\/p>\n<p>&nbsp;<\/p>\n","protected":false},"excerpt":{"rendered":"<p>Avui han vingut, a l&#8217;escola, l&#8217;alcalde i la Carol, per repartir els premis de concurs de dibuix de la fira ramadera.&hellip;  <a href=\"https:\/\/agora.xtec.cat\/ceiptallo\/general\/premis-fira-ramadera-i-jocs-florals\/\" title=\"Read Premis fira ramadera i jocs florals\">Llegeix m\u00e9s\u00bb<\/a><\/p>\n","protected":false},"author":1,"featured_media":2828,"comment_status":"open","ping_status":"closed","sticky":false,"template":"","format":"standard","meta":{"_bbp_topic_count":0,"_bbp_reply_count":0,"_bbp_total_topic_count":0,"_bbp_total_reply_count":0,"_bbp_voice_count":0,"_bbp_anonymous_reply_count":0,"_bbp_topic_count_hidden":0,"_bbp_reply_count_hidden":0,"_bbp_forum_subforum_count":0,"footnotes":""},"categories":[1,4],"tags":[],"class_list":["post-2827","post","type-post","status-publish","format-standard","has-post-thumbnail","hentry","category-general","category-portada"],"post_mailing_queue_ids":[],"_links":{"self":[{"href":"https:\/\/agora.xtec.cat\/ceiptallo\/wp-json\/wp\/v2\/posts\/2827","targetHints":{"allow":["GET"]}}],"collection":[{"href":"https:\/\/agora.xtec.cat\/ceiptallo\/wp-json\/wp\/v2\/posts"}],"about":[{"href":"https:\/\/agora.xtec.cat\/ceiptallo\/wp-json\/wp\/v2\/types\/post"}],"author":[{"embeddable":true,"href":"https:\/\/agora.xtec.cat\/ceiptallo\/wp-json\/wp\/v2\/users\/1"}],"replies":[{"embeddable":true,"href":"https:\/\/agora.xtec.cat\/ceiptallo\/wp-json\/wp\/v2\/comments?post=2827"}],"version-history":[{"count":2,"href":"https:\/\/agora.xtec.cat\/ceiptallo\/wp-json\/wp\/v2\/posts\/2827\/revisions"}],"predecessor-version":[{"id":2831,"href":"https:\/\/agora.xtec.cat\/ceiptallo\/wp-json\/wp\/v2\/posts\/2827\/revisions\/2831"}],"wp:featuredmedia":[{"embeddable":true,"href":"https:\/\/agora.xtec.cat\/ceiptallo\/wp-json\/wp\/v2\/media\/2828"}],"wp:attachment":[{"href":"https:\/\/agora.xtec.cat\/ceiptallo\/wp-json\/wp\/v2\/media?parent=2827"}],"wp:term":[{"taxonomy":"category","embeddable":true,"href":"https:\/\/agora.xtec.cat\/ceiptallo\/wp-json\/wp\/v2\/categories?post=2827"},{"taxonomy":"post_tag","embeddable":true,"href":"https:\/\/agora.xtec.cat\/ceiptallo\/wp-json\/wp\/v2\/tags?post=2827"}],"curies":[{"name":"wp","href":"https:\/\/api.w.org\/{rel}","templated":true}]}}