{"id":2741,"date":"2020-09-10T13:11:52","date_gmt":"2020-09-10T11:11:52","guid":{"rendered":"http:\/\/agora.xtec.cat\/ceiptallo\/?p=2741"},"modified":"2020-09-10T13:11:52","modified_gmt":"2020-09-10T11:11:52","slug":"comenca-un-nou-curs","status":"publish","type":"post","link":"https:\/\/agora.xtec.cat\/ceiptallo\/general\/comenca-un-nou-curs\/","title":{"rendered":"COMEN\u00c7A UN NOU CURS!!"},"content":{"rendered":"<p>Ja tornem a ser aqu\u00ed per comen\u00e7ar un nou curs amb moltes ganes i energies renovades.<\/p>\n<p>Recordeu que aquest any tots i totes haurem de complir <strong>3 normes b\u00e0siques i<\/strong> seguir els protocols marcats de l&#8217;escola i el Departament d&#8217;Ensenyament.<\/p>\n<p>&nbsp;<\/p>\n<p><a href=\"https:\/\/agora.xtec.cat\/ceiptallo\/wp-content\/uploads\/usu875\/2020\/09\/distancia.jpg\"><img loading=\"lazy\" decoding=\"async\" class=\"alignnone  wp-image-2742\" src=\"https:\/\/agora.xtec.cat\/ceiptallo\/wp-content\/uploads\/usu875\/2020\/09\/distancia.jpg\" alt=\"\" width=\"286\" height=\"157\" srcset=\"https:\/\/agora.xtec.cat\/ceiptallo\/wp-content\/uploads\/usu875\/2020\/09\/distancia.jpg 1025w, https:\/\/agora.xtec.cat\/ceiptallo\/wp-content\/uploads\/usu875\/2020\/09\/distancia-300x165.jpg 300w, https:\/\/agora.xtec.cat\/ceiptallo\/wp-content\/uploads\/usu875\/2020\/09\/distancia-768x422.jpg 768w, https:\/\/agora.xtec.cat\/ceiptallo\/wp-content\/uploads\/usu875\/2020\/09\/distancia-1024x562.jpg 1024w\" sizes=\"auto, (max-width: 286px) 100vw, 286px\" \/><\/a> \u00a0 \u00a0 \u00a0 \u00a0 <a href=\"https:\/\/agora.xtec.cat\/ceiptallo\/wp-content\/uploads\/usu875\/2020\/09\/images.jpg\"><img loading=\"lazy\" decoding=\"async\" class=\"alignnone  wp-image-2747\" src=\"https:\/\/agora.xtec.cat\/ceiptallo\/wp-content\/uploads\/usu875\/2020\/09\/images.jpg\" alt=\"\" width=\"155\" height=\"155\" srcset=\"https:\/\/agora.xtec.cat\/ceiptallo\/wp-content\/uploads\/usu875\/2020\/09\/images.jpg 225w, https:\/\/agora.xtec.cat\/ceiptallo\/wp-content\/uploads\/usu875\/2020\/09\/images-150x150.jpg 150w\" sizes=\"auto, (max-width: 155px) 100vw, 155px\" \/><\/a>\u00a0 \u00a0 \u00a0 \u00a0<a href=\"https:\/\/agora.xtec.cat\/ceiptallo\/wp-content\/uploads\/usu875\/2020\/09\/rentat-mans.jpg\"><img loading=\"lazy\" decoding=\"async\" class=\"alignnone  wp-image-2745\" src=\"https:\/\/agora.xtec.cat\/ceiptallo\/wp-content\/uploads\/usu875\/2020\/09\/rentat-mans.jpg\" alt=\"\" width=\"279\" height=\"151\" srcset=\"https:\/\/agora.xtec.cat\/ceiptallo\/wp-content\/uploads\/usu875\/2020\/09\/rentat-mans.jpg 999w, https:\/\/agora.xtec.cat\/ceiptallo\/wp-content\/uploads\/usu875\/2020\/09\/rentat-mans-300x162.jpg 300w, https:\/\/agora.xtec.cat\/ceiptallo\/wp-content\/uploads\/usu875\/2020\/09\/rentat-mans-768x416.jpg 768w\" sizes=\"auto, (max-width: 279px) 100vw, 279px\" \/><\/a><\/p>\n<p>&nbsp;<\/p>\n<p>Si cliqueu a la imatge, veureu el v\u00eddeo de l&#8217;equip de mestres i PAS donant-vos la benvinguda al nou curs 2020-2021.<\/p>\n<p><a href=\"https:\/\/drive.google.com\/file\/d\/14DlV2A36bLFN8DkK_NYVQwr2cEFo5Kja\/view?usp=sharing\"><img loading=\"lazy\" decoding=\"async\" class=\"wp-image-2748 aligncenter\" src=\"https:\/\/agora.xtec.cat\/ceiptallo\/wp-content\/uploads\/usu875\/2020\/09\/turu.jpg\" alt=\"\" width=\"221\" height=\"313\" srcset=\"https:\/\/agora.xtec.cat\/ceiptallo\/wp-content\/uploads\/usu875\/2020\/09\/turu.jpg 1447w, https:\/\/agora.xtec.cat\/ceiptallo\/wp-content\/uploads\/usu875\/2020\/09\/turu-212x300.jpg 212w, https:\/\/agora.xtec.cat\/ceiptallo\/wp-content\/uploads\/usu875\/2020\/09\/turu-768x1087.jpg 768w, https:\/\/agora.xtec.cat\/ceiptallo\/wp-content\/uploads\/usu875\/2020\/09\/turu-724x1024.jpg 724w\" sizes=\"auto, (max-width: 221px) 100vw, 221px\" \/><\/a><\/p>\n<p>&nbsp;<\/p>\n<p>&nbsp;<\/p>\n<p>&nbsp;<\/p>\n","protected":false},"excerpt":{"rendered":"<p>Ja tornem a ser aqu\u00ed per comen\u00e7ar un nou curs amb moltes ganes i energies renovades.&hellip;  <a href=\"https:\/\/agora.xtec.cat\/ceiptallo\/general\/comenca-un-nou-curs\/\" title=\"Read COMEN\u00c7A UN NOU CURS!!\">Llegeix m\u00e9s\u00bb<\/a><\/p>\n","protected":false},"author":1,"featured_media":2748,"comment_status":"open","ping_status":"closed","sticky":false,"template":"","format":"standard","meta":{"_bbp_topic_count":0,"_bbp_reply_count":0,"_bbp_total_topic_count":0,"_bbp_total_reply_count":0,"_bbp_voice_count":0,"_bbp_anonymous_reply_count":0,"_bbp_topic_count_hidden":0,"_bbp_reply_count_hidden":0,"_bbp_forum_subforum_count":0,"footnotes":""},"categories":[1,4],"tags":[],"class_list":["post-2741","post","type-post","status-publish","format-standard","has-post-thumbnail","hentry","category-general","category-portada"],"post_mailing_queue_ids":[],"_links":{"self":[{"href":"https:\/\/agora.xtec.cat\/ceiptallo\/wp-json\/wp\/v2\/posts\/2741","targetHints":{"allow":["GET"]}}],"collection":[{"href":"https:\/\/agora.xtec.cat\/ceiptallo\/wp-json\/wp\/v2\/posts"}],"about":[{"href":"https:\/\/agora.xtec.cat\/ceiptallo\/wp-json\/wp\/v2\/types\/post"}],"author":[{"embeddable":true,"href":"https:\/\/agora.xtec.cat\/ceiptallo\/wp-json\/wp\/v2\/users\/1"}],"replies":[{"embeddable":true,"href":"https:\/\/agora.xtec.cat\/ceiptallo\/wp-json\/wp\/v2\/comments?post=2741"}],"version-history":[{"count":1,"href":"https:\/\/agora.xtec.cat\/ceiptallo\/wp-json\/wp\/v2\/posts\/2741\/revisions"}],"predecessor-version":[{"id":2749,"href":"https:\/\/agora.xtec.cat\/ceiptallo\/wp-json\/wp\/v2\/posts\/2741\/revisions\/2749"}],"wp:featuredmedia":[{"embeddable":true,"href":"https:\/\/agora.xtec.cat\/ceiptallo\/wp-json\/wp\/v2\/media\/2748"}],"wp:attachment":[{"href":"https:\/\/agora.xtec.cat\/ceiptallo\/wp-json\/wp\/v2\/media?parent=2741"}],"wp:term":[{"taxonomy":"category","embeddable":true,"href":"https:\/\/agora.xtec.cat\/ceiptallo\/wp-json\/wp\/v2\/categories?post=2741"},{"taxonomy":"post_tag","embeddable":true,"href":"https:\/\/agora.xtec.cat\/ceiptallo\/wp-json\/wp\/v2\/tags?post=2741"}],"curies":[{"name":"wp","href":"https:\/\/api.w.org\/{rel}","templated":true}]}}