{"id":2697,"date":"2020-05-26T10:31:31","date_gmt":"2020-05-26T08:31:31","guid":{"rendered":"http:\/\/agora.xtec.cat\/ceiptallo\/?p=2697"},"modified":"2020-05-26T10:31:31","modified_gmt":"2020-05-26T08:31:31","slug":"resultats-de-la-comissio-de-seleccio-de-directors","status":"publish","type":"post","link":"https:\/\/agora.xtec.cat\/ceiptallo\/portada\/resultats-de-la-comissio-de-seleccio-de-directors\/","title":{"rendered":"Resultats de la comissi\u00f3 de selecci\u00f3 de directors"},"content":{"rendered":"<p>El dijous dia 21 de maig es va celebrar, de forma telem\u00e0tica, el concurs de m\u00e8rits per la selecci\u00f3 del director del centre.<\/p>\n<p>Va ser presentat pel Jordi Mestres, actual director del centre.<\/p>\n<p>Podeu veure l&#8217;acta provisional dels resultats clicant la seg\u00fcent imatge:<\/p>\n<p>&nbsp;<\/p>\n<p><a href=\"http:\/\/ensenyament.gencat.cat\/web\/.content\/home\/departament\/serveis-territorials\/lleida\/personal-docent\/concurs-seleccio-direccions\/LLE-escola-2-comissio-definitiva-copy-00002-copy-00001-copy.pdf\"><img loading=\"lazy\" decoding=\"async\" class=\"alignnone  wp-image-2698\" src=\"https:\/\/agora.xtec.cat\/ceiptallo\/wp-content\/uploads\/usu875\/2020\/05\/direcciol.jpg\" alt=\"\" width=\"525\" height=\"406\" srcset=\"https:\/\/agora.xtec.cat\/ceiptallo\/wp-content\/uploads\/usu875\/2020\/05\/direcciol.jpg 1040w, https:\/\/agora.xtec.cat\/ceiptallo\/wp-content\/uploads\/usu875\/2020\/05\/direcciol-300x232.jpg 300w, https:\/\/agora.xtec.cat\/ceiptallo\/wp-content\/uploads\/usu875\/2020\/05\/direcciol-768x594.jpg 768w, https:\/\/agora.xtec.cat\/ceiptallo\/wp-content\/uploads\/usu875\/2020\/05\/direcciol-1024x792.jpg 1024w\" sizes=\"auto, (max-width: 525px) 100vw, 525px\" \/><\/a><\/p>\n<p>&nbsp;<\/p>\n<p>&nbsp;<\/p>\n","protected":false},"excerpt":{"rendered":"<p>El dijous dia 21 de maig es va celebrar, de forma telem\u00e0tica, el concurs de m\u00e8rits per la selecci\u00f3 del director del centre.\u00a0\u00a0Podeu veure l&#8217;acta provisional dels resultats clicant la seg\u00fcent imatge:\u00a0&hellip;  <a href=\"https:\/\/agora.xtec.cat\/ceiptallo\/portada\/resultats-de-la-comissio-de-seleccio-de-directors\/\" title=\"Read Resultats de la comissi\u00f3 de selecci\u00f3 de directors\">Llegeix m\u00e9s\u00bb<\/a><\/p>\n","protected":false},"author":1,"featured_media":2698,"comment_status":"open","ping_status":"closed","sticky":false,"template":"","format":"standard","meta":{"_bbp_topic_count":0,"_bbp_reply_count":0,"_bbp_total_topic_count":0,"_bbp_total_reply_count":0,"_bbp_voice_count":0,"_bbp_anonymous_reply_count":0,"_bbp_topic_count_hidden":0,"_bbp_reply_count_hidden":0,"_bbp_forum_subforum_count":0,"footnotes":""},"categories":[4],"tags":[],"class_list":["post-2697","post","type-post","status-publish","format-standard","has-post-thumbnail","hentry","category-portada"],"post_mailing_queue_ids":[],"_links":{"self":[{"href":"https:\/\/agora.xtec.cat\/ceiptallo\/wp-json\/wp\/v2\/posts\/2697","targetHints":{"allow":["GET"]}}],"collection":[{"href":"https:\/\/agora.xtec.cat\/ceiptallo\/wp-json\/wp\/v2\/posts"}],"about":[{"href":"https:\/\/agora.xtec.cat\/ceiptallo\/wp-json\/wp\/v2\/types\/post"}],"author":[{"embeddable":true,"href":"https:\/\/agora.xtec.cat\/ceiptallo\/wp-json\/wp\/v2\/users\/1"}],"replies":[{"embeddable":true,"href":"https:\/\/agora.xtec.cat\/ceiptallo\/wp-json\/wp\/v2\/comments?post=2697"}],"version-history":[{"count":1,"href":"https:\/\/agora.xtec.cat\/ceiptallo\/wp-json\/wp\/v2\/posts\/2697\/revisions"}],"predecessor-version":[{"id":2699,"href":"https:\/\/agora.xtec.cat\/ceiptallo\/wp-json\/wp\/v2\/posts\/2697\/revisions\/2699"}],"wp:featuredmedia":[{"embeddable":true,"href":"https:\/\/agora.xtec.cat\/ceiptallo\/wp-json\/wp\/v2\/media\/2698"}],"wp:attachment":[{"href":"https:\/\/agora.xtec.cat\/ceiptallo\/wp-json\/wp\/v2\/media?parent=2697"}],"wp:term":[{"taxonomy":"category","embeddable":true,"href":"https:\/\/agora.xtec.cat\/ceiptallo\/wp-json\/wp\/v2\/categories?post=2697"},{"taxonomy":"post_tag","embeddable":true,"href":"https:\/\/agora.xtec.cat\/ceiptallo\/wp-json\/wp\/v2\/tags?post=2697"}],"curies":[{"name":"wp","href":"https:\/\/api.w.org\/{rel}","templated":true}]}}