{"id":2664,"date":"2020-05-09T09:19:48","date_gmt":"2020-05-09T07:19:48","guid":{"rendered":"http:\/\/agora.xtec.cat\/ceiptallo\/?p=2664"},"modified":"2020-05-11T18:40:09","modified_gmt":"2020-05-11T16:40:09","slug":"comencen-les-preinscripcions-2","status":"publish","type":"post","link":"https:\/\/agora.xtec.cat\/ceiptallo\/general\/comencen-les-preinscripcions-2\/","title":{"rendered":"COMENCEN LES PREINSCRIPCIONS"},"content":{"rendered":"<p><a href=\"https:\/\/agora.xtec.cat\/ceiptallo\/wp-content\/uploads\/usu875\/2020\/05\/cartell.jpg\"><img loading=\"lazy\" decoding=\"async\" class=\"alignnone wp-image-2665\" src=\"https:\/\/agora.xtec.cat\/ceiptallo\/wp-content\/uploads\/usu875\/2020\/05\/cartell.jpg\" alt=\"\" width=\"675\" height=\"955\" srcset=\"https:\/\/agora.xtec.cat\/ceiptallo\/wp-content\/uploads\/usu875\/2020\/05\/cartell.jpg 1587w, https:\/\/agora.xtec.cat\/ceiptallo\/wp-content\/uploads\/usu875\/2020\/05\/cartell-212x300.jpg 212w, https:\/\/agora.xtec.cat\/ceiptallo\/wp-content\/uploads\/usu875\/2020\/05\/cartell-768x1086.jpg 768w, https:\/\/agora.xtec.cat\/ceiptallo\/wp-content\/uploads\/usu875\/2020\/05\/cartell-724x1024.jpg 724w\" sizes=\"auto, (max-width: 675px) 100vw, 675px\" \/><\/a><\/p>\n<p><strong>\u00a0Mesures de prevenci\u00f3 a seguir per a les fam\u00edlies que facin la preinscripci\u00f3 presencial:<\/strong><\/p>\n<ul>\n<li style=\"font-weight: 400;\"><span style=\"font-weight: 400;\">Al centre hi ha d\u2019anar el menor nombre possible de persones a fer les gestions, preferiblement de forma individual.<\/span><\/li>\n<li style=\"font-weight: 400;\"><span style=\"font-weight: 400;\">No poden venir al centre les persones de grups d&#8217;especial vulnerabilitat, en per\u00edode de confinament o que presentin s\u00edmptomes. En aquest cas, poden autoritzar per escrit a una altra persona a portar la sol\u00b7licitud i la documentaci\u00f3.<\/span><\/li>\n<li style=\"font-weight: 400;\"><span style=\"font-weight: 400;\">S\u2019aconsella portar el bol\u00edgraf de casa.<\/span><\/li>\n<li style=\"font-weight: 400;\"><span style=\"font-weight: 400;\">\u00c9s recomanable portar mascareta i guants.<\/span><\/li>\n<\/ul>\n<p><strong>PER M\u00c9S INFORMACI\u00d3: <a href=\"http:\/\/queestudiar.gencat.cat\/ca\/preinscripcio\/estudis\/obligatoris\/\" target=\"_blank\" rel=\"noopener noreferrer\">http:\/\/queestudiar.gencat.cat\/ca\/preinscripcio\/estudis\/obligatoris\/<\/a><\/strong><\/p>\n","protected":false},"excerpt":{"rendered":"<p>Segons les indicacions del Departament d\u2019Educaci\u00f3, a partir del 13 de maig i fins el 22, ja es podran comen\u00e7ar a fer les preinscripcions telem\u00e0ticament i a partir del dia 19 de maig i fins el 22, es podr\u00e0 fer presencialment amb cita pr\u00e8via.&hellip;  <a href=\"https:\/\/agora.xtec.cat\/ceiptallo\/general\/comencen-les-preinscripcions-2\/\" title=\"Read COMENCEN LES PREINSCRIPCIONS\">Llegeix m\u00e9s\u00bb<\/a><\/p>\n","protected":false},"author":1,"featured_media":2665,"comment_status":"open","ping_status":"closed","sticky":false,"template":"","format":"standard","meta":{"_bbp_topic_count":0,"_bbp_reply_count":0,"_bbp_total_topic_count":0,"_bbp_total_reply_count":0,"_bbp_voice_count":0,"_bbp_anonymous_reply_count":0,"_bbp_topic_count_hidden":0,"_bbp_reply_count_hidden":0,"_bbp_forum_subforum_count":0,"footnotes":""},"categories":[1,4],"tags":[],"class_list":["post-2664","post","type-post","status-publish","format-standard","has-post-thumbnail","hentry","category-general","category-portada"],"post_mailing_queue_ids":[],"_links":{"self":[{"href":"https:\/\/agora.xtec.cat\/ceiptallo\/wp-json\/wp\/v2\/posts\/2664","targetHints":{"allow":["GET"]}}],"collection":[{"href":"https:\/\/agora.xtec.cat\/ceiptallo\/wp-json\/wp\/v2\/posts"}],"about":[{"href":"https:\/\/agora.xtec.cat\/ceiptallo\/wp-json\/wp\/v2\/types\/post"}],"author":[{"embeddable":true,"href":"https:\/\/agora.xtec.cat\/ceiptallo\/wp-json\/wp\/v2\/users\/1"}],"replies":[{"embeddable":true,"href":"https:\/\/agora.xtec.cat\/ceiptallo\/wp-json\/wp\/v2\/comments?post=2664"}],"version-history":[{"count":3,"href":"https:\/\/agora.xtec.cat\/ceiptallo\/wp-json\/wp\/v2\/posts\/2664\/revisions"}],"predecessor-version":[{"id":2682,"href":"https:\/\/agora.xtec.cat\/ceiptallo\/wp-json\/wp\/v2\/posts\/2664\/revisions\/2682"}],"wp:featuredmedia":[{"embeddable":true,"href":"https:\/\/agora.xtec.cat\/ceiptallo\/wp-json\/wp\/v2\/media\/2665"}],"wp:attachment":[{"href":"https:\/\/agora.xtec.cat\/ceiptallo\/wp-json\/wp\/v2\/media?parent=2664"}],"wp:term":[{"taxonomy":"category","embeddable":true,"href":"https:\/\/agora.xtec.cat\/ceiptallo\/wp-json\/wp\/v2\/categories?post=2664"},{"taxonomy":"post_tag","embeddable":true,"href":"https:\/\/agora.xtec.cat\/ceiptallo\/wp-json\/wp\/v2\/tags?post=2664"}],"curies":[{"name":"wp","href":"https:\/\/api.w.org\/{rel}","templated":true}]}}